{"id":104820,"date":"2020-11-16T09:30:04","date_gmt":"2020-11-16T14:30:04","guid":{"rendered":"https:\/\/linitiative.ca\/International\/generation-green-un-mba-pour-preparer-les-futurs-cadres-du-secteur\/"},"modified":"2020-11-16T09:30:04","modified_gmt":"2020-11-16T14:30:04","slug":"generation-green-un-mba-pour-preparer-les-futurs-cadres-du-secteur","status":"publish","type":"post","link":"https:\/\/linitiative.ca\/International\/generation-green-un-mba-pour-preparer-les-futurs-cadres-du-secteur\/","title":{"rendered":"G\u00e9n\u00e9ration Green : Un MBA pour pr\u00e9parer les futurs cadres du secteur"},"content":{"rendered":"<header>\n<\/header>\n<div class=\"entry-content clearfix\" readability=\"66\"><img decoding=\"async\" class=\"post_layout_5_img\" src=\"http:\/\/aujourdhui.ma\/wp-content\/uploads\/2020\/11\/Generation-Green-Un-MBA-pour-preparer-les-futurs-cadres-du-secteur.jpg\" alt=\"G&#xE9;n&#xE9;ration Green : Un MBA pour pr&#xE9;parer les futurs cadres du secteur\"\/><\/p>\n<p><span class=\"c5\"><strong>Former des d\u00e9cideurs et des cadres en mesure d\u2019accompagner les chantiers structurants pr\u00e9vus dans le cadre de G\u00e9n\u00e9ration Green.<\/strong><\/span><span id=\"more-360556\"\/><\/p>\n<p>Telle est l\u2019orientation phare du rapprochement \u00e9tabli entre le minist\u00e8re de l\u2019agriculture, de la p\u00eache maritime, du d\u00e9veloppement rural et des eaux et for\u00eats, l\u2019ESCA Ecole de Management et l\u2019Institut agronomique et v\u00e9t\u00e9rinaire (IAV) Hassan II. Il a \u00e9t\u00e9 proc\u00e9d\u00e9 dans ce sens au lancement d\u2019un MBA (Master of business administration) entre l\u2019IAV Hassan II et l\u2019ESCA concr\u00e9tisant ainsi le premier partenariat public-priv\u00e9 du genre entre deux institutions d\u2019enseignement sup\u00e9rieur. L\u2019id\u00e9e \u00e9tant de mettre \u00e0 niveau les capacit\u00e9s manag\u00e9riales des hauts cadres et responsables op\u00e9rant dans le domaine agricole et du d\u00e9veloppement rural.<\/p>\n<p>Le coup d\u2019envoi a \u00e9t\u00e9 donn\u00e9 vendredi 13 novembre lors d\u2019une c\u00e9r\u00e9monie pr\u00e9sid\u00e9e par Mohammed Sadiki, secr\u00e9taire g\u00e9n\u00e9ral du minist\u00e8re. \u00abCette formation est l\u2019expression de la dynamique de changement et de modernisation engag\u00e9e par le minist\u00e8re de l\u2019agriculture et ses institutions de formation, afin de s\u2019adapter aux mutations que vit le secteur agricole sous l\u2019impulsion du Plan Maroc Vert de 2008 \u00e0 2020 et de la nouvelle strat\u00e9gie G\u00e9n\u00e9ration Green lanc\u00e9e de 2020 \u00e0 2030\u00bb, peut-on relever de M. Sadiki. Et de rappeler que \u00able minist\u00e8re de l\u2019agriculture s\u2019est depuis toujours engag\u00e9 dans un processus continu d\u2019am\u00e9lioration, de r\u00e9formes et de modernisation de la gouvernance du secteur agricole afin d\u2019assurer l\u2019efficacit\u00e9 et l\u2019efficience de la strat\u00e9gie agricole\u00bb.<\/p>\n<p>Le responsable minist\u00e9riel a par ailleurs not\u00e9 que la r\u00e9forme de la gouvernance a \u00e9t\u00e9 la v\u00e9ritable cl\u00e9 de r\u00e9ussite de la mise en \u0153uvre du Plan Maroc Vert et la formulation de la strat\u00e9gie G\u00e9n\u00e9ration Green. De son c\u00f4t\u00e9, Thami Ghorfi a exprim\u00e9 sa satisfaction de cette alliance qui \u00abpermettra de renforcer la formation de dirigeants pour le secteur agricole \u00e0 travers une formation tourn\u00e9e vers la performance et les impacts, et ce, dans l\u2019objectif de former une premi\u00e8re vague de dirigeants dot\u00e9s d\u2019une capacit\u00e9 manag\u00e9riale de haut niveau pour accompagner la dynamique de modernisation du secteur\u00bb. Le directeur de l\u2019IAV Hassan II a, pour sa part, salu\u00e9 la mise en place de ce partenariat entre son Institut et l\u2019ESCA gr\u00e2ce \u00e0 l\u2019appui du minist\u00e8re et qui a abouti au lancement d\u2019un MBA conjoint qui int\u00e8gre \u00e0 la fois la dimension manag\u00e9riale et la dimension technologique.<\/p>\n<p>Notons que la mise en place de ce MBA consacre la r\u00e9ussite d\u2019un partenariat public-priv\u00e9 en concomitance avec la d\u00e9clinaison de la strat\u00e9gie G\u00e9n\u00e9ration Green. Elle refl\u00e8te l\u2019importance donn\u00e9e au d\u00e9veloppement des ressources humaines et leur r\u00f4le dans le d\u00e9veloppement d\u2019une agriculture moderne, \u00e0 travers notamment un management de haut niveau tant au niveau de l\u2019ex\u00e9cutif public qu\u2019au niveau de la profession. L\u2019engagement \u00e9tant de continuer \u00e0 rehausser la qualit\u00e9 de gouvernance du secteur dans son ensemble.<\/p>\n<\/div>\n<p>Auteur: ALM<br \/>\n<a href=\"https:\/\/aujourdhui.ma\/economie\/generation-green-un-mba-pour-preparer-les-futurs-cadres-du-secteur\">Cliquez ici pour lire l&rsquo;article depuis sa source.<\/a><\/p>\n","protected":false},"excerpt":{"rendered":"<p>Former des d\u00e9cideurs et des cadres en mesure d\u2019accompagner les chantiers structurants pr\u00e9vus dans le cadre de G\u00e9n\u00e9ration Green. Telle est l\u2019orientation phare du rapprochement \u00e9tabli entre le minist\u00e8re de l\u2019agriculture, de la p\u00eache maritime, du d\u00e9veloppement rural et des eaux et for\u00eats, l\u2019ESCA Ecole de Management et l\u2019Institut agronomique et v\u00e9t\u00e9rinaire (IAV) Hassan II. [&hellip;]<\/p>\n","protected":false},"author":1759,"featured_media":104821,"comment_status":"closed","ping_status":"closed","sticky":false,"template":"","format":"standard","meta":{"fifu_image_url":"","fifu_image_alt":"","footnotes":""},"categories":[73,54],"tags":[],"class_list":["post-104820","post","type-post","status-publish","format-standard","has-post-thumbnail","hentry","category-actualite","category-maroc"],"_links":{"self":[{"href":"https:\/\/linitiative.ca\/International\/wp-json\/wp\/v2\/posts\/104820","targetHints":{"allow":["GET"]}}],"collection":[{"href":"https:\/\/linitiative.ca\/International\/wp-json\/wp\/v2\/posts"}],"about":[{"href":"https:\/\/linitiative.ca\/International\/wp-json\/wp\/v2\/types\/post"}],"author":[{"embeddable":true,"href":"https:\/\/linitiative.ca\/International\/wp-json\/wp\/v2\/users\/1759"}],"replies":[{"embeddable":true,"href":"https:\/\/linitiative.ca\/International\/wp-json\/wp\/v2\/comments?post=104820"}],"version-history":[{"count":0,"href":"https:\/\/linitiative.ca\/International\/wp-json\/wp\/v2\/posts\/104820\/revisions"}],"wp:featuredmedia":[{"embeddable":true,"href":"https:\/\/linitiative.ca\/International\/wp-json\/"}],"wp:attachment":[{"href":"https:\/\/linitiative.ca\/International\/wp-json\/wp\/v2\/media?parent=104820"}],"wp:term":[{"taxonomy":"category","embeddable":true,"href":"https:\/\/linitiative.ca\/International\/wp-json\/wp\/v2\/categories?post=104820"},{"taxonomy":"post_tag","embeddable":true,"href":"https:\/\/linitiative.ca\/International\/wp-json\/wp\/v2\/tags?post=104820"}],"curies":[{"name":"wp","href":"https:\/\/api.w.org\/{rel}","templated":true}]}}