{"id":104824,"date":"2020-11-16T10:30:01","date_gmt":"2020-11-16T15:30:01","guid":{"rendered":"https:\/\/linitiative.ca\/International\/hassan-el-mniai-est-decede-vendredi-soir-adieu-le-fondateur-de-la-recherche-theatrale-au-maroc\/"},"modified":"2020-11-16T10:30:01","modified_gmt":"2020-11-16T15:30:01","slug":"hassan-el-mniai-est-decede-vendredi-soir-adieu-le-fondateur-de-la-recherche-theatrale-au-maroc","status":"publish","type":"post","link":"https:\/\/linitiative.ca\/International\/hassan-el-mniai-est-decede-vendredi-soir-adieu-le-fondateur-de-la-recherche-theatrale-au-maroc\/","title":{"rendered":"Hassan El Mniai est d\u00e9c\u00e9d\u00e9 vendredi soir : Adieu le fondateur de la recherche  th\u00e9\u00e2trale au Maroc"},"content":{"rendered":"<p><img decoding=\"async\" class=\"post_layout_5_img\" src=\"http:\/\/aujourdhui.ma\/wp-content\/uploads\/2019\/05\/Hassan-El-Mniai.jpg\" alt=\"Hassan El Mniai est d&#xE9;c&#xE9;d&#xE9; vendredi soir : Adieu le fondateur de la recherche th&#xE9;&#xE2;trale au Maroc\"\/><\/p>\n<p><span class=\"c5\"><strong>Une grande perte pour le th\u00e9\u00e2tre marocain.<\/strong><\/span><span id=\"more-360566\"\/><\/p>\n<p>La disparition, vendredi soir, du grand penseur et cr\u00e9ateur de la critique acad\u00e9mique, Hassan El Mniai, a endeuill\u00e9 le monde du th\u00e9\u00e2tre. Entre autres, le metteur en sc\u00e8ne et dramaturge Bouselham Da\u00eff, \u00e9galement fondateur de la troupe \u00abChamates\u00bb, indique : \u00abJe pense que Hassan El Mniai est le fondateur de la recherche th\u00e9\u00e2trale au Maroc. Il sera une r\u00e9f\u00e9rence pour les chercheurs parce qu\u2019il a ouvert la voie pour la recherche et a m\u00eame enseign\u00e9 le th\u00e9\u00e2tre \u00e0 l\u2019universit\u00e9\u00bb. Pour le dramaturge, le d\u00e9funt est aussi \u00able mod\u00e8le\u00bb de chercheur de la critique qui essaie \u00e9galement de suivre tout le processus de la cr\u00e9ation voire des r\u00e9p\u00e9titions de pi\u00e8ces de th\u00e9\u00e2tre. \u00abIl a suivi beaucoup d\u2019exp\u00e9riences de th\u00e9\u00e2tre amateur et professionnel au Maroc. C\u2019\u00e9tait un homme qui regardait et suivait beaucoup les pi\u00e8ces. C\u2019\u00e9tait aussi un chercheur modeste. Il a aussi ouvert les ponts du th\u00e9\u00e2tre marocain vers celui arabe et il a fait d\u00e9couvrir les exp\u00e9riences europ\u00e9ennes et universelles pour les chercheurs et lecteurs marocains\u00bb, ajoute le dramaturge qui prend le regrett\u00e9 pour un deuxi\u00e8me p\u00e8re.<\/p>\n<p>De son c\u00f4t\u00e9, la com\u00e9dienne marocaine Fatima Boujou s\u2019exprime, sur sa page Facebook, \u00e0 propos de \u00abla valeur scientifique et la pers\u00e9v\u00e9rance\u00bb de l\u2019acad\u00e9micien disparu en recherche, enseignement, critique et \u00e9criture en th\u00e9\u00e2tre et litt\u00e9rature. \u00abCelui qui fonde une nouveaut\u00e9 demeure immortel dans la m\u00e9moire du th\u00e9\u00e2tre marocain et toute universit\u00e9\u00bb, exalte la com\u00e9dienne qui rappelle avoir \u00e9t\u00e9 enseign\u00e9e par le regrett\u00e9 \u00e0 la Facult\u00e9 Dhar El Mehraz \u00e0 F\u00e8s.<br \/>De son vivant, Hassan El Mniai \u00e9tait fort appr\u00e9ci\u00e9 par les dramaturges marocains et arabes comme le laisse voir la page officielle du chercheur disparu sur les r\u00e9seaux sociaux. Aussi, un Prix, dont la deuxi\u00e8me \u00e9dition s\u2019est tenue en 2019, a \u00e9t\u00e9 cr\u00e9\u00e9 en son nom et destin\u00e9 pour la critique en th\u00e9\u00e2tre lors du Festival Mekn\u00e8s du th\u00e9\u00e2tre. Un \u00e9v\u00e9nement consacr\u00e9 \u00e0 la cr\u00e9ation d\u2019une rencontre entre les exp\u00e9riences professionnelles mondiales dans cette discipline artistique.<\/p>\n<p>Au-del\u00e0 de son parcours, le d\u00e9funt compte \u00e0 son actif un grand nombre de publications en langue arabe dont \u00abLa trag\u00e9die comme mod\u00e8le\u00bb, \u00abPerspectives marocaines\u00bb, \u00abLe th\u00e9\u00e2tre et l\u2019improvisation\u00bb, \u00abLe th\u00e9\u00e2tre marocain, de la cr\u00e9ation au show\u00bb, \u00abEtudes en critique moderne\u00bb, \u00abLe th\u00e9\u00e2tre et la s\u00e9miologie\u00bb et \u00abLe corps en th\u00e9\u00e2tre\u00bb.<\/p>\n<p>Auteur: Salima Guisser<br \/>\n<a href=\"https:\/\/aujourdhui.ma\/culture\/hassan-el-mniai-est-decede-vendredi-soir-adieu-le-fondateur-de-la-recherche-theatrale-au-maroc\">Cliquez ici pour lire l&rsquo;article depuis sa source.<\/a><\/p>\n","protected":false},"excerpt":{"rendered":"<p>Une grande perte pour le th\u00e9\u00e2tre marocain. La disparition, vendredi soir, du grand penseur et cr\u00e9ateur de la critique acad\u00e9mique, Hassan El Mniai, a endeuill\u00e9 le monde du th\u00e9\u00e2tre. Entre autres, le metteur en sc\u00e8ne et dramaturge Bouselham Da\u00eff, \u00e9galement fondateur de la troupe \u00abChamates\u00bb, indique : \u00abJe pense que Hassan El Mniai est le [&hellip;]<\/p>\n","protected":false},"author":1759,"featured_media":104825,"comment_status":"closed","ping_status":"closed","sticky":false,"template":"","format":"standard","meta":{"fifu_image_url":"","fifu_image_alt":"","footnotes":""},"categories":[73,54],"tags":[],"class_list":["post-104824","post","type-post","status-publish","format-standard","has-post-thumbnail","hentry","category-actualite","category-maroc"],"_links":{"self":[{"href":"https:\/\/linitiative.ca\/International\/wp-json\/wp\/v2\/posts\/104824","targetHints":{"allow":["GET"]}}],"collection":[{"href":"https:\/\/linitiative.ca\/International\/wp-json\/wp\/v2\/posts"}],"about":[{"href":"https:\/\/linitiative.ca\/International\/wp-json\/wp\/v2\/types\/post"}],"author":[{"embeddable":true,"href":"https:\/\/linitiative.ca\/International\/wp-json\/wp\/v2\/users\/1759"}],"replies":[{"embeddable":true,"href":"https:\/\/linitiative.ca\/International\/wp-json\/wp\/v2\/comments?post=104824"}],"version-history":[{"count":0,"href":"https:\/\/linitiative.ca\/International\/wp-json\/wp\/v2\/posts\/104824\/revisions"}],"wp:featuredmedia":[{"embeddable":true,"href":"https:\/\/linitiative.ca\/International\/wp-json\/"}],"wp:attachment":[{"href":"https:\/\/linitiative.ca\/International\/wp-json\/wp\/v2\/media?parent=104824"}],"wp:term":[{"taxonomy":"category","embeddable":true,"href":"https:\/\/linitiative.ca\/International\/wp-json\/wp\/v2\/categories?post=104824"},{"taxonomy":"post_tag","embeddable":true,"href":"https:\/\/linitiative.ca\/International\/wp-json\/wp\/v2\/tags?post=104824"}],"curies":[{"name":"wp","href":"https:\/\/api.w.org\/{rel}","templated":true}]}}