{"id":104828,"date":"2020-11-16T09:14:10","date_gmt":"2020-11-16T14:14:10","guid":{"rendered":"https:\/\/linitiative.ca\/International\/hommage-posthume-a-brahim-akhiat\/"},"modified":"2020-11-16T09:14:10","modified_gmt":"2020-11-16T14:14:10","slug":"hommage-posthume-a-brahim-akhiat","status":"publish","type":"post","link":"https:\/\/linitiative.ca\/International\/hommage-posthume-a-brahim-akhiat\/","title":{"rendered":"hommage posthume \u00e0 Brahim Akhiat"},"content":{"rendered":"<p class=\"has-text-color has-vivid-red-color c2\"><strong>53 anniversaire\u00a0 de l\u2019AMREC<\/strong><\/p>\n<p class=\"c3\"><strong>M.N.Y<\/strong><\/p>\n<p class=\"has-text-color has-vivid-cyan-blue-color\"><strong>L\u2019association marocaine de recherche et d\u2019\u00e9change culturel (AMREC) c\u00e9l\u00e8bre le 53 anniversaire de sa cr\u00e9ation.<\/strong><\/p>\n<p>En effet, cette association, cr\u00e9\u00e9e en 1967 \u00e0 l\u2019initiative de plusieurs professeurs, \u00e9tudiants, \u00a0chercheurs et intellectuels marocains dont Brahim Akhiat, Ahmed Boukous, Abdellah Benfour et bien d\u2019autres,\u00a0 est consid\u00e9r\u00e9e comme premi\u00e8re structure associative d\u00e9di\u00e9e \u00e0 l\u2019amazighe au Maroc.<\/p>\n<p>Cette ann\u00e9e, l\u2019 AMREC a fait le choix de f\u00eater son 53 anniversaire en signant\u00a0 un partenariat\u00a0 de collaboration avec la fondation Brahim Akhiat afin de lui rendre hommage mais aussi et surtout de \u00a0braquer les lumi\u00e8res sur son apport et ses contributions riches et multiples sur les niveaux intellectuel et organisationnel dans les diff\u00e9rentes \u00e9tapes qu\u2019avait connu le mouvement\u00a0 culturel amazighe sans oublier bien entendu son r\u00f4le majeur dans la cr\u00e9ation de l\u2019AMREC o\u00f9 il avait milit\u00e9 \u00a0pendant\u00a0 un demi\u00a0 si\u00e8cle pour la promotion de la langue et de l\u2019identit\u00e9 amazighes.<\/p>\n<p>Selon l\u2019AMREC, ce partenariat a pour objectifs renforcer\u00a0 les efforts et le plaidoyer\u00a0 de l\u2019association \u00a0pour\u00a0 une mise en \u0153uvre du caract\u00e8re officiel de l\u2019amazighe et le d\u00e9veloppement des capacit\u00e9s dans les domaines de la gestion\u00a0 ainsi que la promotion de la diversit\u00e9 culturelle et linguistique tout en recourant\u00a0 \u00e0 la Constitution marocaine et aux valeurs universelles des droits de l\u2019homme, peut on lire dans le communiqu\u00e9 de l\u2019association.<\/p>\n<p>Auteur: M&rsquo;hammed rahal<br \/>\n<a href=\"http:\/\/albayane.press.ma\/hommage-posthume-a-brahim-akhiat.html\">Cliquez ici pour lire l&rsquo;article depuis sa source.<\/a><\/p>\n","protected":false},"excerpt":{"rendered":"<p>53 anniversaire\u00a0 de l\u2019AMREC M.N.Y L\u2019association marocaine de recherche et d\u2019\u00e9change culturel (AMREC) c\u00e9l\u00e8bre le 53 anniversaire de sa cr\u00e9ation. En effet, cette association, cr\u00e9\u00e9e en 1967 \u00e0 l\u2019initiative de plusieurs professeurs, \u00e9tudiants, \u00a0chercheurs et intellectuels marocains dont Brahim Akhiat, Ahmed Boukous, Abdellah Benfour et bien d\u2019autres,\u00a0 est consid\u00e9r\u00e9e comme premi\u00e8re structure associative d\u00e9di\u00e9e \u00e0 [&hellip;]<\/p>\n","protected":false},"author":1760,"featured_media":0,"comment_status":"closed","ping_status":"closed","sticky":false,"template":"","format":"standard","meta":{"fifu_image_url":"","fifu_image_alt":"","footnotes":""},"categories":[73,54],"tags":[],"class_list":["post-104828","post","type-post","status-publish","format-standard","hentry","category-actualite","category-maroc"],"_links":{"self":[{"href":"https:\/\/linitiative.ca\/International\/wp-json\/wp\/v2\/posts\/104828","targetHints":{"allow":["GET"]}}],"collection":[{"href":"https:\/\/linitiative.ca\/International\/wp-json\/wp\/v2\/posts"}],"about":[{"href":"https:\/\/linitiative.ca\/International\/wp-json\/wp\/v2\/types\/post"}],"author":[{"embeddable":true,"href":"https:\/\/linitiative.ca\/International\/wp-json\/wp\/v2\/users\/1760"}],"replies":[{"embeddable":true,"href":"https:\/\/linitiative.ca\/International\/wp-json\/wp\/v2\/comments?post=104828"}],"version-history":[{"count":0,"href":"https:\/\/linitiative.ca\/International\/wp-json\/wp\/v2\/posts\/104828\/revisions"}],"wp:attachment":[{"href":"https:\/\/linitiative.ca\/International\/wp-json\/wp\/v2\/media?parent=104828"}],"wp:term":[{"taxonomy":"category","embeddable":true,"href":"https:\/\/linitiative.ca\/International\/wp-json\/wp\/v2\/categories?post=104828"},{"taxonomy":"post_tag","embeddable":true,"href":"https:\/\/linitiative.ca\/International\/wp-json\/wp\/v2\/tags?post=104828"}],"curies":[{"name":"wp","href":"https:\/\/api.w.org\/{rel}","templated":true}]}}