{"id":104830,"date":"2020-11-16T09:22:01","date_gmt":"2020-11-16T14:22:01","guid":{"rendered":"https:\/\/linitiative.ca\/International\/%ef%bb%bfaghmat-la-decouverte-et-la-mise-en-valeur-dune-capitale-marocaine\/"},"modified":"2020-11-16T09:22:01","modified_gmt":"2020-11-16T14:22:01","slug":"%ef%bb%bfaghmat-la-decouverte-et-la-mise-en-valeur-dune-capitale-marocaine","status":"publish","type":"post","link":"https:\/\/linitiative.ca\/International\/%ef%bb%bfaghmat-la-decouverte-et-la-mise-en-valeur-dune-capitale-marocaine\/","title":{"rendered":"\ufeff\u00abAghmat, la d\u00e9couverte et la mise en valeur d\u2019une capitale marocaine\u00bb"},"content":{"rendered":"<p class=\"has-text-color has-vivid-red-color c2\">Conf\u00e9rence au Mus\u00e9e de Bank Al-Maghrib<\/p>\n<p class=\"has-text-color c3\"><strong>Le Mus\u00e9e de Bank Al-Maghrib organise, jeudi, une conf\u00e9rence sur le th\u00e8me \u00abAghmat, la d\u00e9couverte et la mise en valeur d\u2019une capitale marocaine\u00bb et ce, en marge de l\u2019exposition temporaire \u00abAghmat, pass\u00e9 rayonnant d\u2019une cit\u00e9 marocaine\u00bb, qui se tient \u00e0 Rabat du 5 mars au 31 d\u00e9cembre 2020.<\/strong><\/p>\n<p>Cette conf\u00e9rence, qui sera mod\u00e9r\u00e9e par M. Youssef Khiara, Directeur du Patrimoine au Minist\u00e8re de la Culture, sera diffus\u00e9e en direct \u00e0 partir de 17h00 sur la page Facebook du Mus\u00e9e afin de permettre au grand public d\u2019y assister \u00e0 distance eu \u00e9gard aux restrictions et mesures impos\u00e9es par la crise sanitaire du Covid 19, indique le Mus\u00e9e de Bank Al-Maghrib dans un communiqu\u00e9.<\/p>\n<p>La conf\u00e9rence se veut une invitation \u00e0 d\u00e9couvrir la cit\u00e9 d\u2019Aghmat, une ancienne capitale politique, grande m\u00e9tropole commerciale prosp\u00e8re durant tout le Moyen \u00c2ge et grand atelier mon\u00e9taire depuis les Idrissides jusqu\u2019aux Almoravides, qui a perdu depuis son prestige d\u2019antan pour \u00eatre r\u00e9duite \u00e0 une simple bourgade rurale aux pieds du Haut Atlas, selon la m\u00eame source.<\/p>\n<div class=\"wp-block-image\"><img loading=\"lazy\" decoding=\"async\" src=\"http:\/\/albayane.press.ma\/wp-content\/uploads\/ouv1-13-6.jpg\" alt=\"\" class=\"wp-image-99025\" width=\"559\" height=\"335\"\/><\/div>\n<p>L\u2019\u00e9poque m\u00e9di\u00e9vale, encore peu document\u00e9e au Maroc, surtout le domaine de l\u2019arch\u00e9ologie urbaine, trouve \u00e0 Aghmat une source unique et pr\u00e9cieuse de connaissance, d\u2019o\u00f9 l\u2019importance de la protection et la conservation de ses multiples vestiges pour transmettre cet h\u00e9ritage aux g\u00e9n\u00e9rations futures.<\/p>\n<p>Cette conf\u00e9rence sera anim\u00e9e par MM. Abdallah Fili, Ahmed Saleh Ettahiri et Mohamed Belatik, les trois commissaires de l\u2019exposition \u00abAghmat, pass\u00e9 rayonnant d\u2019une cit\u00e9 marocaine\u00bb qui pr\u00e9senteront au public le r\u00e9sultat de plus de 15 ans de fouilles arch\u00e9ologiques et lui feront d\u00e9couvrir les vestiges arch\u00e9ologiques de cette cit\u00e9 mill\u00e9naire.<\/p>\n<p>A cette occasion, M. Fili mettra l\u2019accent sur le travail r\u00e9alis\u00e9 et le chemin qui reste \u00e0 accomplir pour d\u00e9couvrir davantage les secrets que renferme cette r\u00e9serve arch\u00e9ologique exceptionnelle et les actions mises en oeuvre pour doter ce site dans un avenir proche de structures p\u00e9rennes afin qu\u2019il devienne un lieu de transmission et de formation en arch\u00e9ologie m\u00e9di\u00e9vale.<\/p>\n<p>Pour sa part, M. Saleh Ettahiri abordera les trouvailles mon\u00e9taires r\u00e9v\u00e9l\u00e9es par la cit\u00e9 d\u2019Aghmat et d\u00e9voilera le r\u00f4le \u00e9conomique et surtout financier que la cit\u00e9 d\u2019Aghmat a jou\u00e9 en tant qu\u2019atelier de frappe mon\u00e9taire tr\u00e8s dynamique \u00e0 l\u2019\u00e9chelle du Maghreb et de l\u2019Occident musulman.<\/p>\n<p>De son c\u00f4t\u00e9, M. Belatik mettra en valeur l\u2019engagement pr\u00e9alable de la mission arch\u00e9ologique \u00e0 prot\u00e9ger le site et ses vestiges. Il passera en revue les diff\u00e9rentes op\u00e9rations de protection et de conservation men\u00e9es sur le site depuis la reprise des recherches en 2005.<\/p>\n<p>Quant \u00e0 M. Lakhlifi, laur\u00e9at de l\u2019\u00c9cole d\u2019Architecture de Marrakech, il pr\u00e9sentera le projet de r\u00e9habilitation du site arch\u00e9ologique sur lequel il a travaill\u00e9, et dont l\u2019objectif est la promotion de ce site exceptionnel aupr\u00e8s du grand public, le partage de son pass\u00e9 m\u00e9connu et surtout sa transformation en levier de d\u00e9veloppement humain et \u00e9conomique de toute la r\u00e9gion.<\/p>\n<p>A travers l\u2019exposition temporaire in\u00e9dite sur la cit\u00e9 d\u2019Aghmat, le Mus\u00e9e de Bank Al-Maghrib a oeuvr\u00e9 pour qu\u2019un nouveau regard soit port\u00e9 sur cette ville, son architecture, ses productions artisanales et la vie quotidienne de ses occupants \u00e0 travers les \u00e2ges.<\/p>\n<p>Ainsi, cartes, film documentaire, plans, objets ou fragments de c\u00e9ramique ou en verre et manuscrits se croisent au sein de cette exposition qui permettra de repositionner Aghmat dans l\u2019histoire m\u00e9di\u00e9vale du Maroc et celle de l\u2019Occident musulman et de pr\u00e9senter quelques-unes des composantes patrimoniales d\u2019un site arch\u00e9ologique en phase de d\u00e9couverte, selon la m\u00eame source.<\/p>\n<p>Auteur: M&rsquo;hammed rahal<br \/>\n<a href=\"http:\/\/albayane.press.ma\/%EF%BB%BFaghmat-la-decouverte-et-la-mise-en-valeur-dune-capitale-marocaine.html\">Cliquez ici pour lire l&rsquo;article depuis sa source.<\/a><\/p>\n","protected":false},"excerpt":{"rendered":"<p>Conf\u00e9rence au Mus\u00e9e de Bank Al-Maghrib Le Mus\u00e9e de Bank Al-Maghrib organise, jeudi, une conf\u00e9rence sur le th\u00e8me \u00abAghmat, la d\u00e9couverte et la mise en valeur d\u2019une capitale marocaine\u00bb et ce, en marge de l\u2019exposition temporaire \u00abAghmat, pass\u00e9 rayonnant d\u2019une cit\u00e9 marocaine\u00bb, qui se tient \u00e0 Rabat du 5 mars au 31 d\u00e9cembre 2020. Cette [&hellip;]<\/p>\n","protected":false},"author":1760,"featured_media":104831,"comment_status":"closed","ping_status":"closed","sticky":false,"template":"","format":"standard","meta":{"fifu_image_url":"","fifu_image_alt":"","footnotes":""},"categories":[73,54],"tags":[],"class_list":["post-104830","post","type-post","status-publish","format-standard","has-post-thumbnail","hentry","category-actualite","category-maroc"],"_links":{"self":[{"href":"https:\/\/linitiative.ca\/International\/wp-json\/wp\/v2\/posts\/104830","targetHints":{"allow":["GET"]}}],"collection":[{"href":"https:\/\/linitiative.ca\/International\/wp-json\/wp\/v2\/posts"}],"about":[{"href":"https:\/\/linitiative.ca\/International\/wp-json\/wp\/v2\/types\/post"}],"author":[{"embeddable":true,"href":"https:\/\/linitiative.ca\/International\/wp-json\/wp\/v2\/users\/1760"}],"replies":[{"embeddable":true,"href":"https:\/\/linitiative.ca\/International\/wp-json\/wp\/v2\/comments?post=104830"}],"version-history":[{"count":0,"href":"https:\/\/linitiative.ca\/International\/wp-json\/wp\/v2\/posts\/104830\/revisions"}],"wp:featuredmedia":[{"embeddable":true,"href":"https:\/\/linitiative.ca\/International\/wp-json\/"}],"wp:attachment":[{"href":"https:\/\/linitiative.ca\/International\/wp-json\/wp\/v2\/media?parent=104830"}],"wp:term":[{"taxonomy":"category","embeddable":true,"href":"https:\/\/linitiative.ca\/International\/wp-json\/wp\/v2\/categories?post=104830"},{"taxonomy":"post_tag","embeddable":true,"href":"https:\/\/linitiative.ca\/International\/wp-json\/wp\/v2\/tags?post=104830"}],"curies":[{"name":"wp","href":"https:\/\/api.w.org\/{rel}","templated":true}]}}