{"id":104844,"date":"2020-11-16T11:56:42","date_gmt":"2020-11-16T16:56:42","guid":{"rendered":"https:\/\/linitiative.ca\/International\/violence-en-milieu-scolaire-formation-sur-les-techniques-de-plaidoyer\/"},"modified":"2020-11-16T11:56:42","modified_gmt":"2020-11-16T16:56:42","slug":"violence-en-milieu-scolaire-formation-sur-les-techniques-de-plaidoyer","status":"publish","type":"post","link":"https:\/\/linitiative.ca\/International\/violence-en-milieu-scolaire-formation-sur-les-techniques-de-plaidoyer\/","title":{"rendered":"Violence en milieu scolaire: Formation sur les techniques de plaidoyer"},"content":{"rendered":"<div class=\"single-featured\"><img alt=\"\" data-src=\"http:\/\/www.mapmarrakech.ma\/map\/uploads\/2020\/11\/atelier-violence.jpg\"\/><\/div>\n<div class=\"single-post-excerpt post-excerpt-bc\" readability=\"37\">\n<p>Marrakech- Un atelier de formation sur les techniques de plaidoyer li\u00e9es aux th\u00e9matiques de lutte contre la violence bas\u00e9e sur le genre en milieu scolaire a \u00e9t\u00e9 organis\u00e9, en fin de semaine dans la cit\u00e9 ocre, \u00e0 l\u2019initiative de la f\u00e9d\u00e9ration nationale des associations des parents et tuteurs des \u00e9l\u00e8ves au Maroc (r\u00e9gion Marrakech-Safi) et de l\u2019association Ennkahil.<\/p>\n<\/div>\n<div class=\"entry-content clearfix single-post-content\" readability=\"68\">\n<p>Cet atelier, qui a connu la participation de 20 personnes repr\u00e9sentant les structures de la f\u00e9d\u00e9ration au niveau r\u00e9gional, s\u2019inscrit dans le cadre du projet \u00ab\u00a0Contribuer \u00e0 l\u2019am\u00e9lioration des droits et des services pour les filles victimes de violences sexuelles en milieu scolaire dans la ville de\u00a0Marrakech\u00a0\u00bb, en partenariat avec le projet \u00ab\u00a0DAAM\u00a0\u00bb pour le d\u00e9veloppement de la capacit\u00e9 organisationnelle des associations de la soci\u00e9t\u00e9 civile, et avec le soutien financier de l\u2019ambassade britannique au Maroc.<\/p>\n<p>Cette formation visait \u00e0 doter les cadres des diff\u00e9rentes associations des parents et tuteurs des \u00e9l\u00e8ves et les repr\u00e9sentants de la f\u00e9d\u00e9ration sur les plans local et national, des m\u00e9canismes de plaidoyer sur les questions inh\u00e9rentes \u00e0 la violence en milieu scolaire, notamment \u00e0 l\u2019\u00e9gard des filles.<\/p>\n<p>Dans un mot \u00e0 cette occasion, le pr\u00e9sident de la f\u00e9d\u00e9ration, Noureddine Akkouri, a indiqu\u00e9 que la f\u00e9d\u00e9ration tend \u00e0 travers ces rencontres \u00e0 encadrer et \u00e0 former les membres de ses structures r\u00e9gionales s\u00e9lectionn\u00e9s, afin d\u2019acqu\u00e9rir les techniques de communication et les m\u00e9canismes de plaidoyer sur les questions de la violence bas\u00e9e sur le genre en milieu scolaire.<\/p>\n<p>Les participants \u00e0 cet atelier, a-t-il ajout\u00e9, vont transmettre les donn\u00e9es et les connaissances acquises au reste des repr\u00e9sentants des associations actives dans le m\u00eame domaine, en vue de favoriser leur qualification et de les doter de ces m\u00e9canismes et techniques \u00e0 m\u00eame d\u2019\u00eatre \u00e0 la hauteur des aspirations.<\/p>\n<p>Cet atelier de formation a jet\u00e9 la lumi\u00e8re notamment sur l\u2019importance de la participation citoyenne et de la d\u00e9mocratie participative, le mode d\u2019\u00e9laboration des p\u00e9titions et des m\u00e9morandums de plaidoyer et les m\u00e9canismes de leur suivi.<\/p>\n<\/div>\n<p>Auteur: Mohammed KOURSI<br \/>\n<a href=\"http:\/\/www.mapmarrakech.ma\/fr\/violence-en-milieu-scolaire-formation-sur-les-techniques-de-plaidoyer\/\">Cliquez ici pour lire l&rsquo;article depuis sa source.<\/a><\/p>\n","protected":false},"excerpt":{"rendered":"<p>Marrakech- Un atelier de formation sur les techniques de plaidoyer li\u00e9es aux th\u00e9matiques de lutte contre la violence bas\u00e9e sur le genre en milieu scolaire a \u00e9t\u00e9 organis\u00e9, en fin de semaine dans la cit\u00e9 ocre, \u00e0 l\u2019initiative de la f\u00e9d\u00e9ration nationale des associations des parents et tuteurs des \u00e9l\u00e8ves au Maroc (r\u00e9gion Marrakech-Safi) et [&hellip;]<\/p>\n","protected":false},"author":1788,"featured_media":104845,"comment_status":"closed","ping_status":"closed","sticky":false,"template":"","format":"standard","meta":{"fifu_image_url":"","fifu_image_alt":"","footnotes":""},"categories":[54,76],"tags":[],"class_list":["post-104844","post","type-post","status-publish","format-standard","has-post-thumbnail","hentry","category-maroc","category-regions"],"_links":{"self":[{"href":"https:\/\/linitiative.ca\/International\/wp-json\/wp\/v2\/posts\/104844","targetHints":{"allow":["GET"]}}],"collection":[{"href":"https:\/\/linitiative.ca\/International\/wp-json\/wp\/v2\/posts"}],"about":[{"href":"https:\/\/linitiative.ca\/International\/wp-json\/wp\/v2\/types\/post"}],"author":[{"embeddable":true,"href":"https:\/\/linitiative.ca\/International\/wp-json\/wp\/v2\/users\/1788"}],"replies":[{"embeddable":true,"href":"https:\/\/linitiative.ca\/International\/wp-json\/wp\/v2\/comments?post=104844"}],"version-history":[{"count":0,"href":"https:\/\/linitiative.ca\/International\/wp-json\/wp\/v2\/posts\/104844\/revisions"}],"wp:featuredmedia":[{"embeddable":true,"href":"https:\/\/linitiative.ca\/International\/wp-json\/"}],"wp:attachment":[{"href":"https:\/\/linitiative.ca\/International\/wp-json\/wp\/v2\/media?parent=104844"}],"wp:term":[{"taxonomy":"category","embeddable":true,"href":"https:\/\/linitiative.ca\/International\/wp-json\/wp\/v2\/categories?post=104844"},{"taxonomy":"post_tag","embeddable":true,"href":"https:\/\/linitiative.ca\/International\/wp-json\/wp\/v2\/tags?post=104844"}],"curies":[{"name":"wp","href":"https:\/\/api.w.org\/{rel}","templated":true}]}}