{"id":104848,"date":"2020-11-16T12:36:05","date_gmt":"2020-11-16T17:36:05","guid":{"rendered":"https:\/\/linitiative.ca\/International\/le-bresilien-rafael-renouvelle-son-contrat-avec-locs\/"},"modified":"2020-11-16T12:36:05","modified_gmt":"2020-11-16T17:36:05","slug":"le-bresilien-rafael-renouvelle-son-contrat-avec-locs","status":"publish","type":"post","link":"https:\/\/linitiative.ca\/International\/le-bresilien-rafael-renouvelle-son-contrat-avec-locs\/","title":{"rendered":"Le Br\u00e9silien Rafael renouvelle son contrat avec l\u2019OCS"},"content":{"rendered":"<div class=\"single-featured\"><img alt=\"\" data-src=\"http:\/\/www.mapmarrakech.ma\/map\/uploads\/2020\/11\/OCS-Rafael-contrat.jpg\"\/><\/div>\n<div class=\"single-post-excerpt post-excerpt-bc\" readability=\"35\">\n<p>Safi- Le d\u00e9fenseur br\u00e9silien Claudio Rafael vient de renouveler son contrat avec l\u2019Olympique Club de Safi (OCS), section football pour deux saisons sportives suppl\u00e9mentaires, a annonc\u00e9 l\u2019OCS.<\/p>\n<\/div>\n<div class=\"entry-content clearfix single-post-content\" readability=\"58\">\n<p>Dans un communiqu\u00e9, le bureau dirigeant a indiqu\u00e9 avoir r\u00e9ussi \u00e0 convaincre le d\u00e9fenseur br\u00e9silien, \u00e2g\u00e9 de 27 ans, pour prolonger son contrat avec l\u2019\u00e9quipe pour deux saisons sportives suppl\u00e9mentaires.<\/p>\n<p>Consid\u00e9r\u00e9 comme un pilier de la d\u00e9fense de la s\u00e9lection\u00a0Safiote, Claudio Raphael \u00e9volue au club de la cit\u00e9 de l\u2019Oc\u00e9an depuis 2017.<\/p>\n<p>Le bureau dirigeant de l\u2019OCS ambitionne, cette saison, de r\u00e9aliser des transferts de taille \u00e0 la hauteur des ambitions affich\u00e9es par le Club et ses diff\u00e9rentes composantes, rappelle-t-on.<\/p>\n<p>Ainsi, le club a d\u00e9j\u00e0 sign\u00e9 avec le milieu de terrain offensif Hicham Laroui, l\u2019international libyen Oussama Al-Badawi et l\u2019international ivoirien Kassi Thierry Martial, et a renouvel\u00e9 les contrats du d\u00e9fenseur Mehdi Attouchi et du milieu de terrain offensif Zakaria Lahlali.<\/p>\n<p>A rappeler que l\u2019OCS a termin\u00e9 la Botola Pro D1 en 13\u00e8 position avec 33 points (6 victoires, 15 nuls et 9 d\u00e9faites).<\/p>\n<\/div>\n<p>Auteur: Mohammed KOURSI<br \/>\n<a href=\"http:\/\/www.mapmarrakech.ma\/fr\/le-bresilien-rafael-renouvelle-son-contrat-avec-locs\/\">Cliquez ici pour lire l&rsquo;article depuis sa source.<\/a><\/p>\n","protected":false},"excerpt":{"rendered":"<p>Safi- Le d\u00e9fenseur br\u00e9silien Claudio Rafael vient de renouveler son contrat avec l\u2019Olympique Club de Safi (OCS), section football pour deux saisons sportives suppl\u00e9mentaires, a annonc\u00e9 l\u2019OCS. Dans un communiqu\u00e9, le bureau dirigeant a indiqu\u00e9 avoir r\u00e9ussi \u00e0 convaincre le d\u00e9fenseur br\u00e9silien, \u00e2g\u00e9 de 27 ans, pour prolonger son contrat avec l\u2019\u00e9quipe pour deux saisons [&hellip;]<\/p>\n","protected":false},"author":1788,"featured_media":104849,"comment_status":"closed","ping_status":"closed","sticky":false,"template":"","format":"standard","meta":{"fifu_image_url":"","fifu_image_alt":"","footnotes":""},"categories":[54,76],"tags":[],"class_list":["post-104848","post","type-post","status-publish","format-standard","has-post-thumbnail","hentry","category-maroc","category-regions"],"_links":{"self":[{"href":"https:\/\/linitiative.ca\/International\/wp-json\/wp\/v2\/posts\/104848","targetHints":{"allow":["GET"]}}],"collection":[{"href":"https:\/\/linitiative.ca\/International\/wp-json\/wp\/v2\/posts"}],"about":[{"href":"https:\/\/linitiative.ca\/International\/wp-json\/wp\/v2\/types\/post"}],"author":[{"embeddable":true,"href":"https:\/\/linitiative.ca\/International\/wp-json\/wp\/v2\/users\/1788"}],"replies":[{"embeddable":true,"href":"https:\/\/linitiative.ca\/International\/wp-json\/wp\/v2\/comments?post=104848"}],"version-history":[{"count":0,"href":"https:\/\/linitiative.ca\/International\/wp-json\/wp\/v2\/posts\/104848\/revisions"}],"wp:featuredmedia":[{"embeddable":true,"href":"https:\/\/linitiative.ca\/International\/wp-json\/"}],"wp:attachment":[{"href":"https:\/\/linitiative.ca\/International\/wp-json\/wp\/v2\/media?parent=104848"}],"wp:term":[{"taxonomy":"category","embeddable":true,"href":"https:\/\/linitiative.ca\/International\/wp-json\/wp\/v2\/categories?post=104848"},{"taxonomy":"post_tag","embeddable":true,"href":"https:\/\/linitiative.ca\/International\/wp-json\/wp\/v2\/tags?post=104848"}],"curies":[{"name":"wp","href":"https:\/\/api.w.org\/{rel}","templated":true}]}}