{"id":104851,"date":"2020-11-16T14:53:20","date_gmt":"2020-11-16T19:53:20","guid":{"rendered":"https:\/\/linitiative.ca\/International\/la-covid-19-premiere-preoccupation-des-marocains\/"},"modified":"2020-11-16T14:53:20","modified_gmt":"2020-11-16T19:53:20","slug":"la-covid-19-premiere-preoccupation-des-marocains","status":"publish","type":"post","link":"https:\/\/linitiative.ca\/International\/la-covid-19-premiere-preoccupation-des-marocains\/","title":{"rendered":"La Covid-19 premi\u00e8re pr\u00e9occupation des marocains\u2026"},"content":{"rendered":"<div class=\"body\">\n<div class=\"field field-name-body field-type-text-with-summary field-label-hidden\">\n<div class=\"field-items\" readability=\"8.5\">\n<div class=\"field-item even\" property=\"content:encoded\" readability=\"12\">\n<p class=\"rtejustify\">Dire que la Covid-19 est dans toutes les pr\u00e9occupations des marocains est un euph\u00e9misme. L\u2019enqu\u00eate men\u00e9e par Policy Center aupr\u00e8s d\u2019un \u00e9chantillon de 997 personnes repr\u00e9sentatif de la population marocaine \u00e2g\u00e9e de 18 ans et plus, fait ressortir que la pand\u00e9mie est le probl\u00e8me le plus important pour les marocains (\u00e0 25%). Suivent ensuite le ch\u00f4mage (\u00e0 18%), la crise \u00e9conomique (\u00e0 15%) et l\u2019\u00e9ducation (\u00e0 8%).<br \/><em>M.A.B.<\/em><\/p>\n<\/div>\n<\/div>\n<\/div>\n<\/div>\n<div class=\"eco-conseil\">\n<div class=\"view view-eco-conseil-16 view-id-eco_conseil_16 view-display-id-cookies view-dom-id-ff32754956814b2a4e1be8e9b725536b\">\n<div class=\"view-content\">\n<div id=\"views-bootstrap-grid-1\" class=\"views-bootstrap-grid-plugin-style\">\n<div class=\"row\">\n<div class=\" col-xs-12 col-lg-4\">\n<div class=\"row\">\n<div class=\"col col-xs-12 col-lg-12\">\n<div class=\"field-content\"><a href=\"\/article\/1069632-entrepreneuriat-clap-de-fin-pour-le-programme-d-appui-aux-refugies\"><img loading=\"lazy\" decoding=\"async\" class=\"img-responsive\" typeof=\"foaf:Image\" src=\"https:\/\/www.leconomiste.com\/sites\/default\/files\/eco7\/public\/styles\/800x400\/public\/default_images\/default_une.jpg?itok=4jZlgnIZ\" width=\"660\" height=\"330\" alt=\"\"\/><\/a><\/div>\n<\/div>\n<div class=\" title_suite_2 col col-xs-12 col-lg-12\"> <a href=\"\/article\/1069632-entrepreneuriat-clap-de-fin-pour-le-programme-d-appui-aux-refugies\"\/><span class=\"field-content\">Entrepreneuriat: Clap de fin pour le programme d\u2019appui aux r\u00e9fugi\u00e9s<\/span><\/div>\n<\/div>\n<\/div>\n<div class=\" col-xs-12 col-lg-4\">\n<div class=\"row\">\n<div class=\"col col-xs-12 col-lg-12\">\n<div class=\"field-content\"><a href=\"\/article\/1069631-le-mandarin-oriental-change-de-management\"><img loading=\"lazy\" decoding=\"async\" class=\"img-responsive\" typeof=\"foaf:Image\" src=\"https:\/\/www.leconomiste.com\/sites\/default\/files\/eco7\/public\/styles\/800x400\/public\/default_images\/default_une.jpg?itok=4jZlgnIZ\" width=\"660\" height=\"330\" alt=\"\"\/><\/a><\/div>\n<\/div>\n<div class=\" title_suite_2 col col-xs-12 col-lg-12\"> <a href=\"\/article\/1069631-le-mandarin-oriental-change-de-management\"\/><span class=\"field-content\">Le Mandarin Oriental change de management<\/span><\/div>\n<\/div>\n<\/div>\n<div class=\" col-xs-12 col-lg-4\">\n<div class=\"row\">\n<div class=\"col col-xs-12 col-lg-12\">\n<div class=\"field-content\"><a href=\"\/article\/1069630-covid-19-l-action-d-el-othmani-convainc-peu\"><img loading=\"lazy\" decoding=\"async\" class=\"img-responsive\" typeof=\"foaf:Image\" src=\"https:\/\/www.leconomiste.com\/sites\/default\/files\/eco7\/public\/styles\/800x400\/public\/default_images\/default_une.jpg?itok=4jZlgnIZ\" width=\"660\" height=\"330\" alt=\"\"\/><\/a><\/div>\n<\/div>\n<div class=\" title_suite_2 col col-xs-12 col-lg-12\"> <a href=\"\/article\/1069630-covid-19-l-action-d-el-othmani-convainc-peu\"\/><span class=\"field-content\">Covid-19: L\u2019action d\u2019El Othmani convainc peu<\/span><\/div>\n<\/div>\n<\/div>\n<\/div>\n<\/div>\n<\/div>\n<\/div>\n<\/div>\n<p>Auteur: hlafriqi<br \/>\n<a href=\"https:\/\/www.leconomiste.com\/article\/1069629-la-covid-19-premiere-preoccupation-des-marocains\">Cliquez ici pour lire l&rsquo;article depuis sa source.<\/a><\/p>\n","protected":false},"excerpt":{"rendered":"<p>Dire que la Covid-19 est dans toutes les pr\u00e9occupations des marocains est un euph\u00e9misme. L\u2019enqu\u00eate men\u00e9e par Policy Center aupr\u00e8s d\u2019un \u00e9chantillon de 997 personnes repr\u00e9sentatif de la population marocaine \u00e2g\u00e9e de 18 ans et plus, fait ressortir que la pand\u00e9mie est le probl\u00e8me le plus important pour les marocains (\u00e0 25%). Suivent ensuite le [&hellip;]<\/p>\n","protected":false},"author":1763,"featured_media":0,"comment_status":"closed","ping_status":"closed","sticky":false,"template":"","format":"standard","meta":{"fifu_image_url":"","fifu_image_alt":"","footnotes":""},"categories":[78,54],"tags":[],"class_list":["post-104851","post","type-post","status-publish","format-standard","hentry","category-economie","category-maroc"],"_links":{"self":[{"href":"https:\/\/linitiative.ca\/International\/wp-json\/wp\/v2\/posts\/104851","targetHints":{"allow":["GET"]}}],"collection":[{"href":"https:\/\/linitiative.ca\/International\/wp-json\/wp\/v2\/posts"}],"about":[{"href":"https:\/\/linitiative.ca\/International\/wp-json\/wp\/v2\/types\/post"}],"author":[{"embeddable":true,"href":"https:\/\/linitiative.ca\/International\/wp-json\/wp\/v2\/users\/1763"}],"replies":[{"embeddable":true,"href":"https:\/\/linitiative.ca\/International\/wp-json\/wp\/v2\/comments?post=104851"}],"version-history":[{"count":0,"href":"https:\/\/linitiative.ca\/International\/wp-json\/wp\/v2\/posts\/104851\/revisions"}],"wp:attachment":[{"href":"https:\/\/linitiative.ca\/International\/wp-json\/wp\/v2\/media?parent=104851"}],"wp:term":[{"taxonomy":"category","embeddable":true,"href":"https:\/\/linitiative.ca\/International\/wp-json\/wp\/v2\/categories?post=104851"},{"taxonomy":"post_tag","embeddable":true,"href":"https:\/\/linitiative.ca\/International\/wp-json\/wp\/v2\/tags?post=104851"}],"curies":[{"name":"wp","href":"https:\/\/api.w.org\/{rel}","templated":true}]}}