{"id":104852,"date":"2020-11-16T14:53:22","date_gmt":"2020-11-16T19:53:22","guid":{"rendered":"https:\/\/linitiative.ca\/International\/covid-19-laction-del-othmani-convainc-peu\/"},"modified":"2020-11-16T14:53:22","modified_gmt":"2020-11-16T19:53:22","slug":"covid-19-laction-del-othmani-convainc-peu","status":"publish","type":"post","link":"https:\/\/linitiative.ca\/International\/covid-19-laction-del-othmani-convainc-peu\/","title":{"rendered":"Covid-19: L\u2019action d\u2019El Othmani  convainc peu"},"content":{"rendered":"<div class=\"body\">\n<div class=\"field field-name-body field-type-text-with-summary field-label-hidden\">\n<div class=\"field-items\" readability=\"7.5\">\n<div class=\"field-item even\" property=\"content:encoded\" readability=\"10\">\n<p class=\"rtejustify\">A peine 24% des marocains ont d\u00e9clar\u00e9 \u00eatre satisfaits de l\u2019action du chef du gouvernement pour tenter d\u2019enrayer les effets de la covid-19. Selon l\u2019enqu\u00eate du Policy Center 33% se disent insatisfaits et 43% sont neutres. Ceci dit, 37% des r\u00e9pondants s\u2019estiment optimistes.<br \/><em>M.A.B. <\/em><\/p>\n<\/div>\n<\/div>\n<\/div>\n<\/div>\n<div class=\"eco-conseil\">\n<div class=\"view view-eco-conseil-16 view-id-eco_conseil_16 view-display-id-cookies view-dom-id-536d023477c899310bdad4351cdcba05\">\n<div class=\"view-content\">\n<div id=\"views-bootstrap-grid-1\" class=\"views-bootstrap-grid-plugin-style\">\n<div class=\"row\">\n<div class=\" col-xs-12 col-lg-4\">\n<div class=\"row\">\n<div class=\"col col-xs-12 col-lg-12\">\n<div class=\"field-content\"><a href=\"\/article\/1069632-entrepreneuriat-clap-de-fin-pour-le-programme-d-appui-aux-refugies\"><img loading=\"lazy\" decoding=\"async\" class=\"img-responsive\" typeof=\"foaf:Image\" src=\"https:\/\/www.leconomiste.com\/sites\/default\/files\/eco7\/public\/styles\/800x400\/public\/default_images\/default_une.jpg?itok=4jZlgnIZ\" width=\"660\" height=\"330\" alt=\"\"\/><\/a><\/div>\n<\/div>\n<div class=\" title_suite_2 col col-xs-12 col-lg-12\"> <a href=\"\/article\/1069632-entrepreneuriat-clap-de-fin-pour-le-programme-d-appui-aux-refugies\"\/><span class=\"field-content\">Entrepreneuriat: Clap de fin pour le programme d\u2019appui aux r\u00e9fugi\u00e9s<\/span><\/div>\n<\/div>\n<\/div>\n<div class=\" col-xs-12 col-lg-4\">\n<div class=\"row\">\n<div class=\"col col-xs-12 col-lg-12\">\n<div class=\"field-content\"><a href=\"\/article\/1069631-le-mandarin-oriental-change-de-management\"><img loading=\"lazy\" decoding=\"async\" class=\"img-responsive\" typeof=\"foaf:Image\" src=\"https:\/\/www.leconomiste.com\/sites\/default\/files\/eco7\/public\/styles\/800x400\/public\/default_images\/default_une.jpg?itok=4jZlgnIZ\" width=\"660\" height=\"330\" alt=\"\"\/><\/a><\/div>\n<\/div>\n<div class=\" title_suite_2 col col-xs-12 col-lg-12\"> <a href=\"\/article\/1069631-le-mandarin-oriental-change-de-management\"\/><span class=\"field-content\">Le Mandarin Oriental change de management<\/span><\/div>\n<\/div>\n<\/div>\n<div class=\" col-xs-12 col-lg-4\">\n<div class=\"row\">\n<div class=\"col col-xs-12 col-lg-12\">\n<div class=\"field-content\"><a href=\"\/article\/1069629-la-covid-19-premiere-preoccupation-des-marocains\"><img loading=\"lazy\" decoding=\"async\" class=\"img-responsive\" typeof=\"foaf:Image\" src=\"https:\/\/www.leconomiste.com\/sites\/default\/files\/eco7\/public\/styles\/800x400\/public\/default_images\/default_une.jpg?itok=4jZlgnIZ\" width=\"660\" height=\"330\" alt=\"\"\/><\/a><\/div>\n<\/div>\n<div class=\" title_suite_2 col col-xs-12 col-lg-12\"> <a href=\"\/article\/1069629-la-covid-19-premiere-preoccupation-des-marocains\"\/><span class=\"field-content\">La Covid-19 premi\u00e8re pr\u00e9occupation des marocains\u2026<\/span><\/div>\n<\/div>\n<\/div>\n<\/div>\n<\/div>\n<\/div>\n<\/div>\n<\/div>\n<p>Auteur: hlafriqi<br \/>\n<a href=\"https:\/\/www.leconomiste.com\/article\/1069630-covid-19-l-action-d-el-othmani-convainc-peu\">Cliquez ici pour lire l&rsquo;article depuis sa source.<\/a><\/p>\n","protected":false},"excerpt":{"rendered":"<p>A peine 24% des marocains ont d\u00e9clar\u00e9 \u00eatre satisfaits de l\u2019action du chef du gouvernement pour tenter d\u2019enrayer les effets de la covid-19. Selon l\u2019enqu\u00eate du Policy Center 33% se disent insatisfaits et 43% sont neutres. Ceci dit, 37% des r\u00e9pondants s\u2019estiment optimistes.M.A.B. Entrepreneuriat: Clap de fin pour le programme d\u2019appui aux r\u00e9fugi\u00e9s Le Mandarin [&hellip;]<\/p>\n","protected":false},"author":1763,"featured_media":0,"comment_status":"closed","ping_status":"closed","sticky":false,"template":"","format":"standard","meta":{"fifu_image_url":"","fifu_image_alt":"","footnotes":""},"categories":[78,54],"tags":[],"class_list":["post-104852","post","type-post","status-publish","format-standard","hentry","category-economie","category-maroc"],"_links":{"self":[{"href":"https:\/\/linitiative.ca\/International\/wp-json\/wp\/v2\/posts\/104852","targetHints":{"allow":["GET"]}}],"collection":[{"href":"https:\/\/linitiative.ca\/International\/wp-json\/wp\/v2\/posts"}],"about":[{"href":"https:\/\/linitiative.ca\/International\/wp-json\/wp\/v2\/types\/post"}],"author":[{"embeddable":true,"href":"https:\/\/linitiative.ca\/International\/wp-json\/wp\/v2\/users\/1763"}],"replies":[{"embeddable":true,"href":"https:\/\/linitiative.ca\/International\/wp-json\/wp\/v2\/comments?post=104852"}],"version-history":[{"count":0,"href":"https:\/\/linitiative.ca\/International\/wp-json\/wp\/v2\/posts\/104852\/revisions"}],"wp:attachment":[{"href":"https:\/\/linitiative.ca\/International\/wp-json\/wp\/v2\/media?parent=104852"}],"wp:term":[{"taxonomy":"category","embeddable":true,"href":"https:\/\/linitiative.ca\/International\/wp-json\/wp\/v2\/categories?post=104852"},{"taxonomy":"post_tag","embeddable":true,"href":"https:\/\/linitiative.ca\/International\/wp-json\/wp\/v2\/tags?post=104852"}],"curies":[{"name":"wp","href":"https:\/\/api.w.org\/{rel}","templated":true}]}}