{"id":104853,"date":"2020-11-16T14:53:23","date_gmt":"2020-11-16T19:53:23","guid":{"rendered":"https:\/\/linitiative.ca\/International\/le-mandarin-oriental-change-de-management\/"},"modified":"2020-11-16T14:53:23","modified_gmt":"2020-11-16T19:53:23","slug":"le-mandarin-oriental-change-de-management","status":"publish","type":"post","link":"https:\/\/linitiative.ca\/International\/le-mandarin-oriental-change-de-management\/","title":{"rendered":"Le Mandarin Oriental change de management"},"content":{"rendered":"<div class=\"body\">\n<div class=\"field field-name-body field-type-text-with-summary field-label-hidden\">\n<div class=\"field-items\" readability=\"8.5\">\n<div class=\"field-item even\" property=\"content:encoded\" readability=\"12\">\n<p class=\"rtejustify\">Nouveau directeur g\u00e9n\u00e9ral au Mandarin Oriental Marrakech. Marcel Thoma a \u00e9t\u00e9 d\u00e9sign\u00e9 \u00e0 la t\u00eate de cette enseigne d\u2019h\u00f4tellerie haut de gamme en octobre 2020. Polyglotte, le top management a plus de 20 ans d&rsquo;exp\u00e9rience. Marcel Thoma a entam\u00e9 sa carri\u00e8re en Suisse dans la boutique-h\u00f4tel de luxe Widder Hotel \u00e0 Zurich, puis au Ritz-Carlton au Mexique et en Espagne. Il a ensuite occup\u00e9 des postes de direction chez Rosewood Hotels &amp; Resorts \u00e0 New York et enfin The Upper House \u00e0 Hong Kong.<br \/><em>F.F.\u00a0 <\/em><\/p>\n<\/div>\n<\/div>\n<\/div>\n<\/div>\n<div class=\"eco-conseil\">\n<div class=\"view view-eco-conseil-16 view-id-eco_conseil_16 view-display-id-cookies view-dom-id-766390aac035b8ac4ff5cf065baf542f\">\n<div class=\"view-content\">\n<div id=\"views-bootstrap-grid-1\" class=\"views-bootstrap-grid-plugin-style\">\n<div class=\"row\">\n<div class=\" col-xs-12 col-lg-4\">\n<div class=\"row\">\n<div class=\"col col-xs-12 col-lg-12\">\n<div class=\"field-content\"><a href=\"\/article\/1069632-entrepreneuriat-clap-de-fin-pour-le-programme-d-appui-aux-refugies\"><img loading=\"lazy\" decoding=\"async\" class=\"img-responsive\" typeof=\"foaf:Image\" src=\"https:\/\/www.leconomiste.com\/sites\/default\/files\/eco7\/public\/styles\/800x400\/public\/default_images\/default_une.jpg?itok=4jZlgnIZ\" width=\"660\" height=\"330\" alt=\"\"\/><\/a><\/div>\n<\/div>\n<div class=\" title_suite_2 col col-xs-12 col-lg-12\"> <a href=\"\/article\/1069632-entrepreneuriat-clap-de-fin-pour-le-programme-d-appui-aux-refugies\"\/><span class=\"field-content\">Entrepreneuriat: Clap de fin pour le programme d\u2019appui aux r\u00e9fugi\u00e9s<\/span><\/div>\n<\/div>\n<\/div>\n<div class=\" col-xs-12 col-lg-4\">\n<div class=\"row\">\n<div class=\"col col-xs-12 col-lg-12\">\n<div class=\"field-content\"><a href=\"\/article\/1069630-covid-19-l-action-d-el-othmani-convainc-peu\"><img loading=\"lazy\" decoding=\"async\" class=\"img-responsive\" typeof=\"foaf:Image\" src=\"https:\/\/www.leconomiste.com\/sites\/default\/files\/eco7\/public\/styles\/800x400\/public\/default_images\/default_une.jpg?itok=4jZlgnIZ\" width=\"660\" height=\"330\" alt=\"\"\/><\/a><\/div>\n<\/div>\n<div class=\" title_suite_2 col col-xs-12 col-lg-12\"> <a href=\"\/article\/1069630-covid-19-l-action-d-el-othmani-convainc-peu\"\/><span class=\"field-content\">Covid-19: L\u2019action d\u2019El Othmani convainc peu<\/span><\/div>\n<\/div>\n<\/div>\n<div class=\" col-xs-12 col-lg-4\">\n<div class=\"row\">\n<div class=\"col col-xs-12 col-lg-12\">\n<div class=\"field-content\"><a href=\"\/article\/1069629-la-covid-19-premiere-preoccupation-des-marocains\"><img loading=\"lazy\" decoding=\"async\" class=\"img-responsive\" typeof=\"foaf:Image\" src=\"https:\/\/www.leconomiste.com\/sites\/default\/files\/eco7\/public\/styles\/800x400\/public\/default_images\/default_une.jpg?itok=4jZlgnIZ\" width=\"660\" height=\"330\" alt=\"\"\/><\/a><\/div>\n<\/div>\n<div class=\" title_suite_2 col col-xs-12 col-lg-12\"> <a href=\"\/article\/1069629-la-covid-19-premiere-preoccupation-des-marocains\"\/><span class=\"field-content\">La Covid-19 premi\u00e8re pr\u00e9occupation des marocains\u2026<\/span><\/div>\n<\/div>\n<\/div>\n<\/div>\n<\/div>\n<\/div>\n<\/div>\n<\/div>\n<p>Auteur: hlafriqi<br \/>\n<a href=\"https:\/\/www.leconomiste.com\/article\/1069631-le-mandarin-oriental-change-de-management\">Cliquez ici pour lire l&rsquo;article depuis sa source.<\/a><\/p>\n","protected":false},"excerpt":{"rendered":"<p>Nouveau directeur g\u00e9n\u00e9ral au Mandarin Oriental Marrakech. Marcel Thoma a \u00e9t\u00e9 d\u00e9sign\u00e9 \u00e0 la t\u00eate de cette enseigne d\u2019h\u00f4tellerie haut de gamme en octobre 2020. Polyglotte, le top management a plus de 20 ans d&rsquo;exp\u00e9rience. Marcel Thoma a entam\u00e9 sa carri\u00e8re en Suisse dans la boutique-h\u00f4tel de luxe Widder Hotel \u00e0 Zurich, puis au Ritz-Carlton [&hellip;]<\/p>\n","protected":false},"author":1763,"featured_media":0,"comment_status":"closed","ping_status":"closed","sticky":false,"template":"","format":"standard","meta":{"fifu_image_url":"","fifu_image_alt":"","footnotes":""},"categories":[78,54],"tags":[],"class_list":["post-104853","post","type-post","status-publish","format-standard","hentry","category-economie","category-maroc"],"_links":{"self":[{"href":"https:\/\/linitiative.ca\/International\/wp-json\/wp\/v2\/posts\/104853","targetHints":{"allow":["GET"]}}],"collection":[{"href":"https:\/\/linitiative.ca\/International\/wp-json\/wp\/v2\/posts"}],"about":[{"href":"https:\/\/linitiative.ca\/International\/wp-json\/wp\/v2\/types\/post"}],"author":[{"embeddable":true,"href":"https:\/\/linitiative.ca\/International\/wp-json\/wp\/v2\/users\/1763"}],"replies":[{"embeddable":true,"href":"https:\/\/linitiative.ca\/International\/wp-json\/wp\/v2\/comments?post=104853"}],"version-history":[{"count":0,"href":"https:\/\/linitiative.ca\/International\/wp-json\/wp\/v2\/posts\/104853\/revisions"}],"wp:attachment":[{"href":"https:\/\/linitiative.ca\/International\/wp-json\/wp\/v2\/media?parent=104853"}],"wp:term":[{"taxonomy":"category","embeddable":true,"href":"https:\/\/linitiative.ca\/International\/wp-json\/wp\/v2\/categories?post=104853"},{"taxonomy":"post_tag","embeddable":true,"href":"https:\/\/linitiative.ca\/International\/wp-json\/wp\/v2\/tags?post=104853"}],"curies":[{"name":"wp","href":"https:\/\/api.w.org\/{rel}","templated":true}]}}