{"id":104854,"date":"2020-11-16T14:53:25","date_gmt":"2020-11-16T19:53:25","guid":{"rendered":"https:\/\/linitiative.ca\/International\/entrepreneuriat-clap-de-fin-pour-le-programme-dappui-aux-refugies\/"},"modified":"2020-11-16T14:53:25","modified_gmt":"2020-11-16T19:53:25","slug":"entrepreneuriat-clap-de-fin-pour-le-programme-dappui-aux-refugies","status":"publish","type":"post","link":"https:\/\/linitiative.ca\/International\/entrepreneuriat-clap-de-fin-pour-le-programme-dappui-aux-refugies\/","title":{"rendered":"Entrepreneuriat: Clap de fin pour le programme d\u2019appui aux r\u00e9fugi\u00e9s"},"content":{"rendered":"<div class=\"author\" readability=\"5.6\"> Par <a href=\"\/content\/karim-agoumi\">Karim Agoumi<\/a> <a href=\"\/node\/\"> <\/a> | Edition N\u00b0:5884 Le 13\/11\/2020 | Partager <\/div>\n<div class=\"body\">\n<div class=\"field field-name-body field-type-text-with-summary field-label-hidden\">\n<div class=\"field-items\" readability=\"9.5\">\n<div class=\"field-item even\" property=\"content:encoded\" readability=\"14\">\n<p class=\"rtejustify\">Le projet d\u2019appui au d\u00e9veloppement de projets entrepreneuriaux \u00e9manant de r\u00e9fugi\u00e9s marocains, men\u00e9 entre autre par le Haut-commissariat des Nations Unies pour les R\u00e9fugi\u00e9s (HCR) ou encore l\u2019Agence nationale de promotion de l\u2019emploi et des comp\u00e9tences (ANAPEC), vient de prendre fin. Une c\u00e9r\u00e9monie de cl\u00f4ture qui a r\u00e9uni institutions publiques, organisations de la soci\u00e9t\u00e9 civile dans l\u2019objectif de dresser le bilan d\u2019une op\u00e9ration entam\u00e9e suite \u00e0 un accord sign\u00e9 en 2018. Son objectif: faciliter l\u2019acc\u00e8s \u00e0 l\u2019entrepreneuriat pour cette cat\u00e9gorie de la population et augmenter sensiblement son insertion sur le march\u00e9 de l\u2019emploi. Etal\u00e9 sur deux ann\u00e9es, le programme a permis d\u2019accompagner pas moins de 400 r\u00e9fugi\u00e9s pour la cr\u00e9ation d\u2019une activit\u00e9 g\u00e9n\u00e9ratrice de revenu et d\u2019en sensibiliser pas moins de 300 \u00e0 l\u2019auto-emploi.<br \/><em>K.A.<\/em><\/p>\n<\/div>\n<\/div>\n<\/div>\n<\/div>\n<div class=\"eco-conseil\">\n<div class=\"view view-eco-conseil-16 view-id-eco_conseil_16 view-display-id-cookies view-dom-id-95ec2eaf7cda53a2c26bf85c3935a27e\">\n<div class=\"view-content\">\n<div id=\"views-bootstrap-grid-1\" class=\"views-bootstrap-grid-plugin-style\">\n<div class=\"row\">\n<div class=\" col-xs-12 col-lg-4\">\n<div class=\"row\">\n<div class=\"col col-xs-12 col-lg-12\">\n<div class=\"field-content\"><a href=\"\/article\/1069631-le-mandarin-oriental-change-de-management\"><img loading=\"lazy\" decoding=\"async\" class=\"img-responsive\" typeof=\"foaf:Image\" src=\"https:\/\/www.leconomiste.com\/sites\/default\/files\/eco7\/public\/styles\/800x400\/public\/default_images\/default_une.jpg?itok=4jZlgnIZ\" width=\"660\" height=\"330\" alt=\"\"\/><\/a><\/div>\n<\/div>\n<div class=\" title_suite_2 col col-xs-12 col-lg-12\"> <a href=\"\/article\/1069631-le-mandarin-oriental-change-de-management\"\/><span class=\"field-content\">Le Mandarin Oriental change de management<\/span><\/div>\n<\/div>\n<\/div>\n<div class=\" col-xs-12 col-lg-4\">\n<div class=\"row\">\n<div class=\"col col-xs-12 col-lg-12\">\n<div class=\"field-content\"><a href=\"\/article\/1069630-covid-19-l-action-d-el-othmani-convainc-peu\"><img loading=\"lazy\" decoding=\"async\" class=\"img-responsive\" typeof=\"foaf:Image\" src=\"https:\/\/www.leconomiste.com\/sites\/default\/files\/eco7\/public\/styles\/800x400\/public\/default_images\/default_une.jpg?itok=4jZlgnIZ\" width=\"660\" height=\"330\" alt=\"\"\/><\/a><\/div>\n<\/div>\n<div class=\" title_suite_2 col col-xs-12 col-lg-12\"> <a href=\"\/article\/1069630-covid-19-l-action-d-el-othmani-convainc-peu\"\/><span class=\"field-content\">Covid-19: L\u2019action d\u2019El Othmani convainc peu<\/span><\/div>\n<\/div>\n<\/div>\n<div class=\" col-xs-12 col-lg-4\">\n<div class=\"row\">\n<div class=\"col col-xs-12 col-lg-12\">\n<div class=\"field-content\"><a href=\"\/article\/1069629-la-covid-19-premiere-preoccupation-des-marocains\"><img loading=\"lazy\" decoding=\"async\" class=\"img-responsive\" typeof=\"foaf:Image\" src=\"https:\/\/www.leconomiste.com\/sites\/default\/files\/eco7\/public\/styles\/800x400\/public\/default_images\/default_une.jpg?itok=4jZlgnIZ\" width=\"660\" height=\"330\" alt=\"\"\/><\/a><\/div>\n<\/div>\n<div class=\" title_suite_2 col col-xs-12 col-lg-12\"> <a href=\"\/article\/1069629-la-covid-19-premiere-preoccupation-des-marocains\"\/><span class=\"field-content\">La Covid-19 premi\u00e8re pr\u00e9occupation des marocains\u2026<\/span><\/div>\n<\/div>\n<\/div>\n<\/div>\n<\/div>\n<\/div>\n<\/div>\n<\/div>\n<p>Auteur: hlafriqi<br \/>\n<a href=\"https:\/\/www.leconomiste.com\/article\/1069632-entrepreneuriat-clap-de-fin-pour-le-programme-d-appui-aux-refugies\">Cliquez ici pour lire l&rsquo;article depuis sa source.<\/a><\/p>\n","protected":false},"excerpt":{"rendered":"<p>Par Karim Agoumi | Edition N\u00b0:5884 Le 13\/11\/2020 | Partager Le projet d\u2019appui au d\u00e9veloppement de projets entrepreneuriaux \u00e9manant de r\u00e9fugi\u00e9s marocains, men\u00e9 entre autre par le Haut-commissariat des Nations Unies pour les R\u00e9fugi\u00e9s (HCR) ou encore l\u2019Agence nationale de promotion de l\u2019emploi et des comp\u00e9tences (ANAPEC), vient de prendre fin. Une c\u00e9r\u00e9monie de cl\u00f4ture [&hellip;]<\/p>\n","protected":false},"author":1763,"featured_media":0,"comment_status":"closed","ping_status":"closed","sticky":false,"template":"","format":"standard","meta":{"fifu_image_url":"","fifu_image_alt":"","footnotes":""},"categories":[78,54],"tags":[],"class_list":["post-104854","post","type-post","status-publish","format-standard","hentry","category-economie","category-maroc"],"_links":{"self":[{"href":"https:\/\/linitiative.ca\/International\/wp-json\/wp\/v2\/posts\/104854","targetHints":{"allow":["GET"]}}],"collection":[{"href":"https:\/\/linitiative.ca\/International\/wp-json\/wp\/v2\/posts"}],"about":[{"href":"https:\/\/linitiative.ca\/International\/wp-json\/wp\/v2\/types\/post"}],"author":[{"embeddable":true,"href":"https:\/\/linitiative.ca\/International\/wp-json\/wp\/v2\/users\/1763"}],"replies":[{"embeddable":true,"href":"https:\/\/linitiative.ca\/International\/wp-json\/wp\/v2\/comments?post=104854"}],"version-history":[{"count":0,"href":"https:\/\/linitiative.ca\/International\/wp-json\/wp\/v2\/posts\/104854\/revisions"}],"wp:attachment":[{"href":"https:\/\/linitiative.ca\/International\/wp-json\/wp\/v2\/media?parent=104854"}],"wp:term":[{"taxonomy":"category","embeddable":true,"href":"https:\/\/linitiative.ca\/International\/wp-json\/wp\/v2\/categories?post=104854"},{"taxonomy":"post_tag","embeddable":true,"href":"https:\/\/linitiative.ca\/International\/wp-json\/wp\/v2\/tags?post=104854"}],"curies":[{"name":"wp","href":"https:\/\/api.w.org\/{rel}","templated":true}]}}