{"id":104857,"date":"2020-11-16T11:30:00","date_gmt":"2020-11-16T16:30:00","guid":{"rendered":"https:\/\/linitiative.ca\/International\/des-reprises-infernales\/"},"modified":"2020-11-16T11:30:00","modified_gmt":"2020-11-16T16:30:00","slug":"des-reprises-infernales","status":"publish","type":"post","link":"https:\/\/linitiative.ca\/International\/des-reprises-infernales\/","title":{"rendered":"Des reprises infernales"},"content":{"rendered":"<p class=\"p1 c5\"><span class=\"c4\"><span class=\"c3\"><span class=\"s1 c2\"><strong>Le Temps- Lotfi Ben KHALIFA<\/strong><\/span><\/span><\/span><\/p>\n<p class=\"p1 c5\"><span class=\"c4\"><span class=\"c3\"><strong>La reprise excessive de la diffusion de plusieurs feuilletons tunisiens des\u2026 vingt cinq derni\u00e8res ann\u00e9es ! (Excusez du peu !) Mais aussi des concerts publics tunisiens et arabes qui ont eu lieu durant la m\u00eame p\u00e9riode constituent la grande part de la programmation des vari\u00e9t\u00e9s et autres \u00ab Dramas \u00bb sur les deux cha\u00eenes de t\u00e9l\u00e9vision nationale : \u00ab Watania 1 et 2. \u00bb<span class=\"Apple-converted-space\">\u00a0<\/span><\/strong><\/span><\/span><\/p>\n<p class=\"p1 c6\"><span class=\"c4\"><span class=\"c3\">Cela pourrait s\u2019expliquer par le fait que le confinement g\u00e9n\u00e9ral qui avait \u00e9t\u00e9 d\u00e9cid\u00e9 au deuxi\u00e8me trimestre de l\u2019ann\u00e9e 2020 et d\u00fb au Covid-19 en est la cause, vu que personne ne pouvait plus tourner quoi que ce soit. Cela continue d\u2019ailleurs ces jours-ci avec un confinement dirig\u00e9, voire \u00ab new-look \u00bb qui exclut, encore une fois toute activit\u00e9 culturelle ou artistique diurne et nocturne. La nuit \u00e9tant devenue un temps de \u00ab couvre-feu \u00bb, une appellation qui renvoie plut\u00f4t \u00e0 une situation de troubles qui s\u00e9vit dans une<span class=\"Apple-converted-space\">\u00a0<\/span> cit\u00e9 et qui n\u00e9cessite une telle d\u00e9cision. Pourtant, la T\u00e9l\u00e9vision Nationale bosse 24H\/24 et aurait pu produire, le cas \u00e9ch\u00e9ant, un ou deux Sitcom en studio. Mais on ne sait pas trop pourquoi elle n\u2019a pas pris l\u2019initiative, sachant que les propositions n\u2019y manquent pas.<span class=\"Apple-converted-space\">\u00a0<\/span><\/span><\/span><\/p>\n<p class=\"p1 c6\"><span class=\"c4\"><span class=\"c3\">La production se passe aujourd\u2019hui \u00ab \u00e0 l\u2019envers \u00bb avec un travail fini r\u00e9alis\u00e9 et produit par des soci\u00e9t\u00e9s priv\u00e9es. Il reste \u00e0 l\u2019organisme national de t\u00e9l\u00e9vision de le voir et peut-\u00eatre de l\u2019acqu\u00e9rir. Et dans ce m\u00eame ordre d\u2019id\u00e9es, on se retrouve devant la \u00ab colle \u00bb des feuilletons de Ramadan o\u00f9 les choix aboutissent presque toujours sur des bides, voire \u00e0 un \u00e9chec total. Comme celui du \u00ab 27 \u00bb qui avait fait couler beaucoup d\u2019encre \u00e0 cause de sa nullit\u00e9 et de ce qui s\u2019en suivit \u00e0 cause, encore une cause, du non-paiement des com\u00e9diens par le producteur-r\u00e9alisateur.<span class=\"Apple-converted-space\">\u00a0<\/span><\/span><\/span><\/p>\n<p class=\"p1 c6\"><span class=\"c4\"><span class=\"c3\">Les diff\u00e9rents<span class=\"Apple-converted-space\">\u00a0<\/span> responsables qui se sont succ\u00e9d\u00e9 \u00e0 la t\u00eate de notre t\u00e9l\u00e9vision ont maintes fois exprim\u00e9 le souhait de produire des feuilletons \u00e0 longueur d\u2019ann\u00e9e. Mais rien ou presque ne fut fait \u00e0 cause de l\u2019argent qui leur manquait, \u00e0 chaque fois. Quant aux vari\u00e9t\u00e9s ou quelque chose qui leur ressemble, elles sont au<span class=\"Apple-converted-space\">\u00a0<\/span> compte-goutte.<\/span><\/span><\/p>\n<p class=\"p2 c7\">\u00a0<\/p>\n<p class=\"p1 c5\">\u00a0<\/p>\n<p class=\"p3 c8\"><span class=\"c4\"><span class=\"c3\"><strong>LBK<\/strong><\/span><\/span><\/p>\n<p>Auteur: letemps1<br \/>\n<a href=\"http:\/\/www.letemps.com.tn\/article\/118108\/des-reprises-infernales\">Cliquez ici pour lire l&rsquo;article depuis sa source.<\/a><\/p>\n","protected":false},"excerpt":{"rendered":"<p>Le Temps- Lotfi Ben KHALIFA La reprise excessive de la diffusion de plusieurs feuilletons tunisiens des\u2026 vingt cinq derni\u00e8res ann\u00e9es ! (Excusez du peu !) Mais aussi des concerts publics tunisiens et arabes qui ont eu lieu durant la m\u00eame p\u00e9riode constituent la grande part de la programmation des vari\u00e9t\u00e9s et autres \u00ab Dramas \u00bb [&hellip;]<\/p>\n","protected":false},"author":1773,"featured_media":0,"comment_status":"closed","ping_status":"closed","sticky":false,"template":"","format":"standard","meta":{"fifu_image_url":"","fifu_image_alt":"","footnotes":""},"categories":[73,55],"tags":[],"class_list":["post-104857","post","type-post","status-publish","format-standard","hentry","category-actualite","category-tunisie"],"_links":{"self":[{"href":"https:\/\/linitiative.ca\/International\/wp-json\/wp\/v2\/posts\/104857","targetHints":{"allow":["GET"]}}],"collection":[{"href":"https:\/\/linitiative.ca\/International\/wp-json\/wp\/v2\/posts"}],"about":[{"href":"https:\/\/linitiative.ca\/International\/wp-json\/wp\/v2\/types\/post"}],"author":[{"embeddable":true,"href":"https:\/\/linitiative.ca\/International\/wp-json\/wp\/v2\/users\/1773"}],"replies":[{"embeddable":true,"href":"https:\/\/linitiative.ca\/International\/wp-json\/wp\/v2\/comments?post=104857"}],"version-history":[{"count":0,"href":"https:\/\/linitiative.ca\/International\/wp-json\/wp\/v2\/posts\/104857\/revisions"}],"wp:attachment":[{"href":"https:\/\/linitiative.ca\/International\/wp-json\/wp\/v2\/media?parent=104857"}],"wp:term":[{"taxonomy":"category","embeddable":true,"href":"https:\/\/linitiative.ca\/International\/wp-json\/wp\/v2\/categories?post=104857"},{"taxonomy":"post_tag","embeddable":true,"href":"https:\/\/linitiative.ca\/International\/wp-json\/wp\/v2\/tags?post=104857"}],"curies":[{"name":"wp","href":"https:\/\/api.w.org\/{rel}","templated":true}]}}