{"id":104859,"date":"2020-11-16T11:30:00","date_gmt":"2020-11-16T16:30:00","guid":{"rendered":"https:\/\/linitiative.ca\/International\/escalade-des-violences-interethniques\/"},"modified":"2020-11-16T11:30:00","modified_gmt":"2020-11-16T16:30:00","slug":"escalade-des-violences-interethniques","status":"publish","type":"post","link":"https:\/\/linitiative.ca\/International\/escalade-des-violences-interethniques\/","title":{"rendered":"Escalade des violences interethniques"},"content":{"rendered":"<p class=\"p1 c5\"><span class=\"c4\"><span class=\"c3\"><span class=\"s1 c2\"><strong>Le Temps-Agences<\/strong><\/span><\/span><\/span><\/p>\n<p class=\"p2 c6\"><span class=\"c4\"><span class=\"c3\"><strong>Un massacre d\u2019\u00c9thiopiens appartenant \u00e0 l\u2019ethnie Amhara, des arrestations de Tigr\u00e9ens&#8230; Le conflit en \u00c9thiopie pourrait rapidement devenir incontr\u00f4lable pr\u00e9vient l\u2019ONU, qui craint de nombreuses victimes, des destructions et des d\u00e9placements massifs de population. D\u2019apr\u00e8s certaines ONG et certains r\u00e9fugi\u00e9s, les exactions s\u2019intensifient dans le Tigr\u00e9. Par ailleurs, l&rsquo;\u00c9thiopie accuse les forces du Tigr\u00e9 d&rsquo;avoir tir\u00e9 dans la nuit de vendredi \u00e0 samedi des roquettes sur la r\u00e9gion de l&rsquo;Amhara.<\/strong><\/span><\/span><\/p>\n<p class=\"p1 c5\"><span class=\"c4\"><span class=\"c3\">Cela fait maintenant onze jours que les combats ont lieu dans la province du Tigr\u00e9, au nord du pays. Les observateurs craignent une guerre de grande ampleur qui se d\u00e9roule dans le silence et loin des regards depuis la coupure compl\u00e8te des t\u00e9l\u00e9communications.<\/span><\/span><\/p>\n<p class=\"p1 c5\"><span class=\"c4\"><span class=\"c3\">Apr\u00e8s le massacre de Mai-Kadra en d\u00e9but de semaine attribu\u00e9 aux soldats tigr\u00e9ens, les r\u00e9fugi\u00e9s pass\u00e9s au Soudan ont eux aussi fait part d\u2019atrocit\u00e9s, d&rsquo;exactions, de violences interethniques ainsi que civils tomb\u00e9s sous les bombardements des forces gouvernementales.<\/span><\/span><\/p>\n<p class=\"p1 c5\"><span class=\"c4\"><span class=\"c3\">L\u2019ONU s\u2019alarme par la voix de sa Haute Commissaire aux droits de l&rsquo;homme Michelle Bachelet, qui parle d\u2019\u00e9ventuels crimes de guerre. Elle a r\u00e9it\u00e9r\u00e9 son appel au cessez-le-feu, tout comme Tibor Nagy le secr\u00e9taire d&rsquo;\u00c9tat adjoint am\u00e9ricain aux Affaires africaines. Les combats continuent pourtant dans le Nord. Le ministre des Affaires \u00e9trang\u00e8res Demeke Mekonnen estime m\u00eame que la victoire sera tr\u00e8s rapide.<\/span><\/span><\/p>\n<p class=\"p1 c5\"><span class=\"c4\"><span class=\"c3\">Avec ces massacres, les observateurs craignent une escalade des tensions interethniques. Dans un rapport cit\u00e9 par Reuters, le Programme alimentaire mondial indique que la police \u00e9thiopienne lui a demand\u00e9 de pr\u00e9senter une liste de ses employ\u00e9s d\u2019origine tigr\u00e9enne. Faux, selon le gouvernement, qui assure avoir voulu arr\u00eat\u00e9 des agents du TPLF infiltr\u00e9s dans les organisations internationales. Les contr\u00f4les d\u2019identit\u00e9 sont aussi tr\u00e8s pouss\u00e9s \u00e0 l\u2019a\u00e9roport d\u2019Addis Abeba. Plusieurs sources font \u00e9tat de v\u00e9rifications sur une base ethnique qui ont d\u00e9j\u00e0 d\u00e9bouch\u00e9 sur un refus de sortie du territoire pour plusieurs individus.<\/span><\/span><\/p>\n<p class=\"p1 c5\"><span class=\"c4\"><span class=\"c3\">L\u2019Union africaine a limog\u00e9 son chef de la s\u00e9curit\u00e9 ce mercredi sur demande du gouvernement \u00e9thiopien. Le g\u00e9n\u00e9ral tigr\u00e9en serait d\u00e9loyale au gouvernement. La requ\u00eate a \u00e9t\u00e9 accept\u00e9e par l\u2019UA en 24h.<\/span><\/span><\/p>\n<p class=\"p1 c5\"><span class=\"c4\"><span class=\"c3\">L&rsquo;exode de civils \u00e9thiopiens vers le Soudan ne se tarit pas<\/span><\/span><\/p>\n<p class=\"p1 c5\"><span class=\"c4\"><span class=\"c3\">Depuis deux jours, les combats dans la r\u00e9gion du Tigr\u00e9 ne sont plus audibles du c\u00f4t\u00e9 soudanais. Mais les r\u00e9fugi\u00e9s continuent d\u2019affluer chaque jour \u00e0 la fronti\u00e8re. En moins d\u2019une semaine, ils sont environ 15 000 \u00e0 l\u2019avoir franchi. Et toujours selon l\u2019agence de l\u2019ONU pour les r\u00e9fugi\u00e9s, pr\u00e8s de la moiti\u00e9 sont des enfants. Dans l\u2019urgence, des ONG ont install\u00e9 quelques tentes. Mais beaucoup dorment dans des abris de fortune ou \u00e0 m\u00eame le sol.<\/span><\/span><\/p>\n<p class=\"p1 c5\"><span class=\"c4\"><span class=\"c3\">Les autorit\u00e9s soudanaises ne souhaitent pas qu\u2019ils s\u2019installent aussi pr\u00e8s de la fronti\u00e8re. Elles ont d\u00e9cid\u00e9 de les transf\u00e9rer \u00e0 70 kilom\u00e8tres de l\u00e0, au sud, dans le camp d\u2019Um Rakuba. Le Croissant-Rouge soudanais est \u00e0 pied d\u2019\u0153uvre pour pr\u00e9parer le terrain. L\u2019ONU a propos\u00e9 d\u2019affr\u00e9ter des avions pour les transporter, mais les \u00e9quipes du Croissant-Rouge affirment qu\u2019il serait extr\u00eamement compliqu\u00e9 de les faire atterrir aux alentours. Reste l\u2019option de les transf\u00e9rer par la route, certains sont d\u00e9j\u00e0 en chemin, mais le trajet prendrait une dizaine d\u2019heures sur des routes cahoteuses.<\/span><\/span><\/p>\n<p class=\"p2 c6\">\u00a0<\/p>\n<p class=\"p1 c5\"><span class=\"c4\"><span class=\"c3\">C\u00f4t\u00e9 \u00e9thiopien, le Premier ministre Abiy Ahmed a assur\u00e9 avoir repris le contr\u00f4le de la zone frontali\u00e8re et a appel\u00e9 les r\u00e9fugi\u00e9s \u00e0 rentrer au pays. Mais cela n\u2019arr\u00eate pas l\u2019exode d\u2019une partie de la population \u00e9thiopienne vers le Soudan qui craint de devoir accueillir jusqu\u2019\u00e0 200 000 r\u00e9fugi\u00e9s, dans les semaines qui viennent.<\/span><\/span><\/p>\n<p>Auteur: letemps1<br \/>\n<a href=\"http:\/\/www.letemps.com.tn\/article\/118110\/escalade-des-violences-interethniques\">Cliquez ici pour lire l&rsquo;article depuis sa source.<\/a><\/p>\n","protected":false},"excerpt":{"rendered":"<p>Le Temps-Agences Un massacre d\u2019\u00c9thiopiens appartenant \u00e0 l\u2019ethnie Amhara, des arrestations de Tigr\u00e9ens&#8230; Le conflit en \u00c9thiopie pourrait rapidement devenir incontr\u00f4lable pr\u00e9vient l\u2019ONU, qui craint de nombreuses victimes, des destructions et des d\u00e9placements massifs de population. D\u2019apr\u00e8s certaines ONG et certains r\u00e9fugi\u00e9s, les exactions s\u2019intensifient dans le Tigr\u00e9. Par ailleurs, l&rsquo;\u00c9thiopie accuse les forces du [&hellip;]<\/p>\n","protected":false},"author":1773,"featured_media":0,"comment_status":"closed","ping_status":"closed","sticky":false,"template":"","format":"standard","meta":{"fifu_image_url":"","fifu_image_alt":"","footnotes":""},"categories":[73,55],"tags":[],"class_list":["post-104859","post","type-post","status-publish","format-standard","hentry","category-actualite","category-tunisie"],"_links":{"self":[{"href":"https:\/\/linitiative.ca\/International\/wp-json\/wp\/v2\/posts\/104859","targetHints":{"allow":["GET"]}}],"collection":[{"href":"https:\/\/linitiative.ca\/International\/wp-json\/wp\/v2\/posts"}],"about":[{"href":"https:\/\/linitiative.ca\/International\/wp-json\/wp\/v2\/types\/post"}],"author":[{"embeddable":true,"href":"https:\/\/linitiative.ca\/International\/wp-json\/wp\/v2\/users\/1773"}],"replies":[{"embeddable":true,"href":"https:\/\/linitiative.ca\/International\/wp-json\/wp\/v2\/comments?post=104859"}],"version-history":[{"count":0,"href":"https:\/\/linitiative.ca\/International\/wp-json\/wp\/v2\/posts\/104859\/revisions"}],"wp:attachment":[{"href":"https:\/\/linitiative.ca\/International\/wp-json\/wp\/v2\/media?parent=104859"}],"wp:term":[{"taxonomy":"category","embeddable":true,"href":"https:\/\/linitiative.ca\/International\/wp-json\/wp\/v2\/categories?post=104859"},{"taxonomy":"post_tag","embeddable":true,"href":"https:\/\/linitiative.ca\/International\/wp-json\/wp\/v2\/tags?post=104859"}],"curies":[{"name":"wp","href":"https:\/\/api.w.org\/{rel}","templated":true}]}}