{"id":104860,"date":"2020-11-16T11:30:00","date_gmt":"2020-11-16T16:30:00","guid":{"rendered":"https:\/\/linitiative.ca\/International\/pour-la-premiere-fois-trump-admet-sa-defaite\/"},"modified":"2020-11-16T11:30:00","modified_gmt":"2020-11-16T16:30:00","slug":"pour-la-premiere-fois-trump-admet-sa-defaite","status":"publish","type":"post","link":"https:\/\/linitiative.ca\/International\/pour-la-premiere-fois-trump-admet-sa-defaite\/","title":{"rendered":"Pour la premi\u00e8re fois, Trump admet sa d\u00e9faite"},"content":{"rendered":"<p class=\"p1 c3\"><span class=\"c2\">Dix jours apr\u00e8s l&rsquo;\u00e9lection pr\u00e9sidentielle am\u00e9ricaine du 3 novembre, six jours apr\u00e8s la victoire annonc\u00e9e du d\u00e9mocrate Joe Biden, Donald Trump a une nouvelle fois refus\u00e9 d&rsquo;admettre sa d\u00e9faite, tout en semblant reconna\u00eetre la possibilit\u00e9 d&rsquo;un changement d&rsquo;administration.<\/span><\/p>\n<p class=\"p1 c3\"><span class=\"c2\">\u00ab\u00a0Id\u00e9alement, on ne fera pas un confinement. Je ne le ferai pas, cette administration ne fera pas un confinement\u00a0\u00bb, a d\u00e9clar\u00e9 le pr\u00e9sident r\u00e9publicain sortant lors d&rsquo;une conf\u00e9rence de presse \u00e0 la Maison blanche consacr\u00e9e au vaccin contre le COVID-19, sa premi\u00e8re apparition en public depuis le scrutin.<\/span><\/p>\n<p class=\"p1 c3\"><span class=\"c2\">\u00ab\u00a0Qui sait ce que sera l&rsquo;administration (en janvier) ? Le temps nous le dira\u00a0\u00bb, a-t-il cependant ajout\u00e9.<\/span><\/p>\n<p class=\"p1 c3\"><span class=\"c2\">Selon les projections de l&rsquo;institut Edison Research, qui travaille pour les grands r\u00e9seaux de t\u00e9l\u00e9vision am\u00e9ricains, Joe Biden a remport\u00e9 l&rsquo;\u00e9lection du 3 novembre avec 306 grands \u00e9lecteurs contre 232 \u00e0 son adversaire r\u00e9publicain.<\/span><\/p>\n<p class=\"p1 c3\"><span class=\"c2\">Contrairement \u00e0 la tradition entretenue par de nombreux candidats battus, Donald Trump n&rsquo;a pas appel\u00e9 son rival pour le f\u00e9liciter et son \u00e9quipe de campagne a d\u00e9pos\u00e9 des recours pour contester la r\u00e9gularit\u00e9 du scrutin dans certains Etats.<\/span><\/p>\n<p class=\"p1 c3\"><span class=\"c2\">Mais la plupart des experts, y compris dans le camp r\u00e9publicain, s&rsquo;accordent \u00e0 dire que ces proc\u00e9dures n&rsquo;ont gu\u00e8re de chances d&rsquo;aboutir.<\/span><\/p>\n<p class=\"p1 c3\"><span class=\"c2\">Face \u00e0 ce r\u00eave d&rsquo;une r\u00e9\u00e9lection qui semble s&rsquo;envoler, Donald Trump r\u00e9fl\u00e9chit avec ses conseillers aux moyens de rester sous les feux de l&rsquo;actualit\u00e9, au moins sur le plan m\u00e9diatique, sans exclure de se repr\u00e9senter \u00e0 la pr\u00e9sidence en 2024.<\/span><\/p>\n<p class=\"p1 c3\"><span class=\"c2\">A court terme, le pr\u00e9sident sortant devrait faire campagne en G\u00e9orgie pour les deux derniers si\u00e8ges en jeu au S\u00e9nat, lors d&rsquo;un second tour le 5 janvier. Le scrutin sera crucial pour le contr\u00f4le de la chambre haute du Congr\u00e8s.<\/span><\/p>\n<p class=\"p2 c4\">\u00a0<\/p>\n<p class=\"p3 c5\"><span class=\"c2\">\u00ab\u00a0Il veut \u00eatre<span class=\"Apple-converted-space\">\u00a0<\/span><\/span><\/p>\n<p class=\"p3 c5\"><span class=\"c2\">\u00e0 nouveau candidat\u00a0\u00bb<\/span><\/p>\n<p class=\"p1 c3\"><span class=\"c2\">Donald Trump envisage \u00e9galement de lancer une nouvelle cha\u00eene de t\u00e9l\u00e9vision, ou un r\u00e9seau social, afin de contester ceux par qui il estime avoir \u00e9t\u00e9 trahis et de s&rsquo;adresser directement aux Am\u00e9ricains, selon plusieurs conseillers.<\/span><\/p>\n<p class=\"p1 c3\"><span class=\"c2\">\u00ab\u00a0Je pense que toutes les options sont sur la table, que ce soit un r\u00e9seau social ou une soci\u00e9t\u00e9 de m\u00e9dias pour qu&rsquo;il puisse annoncer qu&rsquo;il se repr\u00e9sente le jour o\u00f9 il part\u00a0\u00bb, a d\u00e9clar\u00e9 un responsable r\u00e9publicain ayant pris part \u00e0 plusieurs r\u00e9unions avec le pr\u00e9sident sortant.<\/span><\/p>\n<p class=\"p1 c3\"><span class=\"c2\">\u00ab\u00a0Il estime qu&rsquo;il a \u00e9t\u00e9 victime d&rsquo;une tricherie et il veut \u00eatre \u00e0 nouveau candidat\u00a0\u00bb, rench\u00e9rit un conseiller.<\/span><\/p>\n<p class=\"p1 c3\"><span class=\"c2\">Rien n&rsquo;indique cependant que Donald Trump serait assur\u00e9 d&rsquo;\u00eatre nomm\u00e9 candidat par le Parti r\u00e9publicain. \u00ab\u00a0Tout le monde le respecte mais pense qu&rsquo;il est temps d&rsquo;ouvrir un nouveau chapitre\u00a0\u00bb, pr\u00e9cise un strat\u00e8ge du Grand Old Party.<\/span><\/p>\n<p class=\"p1 c3\"><span class=\"c2\">L&rsquo;id\u00e9e de cr\u00e9er une nouvelle cha\u00eene de t\u00e9l\u00e9vision serait notamment motiv\u00e9e par l&rsquo;ambition de concurrencer Fox News, la cha\u00eene conservatrice \u00e0 qui Donald Trump reproche de ne pas l&rsquo;avoir assez soutenu.<\/span><\/p>\n<p class=\"p1 c3\"><span class=\"c2\">Christopher Ruddy, ami du pr\u00e9sident et directeur de la cha\u00eene conservatrice Newsmax, n&rsquo;est pas certain que son entourage appr\u00e9cierait le d\u00e9fi que cela repr\u00e9sente, mais il se dit pr\u00eat \u00e0 ouvrir sa grille de programmation pour le pr\u00e9sident sortant.<\/span><\/p>\n<p class=\"p1 c3\"><span class=\"c2\">\u00ab\u00a0Le pr\u00e9sident a un pouvoir d&rsquo;attraction ph\u00e9nom\u00e9nal. Il a une \u00e9norme base de partisans comme jamais aucune personnalit\u00e9 politique avant lui dans l&rsquo;histoire am\u00e9ricaine\u00a0\u00bb, ajoute-t-il.<\/span><\/p>\n<p class=\"p1 c3\"><span class=\"c2\">Des groupes de la droite radicale am\u00e9ricaine et d&rsquo;autres partisans de Donald Trump comptent ainsi se rassembler samedi \u00e0 Washington pour d\u00e9noncer l&rsquo;issue de l&rsquo;\u00e9lection pr\u00e9sidentielle am\u00e9ricaine et la victoire annonc\u00e9e de Joe Biden.<\/span><\/p>\n<p class=\"p1 c3\"><span class=\"c2\">Concernant les r\u00e9seaux sociaux, Donald Trump a parl\u00e9 avec ses conseillers de la possibilit\u00e9 d&rsquo;imiter la technologie de Twitter afin de cr\u00e9er un r\u00e9seau social \u00ab\u00a0conservateur\u00a0\u00bb et sans filtre. Il a \u00e9galement pens\u00e9 \u00e0 animer une \u00e9mission de radio quotidienne depuis la Maison blanche, mais son entourage est parvenu \u00e0 l&rsquo;en dissuader.<\/span><\/p>\n<p>Auteur: letemps1<br \/>\n<a href=\"http:\/\/www.letemps.com.tn\/article\/118111\/pour-la-premi%C3%A8re-fois-trump-admet-sa-d%C3%A9faite\">Cliquez ici pour lire l&rsquo;article depuis sa source.<\/a><\/p>\n","protected":false},"excerpt":{"rendered":"<p>Dix jours apr\u00e8s l&rsquo;\u00e9lection pr\u00e9sidentielle am\u00e9ricaine du 3 novembre, six jours apr\u00e8s la victoire annonc\u00e9e du d\u00e9mocrate Joe Biden, Donald Trump a une nouvelle fois refus\u00e9 d&rsquo;admettre sa d\u00e9faite, tout en semblant reconna\u00eetre la possibilit\u00e9 d&rsquo;un changement d&rsquo;administration. \u00ab\u00a0Id\u00e9alement, on ne fera pas un confinement. Je ne le ferai pas, cette administration ne fera pas [&hellip;]<\/p>\n","protected":false},"author":1773,"featured_media":0,"comment_status":"closed","ping_status":"closed","sticky":false,"template":"","format":"standard","meta":{"fifu_image_url":"","fifu_image_alt":"","footnotes":""},"categories":[73,55],"tags":[],"class_list":["post-104860","post","type-post","status-publish","format-standard","hentry","category-actualite","category-tunisie"],"_links":{"self":[{"href":"https:\/\/linitiative.ca\/International\/wp-json\/wp\/v2\/posts\/104860","targetHints":{"allow":["GET"]}}],"collection":[{"href":"https:\/\/linitiative.ca\/International\/wp-json\/wp\/v2\/posts"}],"about":[{"href":"https:\/\/linitiative.ca\/International\/wp-json\/wp\/v2\/types\/post"}],"author":[{"embeddable":true,"href":"https:\/\/linitiative.ca\/International\/wp-json\/wp\/v2\/users\/1773"}],"replies":[{"embeddable":true,"href":"https:\/\/linitiative.ca\/International\/wp-json\/wp\/v2\/comments?post=104860"}],"version-history":[{"count":0,"href":"https:\/\/linitiative.ca\/International\/wp-json\/wp\/v2\/posts\/104860\/revisions"}],"wp:attachment":[{"href":"https:\/\/linitiative.ca\/International\/wp-json\/wp\/v2\/media?parent=104860"}],"wp:term":[{"taxonomy":"category","embeddable":true,"href":"https:\/\/linitiative.ca\/International\/wp-json\/wp\/v2\/categories?post=104860"},{"taxonomy":"post_tag","embeddable":true,"href":"https:\/\/linitiative.ca\/International\/wp-json\/wp\/v2\/tags?post=104860"}],"curies":[{"name":"wp","href":"https:\/\/api.w.org\/{rel}","templated":true}]}}