{"id":104861,"date":"2020-11-16T11:30:00","date_gmt":"2020-11-16T16:30:00","guid":{"rendered":"https:\/\/linitiative.ca\/International\/les-pro-democratie-manifestent-a-bangkok\/"},"modified":"2020-11-16T11:30:00","modified_gmt":"2020-11-16T16:30:00","slug":"les-pro-democratie-manifestent-a-bangkok","status":"publish","type":"post","link":"https:\/\/linitiative.ca\/International\/les-pro-democratie-manifestent-a-bangkok\/","title":{"rendered":"Les pro-d\u00e9mocratie manifestent \u00e0 Bangkok"},"content":{"rendered":"<p class=\"p1 c3\"><span class=\"c2\">Des manifestants pro-d\u00e9mocratie en Tha\u00eflande ont grimp\u00e9 hier soir sur un monument \u00e0 Bangkok pour y d\u00e9rouler une banderole g\u00e9ante appelant \u00e0 une r\u00e9forme de la monarchie et critiquant le gouvernement.<\/span><\/p>\n<p class=\"p1 c3\"><span class=\"c2\">Les manifestants, qui d\u00e9filent depuis l&rsquo;\u00e9t\u00e9, r\u00e9clament la d\u00e9mission du Premier ministre Prayut Chan-O-Cha, un militaire port\u00e9 au pouvoir par un coup d&rsquo;Etat en 2014 et l\u00e9gitim\u00e9 par des \u00e9lections controvers\u00e9es l&rsquo;ann\u00e9e derni\u00e8re, ainsi que des r\u00e9formes d\u00e9mocratiques.<\/span><\/p>\n<p class=\"p1 c3\"><span class=\"c2\">Des milliers de manifestants avaient r\u00e9pondu \u00e0 un appel au rassemblement sous le th\u00e8me du carnaval appel\u00e9 \u00ab\u00a0Mob Fest\u00a0\u00bb au Monument pour la D\u00e9mocratie, \u00e0 un carrefour central de Bangkok.<\/span><\/p>\n<p class=\"p1 c3\"><span class=\"c2\">Dans l&rsquo;apr\u00e8s-midi, des lyc\u00e9ens et d&rsquo;autres manifestants pro-d\u00e9mocratie ont \u00e9crit des slogans au marqueur et peint des messages \u00e0 la bombe sur des draps blancs g\u00e9ants.<\/span><\/p>\n<p class=\"p1 c3\"><span class=\"c2\">\u00ab\u00a0Vous \u00eates en train de me voler mon brillant avenir\u00a0\u00bb, affirmait un message. \u00ab\u00a0La d\u00e9mocratie va gagner\u00a0\u00bb, disait un autre.<\/span><\/p>\n<p class=\"p1 c3\"><span class=\"c2\">\u00ab\u00a0C&rsquo;est un acte symbolique de libre expression\u00a0\u00bb, a affirm\u00e9 Pearl, une graphiste de 25 ans, qui regardait un groupe de protestataires utiliser une \u00e9chelle pour escalader le monument haut de trois m\u00e8tres, surmont\u00e9 d&rsquo;une tourelle, au son du tambour de musiciens.<\/span><\/p>\n<p class=\"p1 c3\"><span class=\"c2\">Les protestataires ont entonn\u00e9 une version tha\u00efe de la chanson des Mis\u00e9rables \u00ab\u00a0A la volont\u00e9 du peuple\u00a0\u00bb et ont fait le salut \u00e0 trois doigts, un signe de ralliement inspir\u00e9 par les films \u00ab\u00a0Hunger Games\u00a0\u00bb.<\/span><\/p>\n<p class=\"p1 c3\"><span class=\"c2\">Auparavant, ils avaient fait le m\u00eame geste au passage du cort\u00e8ge royal.<\/span><\/p>\n<p class=\"p1 c3\"><span class=\"c2\">Le roi Maha Vajiralongkorn et la reine Suthida se rendaient dans un autre quartier de la ville pour y inaugurer une nouvelle ligne ferroviaire, alors que des milliers de monarchistes, v\u00eatus de jaune, s&rsquo;\u00e9taient rassembl\u00e9s pour exprimer leur soutien.<\/span><\/p>\n<p class=\"p1 c3\"><span class=\"c2\">Dans l&rsquo;apr\u00e8s-midi, des lyc\u00e9ens en col\u00e8re, se faisant appeler le Mouvement des mauvais \u00e9l\u00e8ves, s&rsquo;\u00e9taient rassembl\u00e9s devant le minist\u00e8re de l&rsquo;Education avant de se joindre \u00e0 la protestation.<\/span><\/p>\n<p class=\"p1 c3\"><span class=\"c2\">Ils r\u00e9clament la d\u00e9mission du ministre de l&rsquo;Education Nataphol Teepsuwan et ont mis en sc\u00e8ne un simulacre d&rsquo;enterrement.<\/span><\/p>\n<p class=\"p1 c3\"><span class=\"c2\">\u00ab\u00a0Il a \u00e9chou\u00e9 \u00e0 r\u00e9former le syst\u00e8me \u00e9ducatif, par cons\u00e9quent il est mort pour nous\u00a0\u00bb, a affirm\u00e9 Anna, 15 ans, en mettant des fleurs dans un cercueil en bois, pr\u00e8s d&rsquo;un portrait du ministre.<\/span><\/p>\n<p class=\"p1 c3\"><span class=\"c2\">Les \u00e9tudiants demandent un remaniement du syst\u00e8me scolaire ainsi que le changement des programmes d&rsquo;enseignement, des r\u00e8gles strictes, des codes vestimentaires et des coupes de cheveux r\u00e9glementaires.<\/span><\/p>\n<p class=\"p1 c3\"><span class=\"c2\">Les autorit\u00e9s ont d\u00e9ploy\u00e9 8.000 policiers en pr\u00e9vision des protestations de samedi, qui doivent se poursuivre jusqu&rsquo;\u00e0 minuit.<\/span><\/p>\n<p class=\"p1 c3\"><span class=\"c2\">Dimanche dernier, la police a eu recours aux canons \u00e0 eau pour disperser les manifestants, pour la deuxi\u00e8me fois cons\u00e9cutive.<\/span><\/p>\n<p>Auteur: letemps1<br \/>\n<a href=\"http:\/\/www.letemps.com.tn\/article\/118112\/les-pro-d%C3%A9mocratie-manifestent-%C3%A0-bangkok\">Cliquez ici pour lire l&rsquo;article depuis sa source.<\/a><\/p>\n","protected":false},"excerpt":{"rendered":"<p>Des manifestants pro-d\u00e9mocratie en Tha\u00eflande ont grimp\u00e9 hier soir sur un monument \u00e0 Bangkok pour y d\u00e9rouler une banderole g\u00e9ante appelant \u00e0 une r\u00e9forme de la monarchie et critiquant le gouvernement. Les manifestants, qui d\u00e9filent depuis l&rsquo;\u00e9t\u00e9, r\u00e9clament la d\u00e9mission du Premier ministre Prayut Chan-O-Cha, un militaire port\u00e9 au pouvoir par un coup d&rsquo;Etat en [&hellip;]<\/p>\n","protected":false},"author":1773,"featured_media":0,"comment_status":"closed","ping_status":"closed","sticky":false,"template":"","format":"standard","meta":{"fifu_image_url":"","fifu_image_alt":"","footnotes":""},"categories":[73,55],"tags":[],"class_list":["post-104861","post","type-post","status-publish","format-standard","hentry","category-actualite","category-tunisie"],"_links":{"self":[{"href":"https:\/\/linitiative.ca\/International\/wp-json\/wp\/v2\/posts\/104861","targetHints":{"allow":["GET"]}}],"collection":[{"href":"https:\/\/linitiative.ca\/International\/wp-json\/wp\/v2\/posts"}],"about":[{"href":"https:\/\/linitiative.ca\/International\/wp-json\/wp\/v2\/types\/post"}],"author":[{"embeddable":true,"href":"https:\/\/linitiative.ca\/International\/wp-json\/wp\/v2\/users\/1773"}],"replies":[{"embeddable":true,"href":"https:\/\/linitiative.ca\/International\/wp-json\/wp\/v2\/comments?post=104861"}],"version-history":[{"count":0,"href":"https:\/\/linitiative.ca\/International\/wp-json\/wp\/v2\/posts\/104861\/revisions"}],"wp:attachment":[{"href":"https:\/\/linitiative.ca\/International\/wp-json\/wp\/v2\/media?parent=104861"}],"wp:term":[{"taxonomy":"category","embeddable":true,"href":"https:\/\/linitiative.ca\/International\/wp-json\/wp\/v2\/categories?post=104861"},{"taxonomy":"post_tag","embeddable":true,"href":"https:\/\/linitiative.ca\/International\/wp-json\/wp\/v2\/tags?post=104861"}],"curies":[{"name":"wp","href":"https:\/\/api.w.org\/{rel}","templated":true}]}}