{"id":104863,"date":"2020-11-16T15:13:33","date_gmt":"2020-11-16T20:13:33","guid":{"rendered":"https:\/\/linitiative.ca\/International\/afrique-qualifs-can-2021-quand-les-joueurs-du-gabon-se-retrouvent-contraints-de-dormir-a-laeroport\/"},"modified":"2020-11-16T15:13:33","modified_gmt":"2020-11-16T20:13:33","slug":"afrique-qualifs-can-2021-quand-les-joueurs-du-gabon-se-retrouvent-contraints-de-dormir-a-laeroport","status":"publish","type":"post","link":"https:\/\/linitiative.ca\/International\/afrique-qualifs-can-2021-quand-les-joueurs-du-gabon-se-retrouvent-contraints-de-dormir-a-laeroport\/","title":{"rendered":"Afrique : Qualifs CAN 2021 : Quand les joueurs du Gabon se retrouvent contraints de dormir \u00e0 l&rsquo;a\u00e9roport"},"content":{"rendered":"<div readability=\"32\">\n<p>Auteur : <span class=\"time\">lundi 16 novembre 2020 12:16<\/span><\/p>\n<\/div>\n<div id=\"post_core\" readability=\"47\">\n<p>En effet, Pierre-Emerick Aubameyang et ses co\u00e9quipiers ont \u00e9t\u00e9 bloqu\u00e9s \u00e0 leur arriv\u00e9e \u00e0 l\u2019a\u00e9roport de Banjul, les autorit\u00e9s locales invoquant des probl\u00e8mes administratifs comme l&rsquo;indique Maxifoot. Ils ont \u00e9t\u00e9 contraints de passer la nuit de dimanche \u00e0 lundi sur place en dormant \u00e0 m\u00eame le sol avant de pouvoir enfin rejoindre leur h\u00f4tel au petit matin, \u00e0 quelques heures du coup d\u2019envoi, suite \u00e0 l\u2019intervention des dirigeants.<\/p>\n<p>Cet acte d\u2019intimidation qu&rsquo;on pensait d&rsquo;un autre temps n\u2019a \u00e9videmment pas \u00e9t\u00e9 du go\u00fbt de l\u2019attaquant des Gunners, qui a tacl\u00e9 le manque de r\u00e9activit\u00e9 de la Conf\u00e9d\u00e9ration africaine de football (CAF). \u00ab\u00a0Beau travail la CAF, c\u2019est comme si on \u00e9tait revenu dans les ann\u00e9es 1990\u00a0\u00bb, a piqu\u00e9 le capitaine des Panth\u00e8res sur Twitter.<\/p>\n<p><img decoding=\"async\" alt=\"\" src=\"https:\/\/i.imgur.com\/rVW4iY8.jpg\" class=\"c1\" \/><\/p>\n<p><strong>Publi\u00e9 dans :<\/strong> <span>gabon<\/span><\/p>\n<\/div>\n<p>Auteur:<br \/>\n<a href=\"http:\/\/www.lebuteur.com\/article\/detail?titre=qualifs-can-2021-quand-les-joueurs-du-gabon-se-retrouvent-contraints-de-dormir-a-laeroport&#038;id=97978&#038;utm_source=feedburner&#038;utm_medium=feed&#038;utm_campaign=Feed%3A+GalerieFArtciles+%28Les+derniers+articles++-+lebuteur.com%29\">Cliquez ici pour lire l&rsquo;article depuis sa source.<\/a><\/p>\n","protected":false},"excerpt":{"rendered":"<p>Auteur : lundi 16 novembre 2020 12:16 En effet, Pierre-Emerick Aubameyang et ses co\u00e9quipiers ont \u00e9t\u00e9 bloqu\u00e9s \u00e0 leur arriv\u00e9e \u00e0 l\u2019a\u00e9roport de Banjul, les autorit\u00e9s locales invoquant des probl\u00e8mes administratifs comme l&rsquo;indique Maxifoot. Ils ont \u00e9t\u00e9 contraints de passer la nuit de dimanche \u00e0 lundi sur place en dormant \u00e0 m\u00eame le sol avant [&hellip;]<\/p>\n","protected":false},"author":1738,"featured_media":104864,"comment_status":"closed","ping_status":"closed","sticky":false,"template":"","format":"standard","meta":{"fifu_image_url":"","fifu_image_alt":"","footnotes":""},"categories":[53,75],"tags":[],"class_list":["post-104863","post","type-post","status-publish","format-standard","has-post-thumbnail","hentry","category-algerie","category-sport"],"_links":{"self":[{"href":"https:\/\/linitiative.ca\/International\/wp-json\/wp\/v2\/posts\/104863","targetHints":{"allow":["GET"]}}],"collection":[{"href":"https:\/\/linitiative.ca\/International\/wp-json\/wp\/v2\/posts"}],"about":[{"href":"https:\/\/linitiative.ca\/International\/wp-json\/wp\/v2\/types\/post"}],"author":[{"embeddable":true,"href":"https:\/\/linitiative.ca\/International\/wp-json\/wp\/v2\/users\/1738"}],"replies":[{"embeddable":true,"href":"https:\/\/linitiative.ca\/International\/wp-json\/wp\/v2\/comments?post=104863"}],"version-history":[{"count":0,"href":"https:\/\/linitiative.ca\/International\/wp-json\/wp\/v2\/posts\/104863\/revisions"}],"wp:featuredmedia":[{"embeddable":true,"href":"https:\/\/linitiative.ca\/International\/wp-json\/"}],"wp:attachment":[{"href":"https:\/\/linitiative.ca\/International\/wp-json\/wp\/v2\/media?parent=104863"}],"wp:term":[{"taxonomy":"category","embeddable":true,"href":"https:\/\/linitiative.ca\/International\/wp-json\/wp\/v2\/categories?post=104863"},{"taxonomy":"post_tag","embeddable":true,"href":"https:\/\/linitiative.ca\/International\/wp-json\/wp\/v2\/tags?post=104863"}],"curies":[{"name":"wp","href":"https:\/\/api.w.org\/{rel}","templated":true}]}}