{"id":104875,"date":"2020-11-16T10:08:10","date_gmt":"2020-11-16T15:08:10","guid":{"rendered":"https:\/\/linitiative.ca\/International\/112905-foot-l-algerie-en-phase-finale-de-la-can-2021-apres-son-nul-au-zimbabwe-2-2\/"},"modified":"2020-11-16T10:08:10","modified_gmt":"2020-11-16T15:08:10","slug":"112905-foot-l-algerie-en-phase-finale-de-la-can-2021-apres-son-nul-au-zimbabwe-2-2","status":"publish","type":"post","link":"https:\/\/linitiative.ca\/International\/112905-foot-l-algerie-en-phase-finale-de-la-can-2021-apres-son-nul-au-zimbabwe-2-2\/","title":{"rendered":"L&rsquo;Alg\u00e9rie en phase finale de la CAN 2021 apr\u00e8s son nul au Zimbabwe (2-2)"},"content":{"rendered":"<div>\n<div class=\"K2FeedImage\"><img decoding=\"async\" src=\"http:\/\/www.aps.dz\/media\/k2\/items\/cache\/23a956d408a7653f1d5b8a950e23fcd0_S.jpg\" alt=\"L'Alg\u00e9rie en phase finale de la CAN 2021 apr\u00e8s son nul au Zimbabwe (2-2)\"><\/div>\n<div class=\"K2FeedIntroText\">\n<p><strong>HARARE &#8211; La s\u00e9lection alg\u00e9rienne de football s&rsquo;est qualifi\u00e9e \u00e0 la phase finale de la Coupe d&rsquo;Afrique des nations-2021 (CAN-2021), apr\u00e8s son nul 2-2 (mi-temps : 2-1), lundi \u00e0 Harare face \u00e0 son homologue zimbabw\u00e9enne dans le cadre de la 4e journ\u00e9e du groupe H des \u00e9liminatoires.<\/strong><\/p>\n<\/div>\n<div class=\"K2FeedFullText\">\n<p>Les \u00ab\u00a0Verts\u00a0\u00bb ont pourtant men\u00e9 2-0 gr\u00e2ce \u00e0 des r\u00e9alisations d&rsquo;Andy Delort (34e) et Riyad Mahrez (38e), avant d&rsquo;\u00eatre rejoints au score par les locaux qui ont marqu\u00e9 par Knowledge Musona sur coup-franc (44e) et le rempla\u00e7ant Prince Dube (82e).<\/p>\n<blockquote>\n<p><em><strong>Suite \u00e0 ce nul, l&rsquo;\u00e9quipe nationale reste toujours en t\u00eate de son groupe avec 10 points, suivie par le Zimbabwe (5 pts), la Zambie (3 pts) et le Botswana (1 pt), ces deux derniers devant s&rsquo;affronter \u00e0 partir de 17h00 \u00e0 Gaborone.<\/strong><\/em><\/p>\n<\/blockquote>\n<p>L&rsquo;Alg\u00e9rie est le deuxi\u00e8me pays qualifi\u00e9 \u00e0 la phase finale de la CAN-2021, report\u00e9e \u00e0 2022 au Cameroun \u00e0 cause de la pand\u00e9mie de coronavirus, apr\u00e8s le S\u00e9n\u00e9gal.<\/p>\n<\/div>\n<p><img loading=\"lazy\" decoding=\"async\" src=\"http:\/\/feeds.feedburner.com\/~r\/aps-sport\/~4\/vuVr18HSuR0\" height=\"1\" width=\"1\" alt=\"\">\n<\/div>\n<p>Auteur:<br \/>\n<a href=\"http:\/\/feeds.aps.dz\/~r\/aps-sport\/~3\/vuVr18HSuR0\/112905-foot-l-algerie-en-phase-finale-de-la-can-2021-apres-son-nul-au-zimbabwe-2-2\">Cliquez ici pour lire l&rsquo;article depuis sa source.<\/a><\/p>\n","protected":false},"excerpt":{"rendered":"<p>HARARE &#8211; La s\u00e9lection alg\u00e9rienne de football s&rsquo;est qualifi\u00e9e \u00e0 la phase finale de la Coupe d&rsquo;Afrique des nations-2021 (CAN-2021), apr\u00e8s son nul 2-2 (mi-temps : 2-1), lundi \u00e0 Harare face \u00e0 son homologue zimbabw\u00e9enne dans le cadre de la 4e journ\u00e9e du groupe H des \u00e9liminatoires. Les \u00ab\u00a0Verts\u00a0\u00bb ont pourtant men\u00e9 2-0 gr\u00e2ce \u00e0 [&hellip;]<\/p>\n","protected":false},"author":1790,"featured_media":104876,"comment_status":"closed","ping_status":"closed","sticky":false,"template":"","format":"standard","meta":{"fifu_image_url":"","fifu_image_alt":"","footnotes":""},"categories":[53,75],"tags":[],"class_list":["post-104875","post","type-post","status-publish","format-standard","has-post-thumbnail","hentry","category-algerie","category-sport"],"_links":{"self":[{"href":"https:\/\/linitiative.ca\/International\/wp-json\/wp\/v2\/posts\/104875","targetHints":{"allow":["GET"]}}],"collection":[{"href":"https:\/\/linitiative.ca\/International\/wp-json\/wp\/v2\/posts"}],"about":[{"href":"https:\/\/linitiative.ca\/International\/wp-json\/wp\/v2\/types\/post"}],"author":[{"embeddable":true,"href":"https:\/\/linitiative.ca\/International\/wp-json\/wp\/v2\/users\/1790"}],"replies":[{"embeddable":true,"href":"https:\/\/linitiative.ca\/International\/wp-json\/wp\/v2\/comments?post=104875"}],"version-history":[{"count":0,"href":"https:\/\/linitiative.ca\/International\/wp-json\/wp\/v2\/posts\/104875\/revisions"}],"wp:featuredmedia":[{"embeddable":true,"href":"https:\/\/linitiative.ca\/International\/wp-json\/"}],"wp:attachment":[{"href":"https:\/\/linitiative.ca\/International\/wp-json\/wp\/v2\/media?parent=104875"}],"wp:term":[{"taxonomy":"category","embeddable":true,"href":"https:\/\/linitiative.ca\/International\/wp-json\/wp\/v2\/categories?post=104875"},{"taxonomy":"post_tag","embeddable":true,"href":"https:\/\/linitiative.ca\/International\/wp-json\/wp\/v2\/tags?post=104875"}],"curies":[{"name":"wp","href":"https:\/\/api.w.org\/{rel}","templated":true}]}}