{"id":104879,"date":"2020-11-16T10:39:00","date_gmt":"2020-11-16T15:39:00","guid":{"rendered":"https:\/\/linitiative.ca\/International\/le-proces-de-karim-tabbou-a-nouveau-reporte\/"},"modified":"2020-11-16T10:39:00","modified_gmt":"2020-11-16T15:39:00","slug":"le-proces-de-karim-tabbou-a-nouveau-reporte","status":"publish","type":"post","link":"https:\/\/linitiative.ca\/International\/le-proces-de-karim-tabbou-a-nouveau-reporte\/","title":{"rendered":"Le proc\u00e8s de Karim Tabbou \u00e0 nouveau report\u00e9"},"content":{"rendered":"<p><br id=\"sep_para_1\" class=\"sep_para access\"\/><\/p>\n<div id=\"para_1\" class=\"para_39515232 resize\">\n<div class=\"texte access firstletter\">Initialement programm\u00e9 pour ce 16 novembre, le tribunal de Kol\u00e9a pr\u00e9s la cour de Tipasa, a d\u00e9cid\u00e9 le report du proc\u00e8s du pr\u00e9sident du parti union d\u00e9mocratique et sociale (UDS), Karim Tabbou au 30 novembre prochain. Le proc\u00e8s de Karim Tabou est donc renvoy\u00e9 pour la septi\u00e8me fois, il est poursuivi, depuis septembre 2019, pour \u00ab atteinte au moral de l\u2019arm\u00e9e \u00bb et de refus de la demande portant lev\u00e9e de dispositif de contr\u00f4le judiciaire. Cette affaire, remonte \u00e0 son arrestation le 11 septembre 2019, o\u00f9 il a \u00e9t\u00e9 poursuivi pour \u00ab atteinte au moral de l\u2019arm\u00e9e \u00bb. Lors de cette date, le parquet de Kol\u00e9a avait transf\u00e9r\u00e9 l\u2019affaire au juge d\u2019instruction qui a ordonn\u00e9, le m\u00eame jour sa mise en d\u00e9tention provisoire, il a ensuite b\u00e9n\u00e9fici\u00e9 d\u2019une remise en libert\u00e9 provisoire depuis le 2 juillet 2020.<\/div>\n<\/div>\n<p>Auteur: R\u00e9flexion<br \/>\n<a href=\"https:\/\/www.reflexiondz.net\/Le-proces-de-Karim-Tabbou-a-nouveau-reporte_a66324.html\">Cliquez ici pour lire l&rsquo;article depuis sa source.<\/a><\/p>\n","protected":false},"excerpt":{"rendered":"<p>Initialement programm\u00e9 pour ce 16 novembre, le tribunal de Kol\u00e9a pr\u00e9s la cour de Tipasa, a d\u00e9cid\u00e9 le report du proc\u00e8s du pr\u00e9sident du parti union d\u00e9mocratique et sociale (UDS), Karim Tabbou au 30 novembre prochain. Le proc\u00e8s de Karim Tabou est donc renvoy\u00e9 pour la septi\u00e8me fois, il est poursuivi, depuis septembre 2019, pour [&hellip;]<\/p>\n","protected":false},"author":1740,"featured_media":0,"comment_status":"closed","ping_status":"closed","sticky":false,"template":"","format":"standard","meta":{"fifu_image_url":"","fifu_image_alt":"","footnotes":""},"categories":[53,76],"tags":[],"class_list":["post-104879","post","type-post","status-publish","format-standard","hentry","category-algerie","category-regions"],"_links":{"self":[{"href":"https:\/\/linitiative.ca\/International\/wp-json\/wp\/v2\/posts\/104879","targetHints":{"allow":["GET"]}}],"collection":[{"href":"https:\/\/linitiative.ca\/International\/wp-json\/wp\/v2\/posts"}],"about":[{"href":"https:\/\/linitiative.ca\/International\/wp-json\/wp\/v2\/types\/post"}],"author":[{"embeddable":true,"href":"https:\/\/linitiative.ca\/International\/wp-json\/wp\/v2\/users\/1740"}],"replies":[{"embeddable":true,"href":"https:\/\/linitiative.ca\/International\/wp-json\/wp\/v2\/comments?post=104879"}],"version-history":[{"count":0,"href":"https:\/\/linitiative.ca\/International\/wp-json\/wp\/v2\/posts\/104879\/revisions"}],"wp:attachment":[{"href":"https:\/\/linitiative.ca\/International\/wp-json\/wp\/v2\/media?parent=104879"}],"wp:term":[{"taxonomy":"category","embeddable":true,"href":"https:\/\/linitiative.ca\/International\/wp-json\/wp\/v2\/categories?post=104879"},{"taxonomy":"post_tag","embeddable":true,"href":"https:\/\/linitiative.ca\/International\/wp-json\/wp\/v2\/tags?post=104879"}],"curies":[{"name":"wp","href":"https:\/\/api.w.org\/{rel}","templated":true}]}}