{"id":104880,"date":"2020-11-16T10:39:00","date_gmt":"2020-11-16T15:39:00","guid":{"rendered":"https:\/\/linitiative.ca\/International\/justice-said-sadi-convoque-pour-diffamation\/"},"modified":"2020-11-16T10:39:00","modified_gmt":"2020-11-16T15:39:00","slug":"justice-said-sadi-convoque-pour-diffamation","status":"publish","type":"post","link":"https:\/\/linitiative.ca\/International\/justice-said-sadi-convoque-pour-diffamation\/","title":{"rendered":"Justice : Sa\u00efd Sadi convoqu\u00e9 pour diffamation"},"content":{"rendered":"<p><br id=\"sep_para_1\" class=\"sep_para access\"\/><\/p>\n<div id=\"para_1\" class=\"para_39515227 resize\">\n<div class=\"texte access firstletter\">L\u2019ex-pr\u00e9sident du Rassemblement pour la culture et la d\u00e9mocratie (RCD), Sa\u00efd Sadi, vient de recevoir une convocation pour se pr\u00e9senter devant le doyen des juges d\u2019instruction du tribunal de Sidi M\u2019hamed, a-t-il annonc\u00e9, lundi, sur sa page facebook. Si le motif de la convocation\u00a0 est pr\u00e9cis\u00e9, \u00e0 savoir une \u00ab plainte pour diffamation \u00bb, Sa\u00efd Sadi d\u00e9nonce l\u2019\u00abopacit\u00e9 \u00bb qui entoure cette affaire, puisque ses avocats, qui \u00abse sont pr\u00e9sent\u00e9s\u00a0 devant le magistrat se sont entendus confirmer le sujet mentionn\u00e9 dans la correspondance sans avoir pu conna\u00eetre l\u2019identit\u00e9 du ou des plaignants\u00bb. L\u2019ex-pr\u00e9sident du RCD consid\u00e8re ainsi que \u00absi les rigidit\u00e9s proc\u00e9durales peuvent toujours \u00eatre avanc\u00e9es pour justifier l\u2019opacit\u00e9 \u00bb, il \u00ab ne voit gu\u00e8re d\u2019int\u00e9r\u00eat \u00e0 tenir secret le nom d\u2019une personne ou d\u2019une institution qui se serait sentie diffam\u00e9e par mes \u00e9crits ou, plus g\u00e9n\u00e9ralement, par mes interventions m\u00e9diatiques ; l\u2019audience \u00e9tant suppos\u00e9e \u00eatre publique\u00bb. Il\u00a0 se pose d\u2019ailleurs un certain nombre de question : \u00ab Quelle est la raison de ce myst\u00e8re ? A-t-on d\u00e9cid\u00e9 de la diffamation en attendant de trouver le diffam\u00e9 ? A-t-on peur de voir celui-ci se r\u00e9tracter ? Sa cr\u00e9dibilit\u00e9 serait-elle si probl\u00e9matique qu\u2019il faut cacher le plus longtemps possible son identit\u00e9 \u00e0 l\u2019opinion publique ?&#8230; \u00bb. Sa\u00efd Sadi qui rappelle, \u00e0 cet effet, que \u00abdans les pays qui se respectent, la premi\u00e8re vertu de la justice est la transparence\u00bb, conclut en estimant que \u00ab la justice \u00e0 la carte est l\u2019une des plus grandes plaies de l\u2019Alg\u00e9rie ind\u00e9pendante\u00bb. A signaler que Sa\u00efd Sadi s\u2019est install\u00e9\u00a0 en France apr\u00e8s le d\u00e9clenchement du hirak du\u00a0 22 f\u00e9vrier 2019.<\/div>\n<\/div>\n<p>Auteur: R\u00e9flexion<br \/>\n<a href=\"https:\/\/www.reflexiondz.net\/Justice-Said-Sadi-convoque-pour-diffamation_a66323.html\">Cliquez ici pour lire l&rsquo;article depuis sa source.<\/a><\/p>\n","protected":false},"excerpt":{"rendered":"<p>L\u2019ex-pr\u00e9sident du Rassemblement pour la culture et la d\u00e9mocratie (RCD), Sa\u00efd Sadi, vient de recevoir une convocation pour se pr\u00e9senter devant le doyen des juges d\u2019instruction du tribunal de Sidi M\u2019hamed, a-t-il annonc\u00e9, lundi, sur sa page facebook. Si le motif de la convocation\u00a0 est pr\u00e9cis\u00e9, \u00e0 savoir une \u00ab plainte pour diffamation \u00bb, Sa\u00efd [&hellip;]<\/p>\n","protected":false},"author":1740,"featured_media":0,"comment_status":"closed","ping_status":"closed","sticky":false,"template":"","format":"standard","meta":{"fifu_image_url":"","fifu_image_alt":"","footnotes":""},"categories":[53,76],"tags":[],"class_list":["post-104880","post","type-post","status-publish","format-standard","hentry","category-algerie","category-regions"],"_links":{"self":[{"href":"https:\/\/linitiative.ca\/International\/wp-json\/wp\/v2\/posts\/104880","targetHints":{"allow":["GET"]}}],"collection":[{"href":"https:\/\/linitiative.ca\/International\/wp-json\/wp\/v2\/posts"}],"about":[{"href":"https:\/\/linitiative.ca\/International\/wp-json\/wp\/v2\/types\/post"}],"author":[{"embeddable":true,"href":"https:\/\/linitiative.ca\/International\/wp-json\/wp\/v2\/users\/1740"}],"replies":[{"embeddable":true,"href":"https:\/\/linitiative.ca\/International\/wp-json\/wp\/v2\/comments?post=104880"}],"version-history":[{"count":0,"href":"https:\/\/linitiative.ca\/International\/wp-json\/wp\/v2\/posts\/104880\/revisions"}],"wp:attachment":[{"href":"https:\/\/linitiative.ca\/International\/wp-json\/wp\/v2\/media?parent=104880"}],"wp:term":[{"taxonomy":"category","embeddable":true,"href":"https:\/\/linitiative.ca\/International\/wp-json\/wp\/v2\/categories?post=104880"},{"taxonomy":"post_tag","embeddable":true,"href":"https:\/\/linitiative.ca\/International\/wp-json\/wp\/v2\/tags?post=104880"}],"curies":[{"name":"wp","href":"https:\/\/api.w.org\/{rel}","templated":true}]}}