{"id":104881,"date":"2020-11-16T10:39:00","date_gmt":"2020-11-16T15:39:00","guid":{"rendered":"https:\/\/linitiative.ca\/International\/haut-commissariat-a-lamazighite-hca-report-du-colloque-sur-la-cartographie-linguistique-amazighe\/"},"modified":"2020-11-16T10:39:00","modified_gmt":"2020-11-16T15:39:00","slug":"haut-commissariat-a-lamazighite-hca-report-du-colloque-sur-la-cartographie-linguistique-amazighe","status":"publish","type":"post","link":"https:\/\/linitiative.ca\/International\/haut-commissariat-a-lamazighite-hca-report-du-colloque-sur-la-cartographie-linguistique-amazighe\/","title":{"rendered":"HAUT COMMISSARIAT A L\u2019AMAZIGHITE (HCA) : Report du colloque sur \u00ab\u00a0la cartographie linguistique amazighe\u00a0\u00bb"},"content":{"rendered":"<p><br id=\"sep_para_1\" class=\"sep_para access\"\/><\/p>\n<div id=\"para_1\" class=\"para_39515203 resize\">\n<div class=\"texte access firstletter\">Le Haut commissariat \u00e0 l\u2019amazighit\u00e9 (HCA) a annonc\u00e9 le report \u00e0 une date ult\u00e9rieure du colloque national sur \u00ab\u00a0la cartographie linguistique amazighe\u00a0\u00bb, pr\u00e9vu initialement du 21 au 23 novembre courant, en raison de la situation \u00e9pid\u00e9miologique. Les pr\u00e9paratifs pour la tenue du colloque, organis\u00e9 par le HCA en coordination avec l\u2019universit\u00e9 Ahmed Deraia d\u2019Adrar, \u00ab\u00a0\u00e9taient en voie d\u2019ach\u00e8vement si ce n&rsquo;est l\u2019expansion du coronavirus qui a impos\u00e9 le report du colloque \u00e0 une date ult\u00e9rieure\u00a0\u00bb. Le HCA porte \u00e0 la connaissance de l\u2019opinion publique ainsi que des chercheurs et f\u00e9rus du devenir de la langue amazighe que \u00ab\u00a0les pr\u00e9paratifs pour la tenue de l\u2019\u00e9v\u00e9nement sont \u00e0 pied d\u2019\u0153uvre pour l\u2019organiser au moment opportun une fois la situation pand\u00e9mique circonscrite\u00a0\u00bb, a indiqu\u00e9 la m\u00eame source. Elle rappelle \u00e9galement que le colloque visait \u00e0 \u00ab\u00a0examiner et pr\u00e9server le tr\u00e9sor de la langue amazighe sous toutes ses variantes linguistiques \u00e0 l\u2019\u00e9chelle nationale mais \u00e9galement \u00e0 d\u00e9montrer \u00e0 quel point elle demeure \u00e9ternellement li\u00e9e \u00e0 l\u2019Alg\u00e9rie, terre et peuple\u00a0\u00bb. Le Secr\u00e9taire g\u00e9n\u00e9ral du HCA, Hachemi Assad avait annonc\u00e9, jeudi lors d\u2019un point de presse au si\u00e8ge de la wilaya d\u2019Adrar en pr\u00e9sence du Wali d\u2019Adrar et du recteur de l\u2019universit\u00e9 Ahmed Deraia, le programme du colloque, invitant \u00e0 \u00ab\u00a0la mobilisation de tous pour s\u2019adapter \u00e0 toute urgence, notamment le report de la manifestation\u00a0\u00bb.<\/div>\n<\/div>\n<p>Auteur: Ismain<br \/>\n<a href=\"https:\/\/www.reflexiondz.net\/HAUT-COMMISSARIAT-A-L-AMAZIGHITE-HCA-Report-du-colloque-sur-la-cartographie-linguistique-amazighe_a66322.html\">Cliquez ici pour lire l&rsquo;article depuis sa source.<\/a><\/p>\n","protected":false},"excerpt":{"rendered":"<p>Le Haut commissariat \u00e0 l\u2019amazighit\u00e9 (HCA) a annonc\u00e9 le report \u00e0 une date ult\u00e9rieure du colloque national sur \u00ab\u00a0la cartographie linguistique amazighe\u00a0\u00bb, pr\u00e9vu initialement du 21 au 23 novembre courant, en raison de la situation \u00e9pid\u00e9miologique. Les pr\u00e9paratifs pour la tenue du colloque, organis\u00e9 par le HCA en coordination avec l\u2019universit\u00e9 Ahmed Deraia d\u2019Adrar, \u00ab\u00a0\u00e9taient [&hellip;]<\/p>\n","protected":false},"author":1740,"featured_media":0,"comment_status":"closed","ping_status":"closed","sticky":false,"template":"","format":"standard","meta":{"fifu_image_url":"","fifu_image_alt":"","footnotes":""},"categories":[53,76],"tags":[],"class_list":["post-104881","post","type-post","status-publish","format-standard","hentry","category-algerie","category-regions"],"_links":{"self":[{"href":"https:\/\/linitiative.ca\/International\/wp-json\/wp\/v2\/posts\/104881","targetHints":{"allow":["GET"]}}],"collection":[{"href":"https:\/\/linitiative.ca\/International\/wp-json\/wp\/v2\/posts"}],"about":[{"href":"https:\/\/linitiative.ca\/International\/wp-json\/wp\/v2\/types\/post"}],"author":[{"embeddable":true,"href":"https:\/\/linitiative.ca\/International\/wp-json\/wp\/v2\/users\/1740"}],"replies":[{"embeddable":true,"href":"https:\/\/linitiative.ca\/International\/wp-json\/wp\/v2\/comments?post=104881"}],"version-history":[{"count":0,"href":"https:\/\/linitiative.ca\/International\/wp-json\/wp\/v2\/posts\/104881\/revisions"}],"wp:attachment":[{"href":"https:\/\/linitiative.ca\/International\/wp-json\/wp\/v2\/media?parent=104881"}],"wp:term":[{"taxonomy":"category","embeddable":true,"href":"https:\/\/linitiative.ca\/International\/wp-json\/wp\/v2\/categories?post=104881"},{"taxonomy":"post_tag","embeddable":true,"href":"https:\/\/linitiative.ca\/International\/wp-json\/wp\/v2\/tags?post=104881"}],"curies":[{"name":"wp","href":"https:\/\/api.w.org\/{rel}","templated":true}]}}