{"id":104883,"date":"2020-11-16T10:39:00","date_gmt":"2020-11-16T15:39:00","guid":{"rendered":"https:\/\/linitiative.ca\/International\/tiaret-la-police-arrete-un-voleur-de-telephones-portables\/"},"modified":"2020-11-16T10:39:00","modified_gmt":"2020-11-16T15:39:00","slug":"tiaret-la-police-arrete-un-voleur-de-telephones-portables","status":"publish","type":"post","link":"https:\/\/linitiative.ca\/International\/tiaret-la-police-arrete-un-voleur-de-telephones-portables\/","title":{"rendered":"TIARET : La police arr\u00eate un voleur de t\u00e9l\u00e9phones portables"},"content":{"rendered":"<p><br id=\"sep_para_1\" class=\"sep_para access\"\/><\/p>\n<div id=\"para_1\" class=\"para_39515081 resize\">\n<div class=\"texte access firstletter\">Une premi\u00e8re \u00e0 Tiaret&#8230;.la victime se d\u00e9place jusqu&rsquo;au voleur et ce qui s&rsquo;est pass\u00e9, durant ces derni\u00e8res heures, vient de d\u00e9frayer la chronique. En effet, le service de police judiciaire, vient de recevoir 3 plaintes dont l&rsquo;objet est le m\u00eame : Un jeune,\u00a0 via sa page Facebook, passe des annonces de vente de t\u00e9l\u00e9phones portables de marque et lorsque le client se pr\u00e9sente,\u00a0 suite \u00e0 des rendez-vous dans des art\u00e8res de la ville ,le jeune encaisse l&rsquo;argent sans leur remettre le t\u00e9l\u00e9phone demand\u00e9 et prend la fuite .Les services de cybercriminalit\u00e9 ,ont pu identifier le propri\u00e9taire de la page d&rsquo;annonces sur Facebook et l&rsquo;ont arr\u00eat\u00e9 ,suite \u00e0 de bonnes investigations .Confront\u00e9 \u00e0 ses victimes, il a \u00e9t\u00e9 bien identifi\u00e9 et a reconnu les faits. Pr\u00e9sent\u00e9 devant la magistrat-instructeur, lors d&rsquo;une comparution directe, le d\u00e9nomm\u00e9 Y.A, \u00e2g\u00e9 de 20 ans, a \u00e9t\u00e9 plac\u00e9\u00a0 sous contr\u00f4le\u00a0 judiciaire, lit-on dans un communiqu\u00e9 de presse adress\u00e9 \u00e0 notre r\u00e9daction, par les services de communication, relevant de la suret\u00e9 de wilaya de Tiaret.\u00a0\u00a0\u00a0\u00a0\u00a0\u00a0\u00a0\u00a0\u00a0\u00a0\u00a0\u00a0\u00a0\u00a0\u00a0\u00a0\u00a0\u00a0\u00a0<\/div>\n<\/div>\n<p>Auteur: Abdelkader Benrebiha<br \/>\n<a href=\"https:\/\/www.reflexiondz.net\/TIARET-La-police-arrete-un-voleur-de-telephones-portables_a66313.html\">Cliquez ici pour lire l&rsquo;article depuis sa source.<\/a><\/p>\n","protected":false},"excerpt":{"rendered":"<p>Une premi\u00e8re \u00e0 Tiaret&#8230;.la victime se d\u00e9place jusqu&rsquo;au voleur et ce qui s&rsquo;est pass\u00e9, durant ces derni\u00e8res heures, vient de d\u00e9frayer la chronique. En effet, le service de police judiciaire, vient de recevoir 3 plaintes dont l&rsquo;objet est le m\u00eame : Un jeune,\u00a0 via sa page Facebook, passe des annonces de vente de t\u00e9l\u00e9phones portables [&hellip;]<\/p>\n","protected":false},"author":1740,"featured_media":0,"comment_status":"closed","ping_status":"closed","sticky":false,"template":"","format":"standard","meta":{"fifu_image_url":"","fifu_image_alt":"","footnotes":""},"categories":[53,76],"tags":[],"class_list":["post-104883","post","type-post","status-publish","format-standard","hentry","category-algerie","category-regions"],"_links":{"self":[{"href":"https:\/\/linitiative.ca\/International\/wp-json\/wp\/v2\/posts\/104883","targetHints":{"allow":["GET"]}}],"collection":[{"href":"https:\/\/linitiative.ca\/International\/wp-json\/wp\/v2\/posts"}],"about":[{"href":"https:\/\/linitiative.ca\/International\/wp-json\/wp\/v2\/types\/post"}],"author":[{"embeddable":true,"href":"https:\/\/linitiative.ca\/International\/wp-json\/wp\/v2\/users\/1740"}],"replies":[{"embeddable":true,"href":"https:\/\/linitiative.ca\/International\/wp-json\/wp\/v2\/comments?post=104883"}],"version-history":[{"count":0,"href":"https:\/\/linitiative.ca\/International\/wp-json\/wp\/v2\/posts\/104883\/revisions"}],"wp:attachment":[{"href":"https:\/\/linitiative.ca\/International\/wp-json\/wp\/v2\/media?parent=104883"}],"wp:term":[{"taxonomy":"category","embeddable":true,"href":"https:\/\/linitiative.ca\/International\/wp-json\/wp\/v2\/categories?post=104883"},{"taxonomy":"post_tag","embeddable":true,"href":"https:\/\/linitiative.ca\/International\/wp-json\/wp\/v2\/tags?post=104883"}],"curies":[{"name":"wp","href":"https:\/\/api.w.org\/{rel}","templated":true}]}}