{"id":104893,"date":"2020-11-16T10:42:51","date_gmt":"2020-11-16T15:42:51","guid":{"rendered":"https:\/\/linitiative.ca\/International\/vrai-ou-fake-sur-la-covid-19-au-maroc-lundi-16-novembre\/"},"modified":"2020-11-16T10:42:51","modified_gmt":"2020-11-16T15:42:51","slug":"vrai-ou-fake-sur-la-covid-19-au-maroc-lundi-16-novembre","status":"publish","type":"post","link":"https:\/\/linitiative.ca\/International\/vrai-ou-fake-sur-la-covid-19-au-maroc-lundi-16-novembre\/","title":{"rendered":"Vrai ou Fake sur la Covid-19 au Maroc, lundi 16 novembre"},"content":{"rendered":"<p><strong>En plus de l\u2019\u00e9pid\u00e9mie du coronavirus, nous devons faire face \u00e0 une autre \u00e9pid\u00e9mie, celle des fake news relay\u00e9es sur les r\u00e9seaux sociaux.<\/strong><\/p>\n<div class=\"c10\"\/>\n<p>\u2013 Une campagne de communication concernant l\u2019op\u00e9ration de vaccination contre le Covid-19 au Maroc va avoir lieu prochainement pour informer l\u2019opinion publique et \u00e9viter la propagation des fake news sur les r\u00e9seaux sociaux. <strong>VRAI<\/strong><\/p>\n<p>\u2013 Les autorit\u00e9s ont d\u00e9cid\u00e9 la lev\u00e9e de l\u2019\u00e9tat d\u2019urgence sanitaire au Maroc et le retour \u00e0 \u00ab la vie normale \u00bb d\u00e8s que le vaccin anti-Covid-19 sera pr\u00eat. <strong>FAKE<\/strong><\/p>\n<p>\u2013 Les personnes atteintes de diab\u00e8te sont tr\u00e8s vuln\u00e9rables aux cons\u00e9quences aigu\u00ebs du coronavirus. <strong>VRAI<\/strong> Selon l\u2019Organisation mondiale de la sant\u00e9 (OMS), 18,3 % des d\u00e9c\u00e8s dus \u00e0 la Covid-19 dans la r\u00e9gion africaine sont li\u00e9s au diab\u00e8te.<\/p>\n<p>\u2013 Les autorit\u00e9s de Casablanca ont annonc\u00e9 l\u2019all\u00e8gement des mesures de restrictions.\u00a0<strong>FAKE\u00a0<\/strong><\/p>\n<p><strong>Lire aussi |\u00a0<a rel=\"noreferrer noopener\" href=\"https:\/\/www.challenge.ma\/gcam-dispositif-daccompagnement-a-360-pour-la-campagne-agricole-165386\/\" target=\"_blank\">GCAM : dispositif d\u2019accompagnement \u00e0 360\u00b0 pour la campagne agricole<\/a><\/strong><\/p>\n<p>\u2013 La soci\u00e9t\u00e9 am\u00e9ricaine de biotechnologie Moderna a d\u00e9clar\u00e9 lundi que son vaccin potentiel contre le coronavirus est efficace \u00e0 94,5% dans la lutte contre le virus. <strong>VRAI<\/strong><\/p>\n<p>\u2013 Les masques chirurgicaux sont les plus efficaces\u00a0contre le Covid-19.\u00a0<strong>VRAI\u00a0<\/strong>Les masques chirurgicaux arr\u00eatent plus de 90% des gouttelettes \u00e9mises par la parole selon une \u00e9tude comparative ayant concern\u00e9 14 types de masques. Les bandanas et les cache-cols en polaire sont par contre les moins efficaces.\u00a0<\/p>\n<p><strong>Lire aussi |<\/strong><a href=\"https:\/\/www.challenge.ma\/coronavirus-lamericain-moderna-affirme-que-son-vaccin-est-efficace-a-945-165390\/\"><strong>Coronavirus : l\u2019am\u00e9ricain Moderna affirme que son vaccin est efficace \u00e0 94,5%<\/strong><\/a><\/p>\n<p>Auteur: Hajar DARI<br \/>\n<a href=\"https:\/\/www.challenge.ma\/vrai-ou-fake-sur-la-covid-19-au-maroc-lundi-16-novembre-165394\/\">Cliquez ici pour lire l&rsquo;article depuis sa source.<\/a><\/p>\n","protected":false},"excerpt":{"rendered":"<p>En plus de l\u2019\u00e9pid\u00e9mie du coronavirus, nous devons faire face \u00e0 une autre \u00e9pid\u00e9mie, celle des fake news relay\u00e9es sur les r\u00e9seaux sociaux. \u2013 Une campagne de communication concernant l\u2019op\u00e9ration de vaccination contre le Covid-19 au Maroc va avoir lieu prochainement pour informer l\u2019opinion publique et \u00e9viter la propagation des fake news sur les r\u00e9seaux [&hellip;]<\/p>\n","protected":false},"author":1787,"featured_media":0,"comment_status":"closed","ping_status":"closed","sticky":false,"template":"","format":"standard","meta":{"fifu_image_url":"","fifu_image_alt":"","footnotes":""},"categories":[78,54],"tags":[],"class_list":["post-104893","post","type-post","status-publish","format-standard","hentry","category-economie","category-maroc"],"_links":{"self":[{"href":"https:\/\/linitiative.ca\/International\/wp-json\/wp\/v2\/posts\/104893","targetHints":{"allow":["GET"]}}],"collection":[{"href":"https:\/\/linitiative.ca\/International\/wp-json\/wp\/v2\/posts"}],"about":[{"href":"https:\/\/linitiative.ca\/International\/wp-json\/wp\/v2\/types\/post"}],"author":[{"embeddable":true,"href":"https:\/\/linitiative.ca\/International\/wp-json\/wp\/v2\/users\/1787"}],"replies":[{"embeddable":true,"href":"https:\/\/linitiative.ca\/International\/wp-json\/wp\/v2\/comments?post=104893"}],"version-history":[{"count":0,"href":"https:\/\/linitiative.ca\/International\/wp-json\/wp\/v2\/posts\/104893\/revisions"}],"wp:attachment":[{"href":"https:\/\/linitiative.ca\/International\/wp-json\/wp\/v2\/media?parent=104893"}],"wp:term":[{"taxonomy":"category","embeddable":true,"href":"https:\/\/linitiative.ca\/International\/wp-json\/wp\/v2\/categories?post=104893"},{"taxonomy":"post_tag","embeddable":true,"href":"https:\/\/linitiative.ca\/International\/wp-json\/wp\/v2\/tags?post=104893"}],"curies":[{"name":"wp","href":"https:\/\/api.w.org\/{rel}","templated":true}]}}