{"id":104896,"date":"2020-11-16T13:22:02","date_gmt":"2020-11-16T18:22:02","guid":{"rendered":"https:\/\/linitiative.ca\/International\/el-guergerate-s-m-le-roi-sentretient-avec-le-secretaire-general-de-lonu\/"},"modified":"2020-11-16T13:22:02","modified_gmt":"2020-11-16T18:22:02","slug":"el-guergerate-s-m-le-roi-sentretient-avec-le-secretaire-general-de-lonu","status":"publish","type":"post","link":"https:\/\/linitiative.ca\/International\/el-guergerate-s-m-le-roi-sentretient-avec-le-secretaire-general-de-lonu\/","title":{"rendered":"El Guergerate :  S.M. le Roi s\u2019entretient avec le Secr\u00e9taire g\u00e9n\u00e9ral de l\u2019ONU"},"content":{"rendered":"<p><strong>Selon un communiqu\u00e9 du Cabinet royal, le Souverain a eu un entretien t\u00e9l\u00e9phonique avec le Secr\u00e9taire G\u00e9n\u00e9ral des Nations Unies, Antonio Guterres. L\u2019entretien a port\u00e9 sur les derniers d\u00e9veloppements de la Question Nationale, notamment la situation dans la zone de Guergarate au Sahara marocain.<br \/><\/strong><br \/>Au cours de cet entretien, S.M. le Roi Mohammed VI a soulign\u00e9 qu\u2019apr\u00e8s l\u2019\u00e9chec de toutes les tentatives louables du Secr\u00e9taire G\u00e9n\u00e9ral, le Royaume du Maroc a pris ses responsabilit\u00e9s dans le cadre de son droit le plus l\u00e9gitime, d\u2019autant plus que ce n\u2019est pas la premi\u00e8re fois que les milices du polisario s\u2019adonnent \u00e0 des agissements inacceptables. Le Maroc a r\u00e9tabli la situation, r\u00e9gl\u00e9 d\u00e9finitivement le probl\u00e8me et restaur\u00e9 la fluidit\u00e9 de la circulation.<\/p>\n<div class=\"c10\"\/>\n<p><strong>Lire aussi| <a href=\"https:\/\/www.challenge.ma\/el-guerguerat-la-cgem-salue-lintervention-des-far-165271\/\">El Guerguerat : la CGEM salue l\u2019intervention des FAR<\/a><\/strong><\/p>\n<p>Le Souverain a pr\u00e9cis\u00e9 que le Royaume du Maroc continuera \u00e0 prendre les mesures n\u00e9cessaires afin d\u2019assurer l\u2019ordre et garantir une circulation s\u00fbre et fluide des personnes et des biens, dans cette zone \u00e0 la fronti\u00e8re entre le Royaume et la R\u00e9publique Islamique de Mauritanie. Il a aussi r\u00e9affirm\u00e9 au SG de l\u2019ONU l\u2019attachement constant du Maroc au cessez-le-feu. Avec la m\u00eame force, le Royaume demeure fermement d\u00e9termin\u00e9 \u00e0 r\u00e9agir, avec la plus grande s\u00e9v\u00e9rit\u00e9, et dans le cadre de la l\u00e9gitime d\u00e9fense, contre toute menace \u00e0 sa s\u00e9curit\u00e9 et \u00e0 la qui\u00e9tude de ses citoyens.<\/p>\n<p><strong>Lire aussi| <a href=\"https:\/\/www.challenge.ma\/coronavirus-lamericain-moderna-affirme-que-son-vaccin-est-efficace-a-945-165390\/\">Coronavirus : l\u2019am\u00e9ricain Moderna affirme que son vaccin est efficace \u00e0 94,5%<\/a><\/strong><\/p>\n<p>S.M. le Roi a, enfin, assur\u00e9 le Secr\u00e9taire G\u00e9n\u00e9ral que le Maroc continuera \u00e0 soutenir ses efforts dans le cadre du processus politique. Celui-ci devrait reprendre sur la base de param\u00e8tres clairs, impliquant les v\u00e9ritables parties \u00e0 ce diff\u00e9rend r\u00e9gional et permettant une solution r\u00e9aliste et r\u00e9alisable dans le cadre de la souverainet\u00e9 du Royaume.<\/p>\n<p>Auteur: challenge<br \/>\n<a href=\"https:\/\/www.challenge.ma\/el-guergerate-s-m-le-roi-sentretient-avec-le-secretaire-general-de-lonu-165448\/\">Cliquez ici pour lire l&rsquo;article depuis sa source.<\/a><\/p>\n","protected":false},"excerpt":{"rendered":"<p>Selon un communiqu\u00e9 du Cabinet royal, le Souverain a eu un entretien t\u00e9l\u00e9phonique avec le Secr\u00e9taire G\u00e9n\u00e9ral des Nations Unies, Antonio Guterres. L\u2019entretien a port\u00e9 sur les derniers d\u00e9veloppements de la Question Nationale, notamment la situation dans la zone de Guergarate au Sahara marocain.Au cours de cet entretien, S.M. le Roi Mohammed VI a soulign\u00e9 [&hellip;]<\/p>\n","protected":false},"author":1787,"featured_media":0,"comment_status":"closed","ping_status":"closed","sticky":false,"template":"","format":"standard","meta":{"fifu_image_url":"","fifu_image_alt":"","footnotes":""},"categories":[78,54],"tags":[],"class_list":["post-104896","post","type-post","status-publish","format-standard","hentry","category-economie","category-maroc"],"_links":{"self":[{"href":"https:\/\/linitiative.ca\/International\/wp-json\/wp\/v2\/posts\/104896","targetHints":{"allow":["GET"]}}],"collection":[{"href":"https:\/\/linitiative.ca\/International\/wp-json\/wp\/v2\/posts"}],"about":[{"href":"https:\/\/linitiative.ca\/International\/wp-json\/wp\/v2\/types\/post"}],"author":[{"embeddable":true,"href":"https:\/\/linitiative.ca\/International\/wp-json\/wp\/v2\/users\/1787"}],"replies":[{"embeddable":true,"href":"https:\/\/linitiative.ca\/International\/wp-json\/wp\/v2\/comments?post=104896"}],"version-history":[{"count":0,"href":"https:\/\/linitiative.ca\/International\/wp-json\/wp\/v2\/posts\/104896\/revisions"}],"wp:attachment":[{"href":"https:\/\/linitiative.ca\/International\/wp-json\/wp\/v2\/media?parent=104896"}],"wp:term":[{"taxonomy":"category","embeddable":true,"href":"https:\/\/linitiative.ca\/International\/wp-json\/wp\/v2\/categories?post=104896"},{"taxonomy":"post_tag","embeddable":true,"href":"https:\/\/linitiative.ca\/International\/wp-json\/wp\/v2\/tags?post=104896"}],"curies":[{"name":"wp","href":"https:\/\/api.w.org\/{rel}","templated":true}]}}