{"id":104897,"date":"2020-11-16T14:25:47","date_gmt":"2020-11-16T19:25:47","guid":{"rendered":"https:\/\/linitiative.ca\/International\/el-guergerat-le-soulagement-des-exportateurs-dagrumes\/"},"modified":"2020-11-16T14:25:47","modified_gmt":"2020-11-16T19:25:47","slug":"el-guergerat-le-soulagement-des-exportateurs-dagrumes","status":"publish","type":"post","link":"https:\/\/linitiative.ca\/International\/el-guergerat-le-soulagement-des-exportateurs-dagrumes\/","title":{"rendered":"El Guergerat : le soulagement des exportateurs d\u2019agrumes"},"content":{"rendered":"<p><strong>Apr\u00e8s plusieurs semaines de blocage perp\u00e9tr\u00e9 par des milices du polisario, les Forces Arm\u00e9es Royales ont r\u00e9ussi \u00e0 d\u00e9canter la situation. Un grand soulagement pour de nombreux op\u00e9rateurs \u00e9conomiques marocains, dont notamment les exportateurs d\u2019agrumes vers les pays d\u2019Afrique subsaharienne. T\u00e9moignages.<\/strong><\/p>\n<div class=\"c10\"\/>\n<p>C\u2019est un grand ouf de soulagement pour les exportateurs d\u2019agrumes. Apr\u00e8s plusieurs semaines de blocage, les FAR (Forces Arm\u00e9es Royales) ont finalement pris les choses en main pour d\u00e9canter la situation. En effet, des milices du polisario avaient bloqu\u00e9 l\u2019axe routier traversant la zone tampon de El Guergerat et permettant aux op\u00e9rateurs \u00e9conomiques, notamment les exportateurs, de relier la Mauritanie et aussi l\u2019Afrique de l\u2019Ouest. Ainsi, pour mettre un terme au d\u00e9sordre sem\u00e9 par ces miliciens, les Forces Arm\u00e9es Royales (FAR) ont proc\u00e9d\u00e9, dans la nuit de jeudi au vendredi 13 novembre 2020, \u00e0 la mise en place d\u2019un cordon de s\u00e9curit\u00e9 en vue de s\u00e9curiser le flux des biens et des personnes. A la suite de cette op\u00e9ration bien men\u00e9e, les Forces Arm\u00e9es Royales (FAR), conform\u00e9ment aux Hautes Instructions de S.M. le Roi Mohammed VI, Chef Supr\u00eame et Chef d\u2019Etat-Major G\u00e9n\u00e9ral des FAR, ont annonc\u00e9 que le passage d\u2019El Guergerat \u00ab\u00a0 est \u00e0 pr\u00e9sent s\u00e9curis\u00e9\u00a0\u00bb.<\/p>\n<p><strong>Lire aussi| <a href=\"https:\/\/www.challenge.ma\/credits-aux-particuliers-de-nouvelles-conditions-doctroi-des-2021-165276\/\">Cr\u00e9dits aux particuliers : de nouvelles conditions d\u2019octroi d\u00e8s 2021<\/a><\/strong><\/p>\n<p>Une bonne nouvelle pour tous les op\u00e9rateurs \u00e9conomiques dont le business avait \u00e9t\u00e9 bloqu\u00e9 depuis plusieurs semaines \u00e0 cause de cette situation. \u00ab\u00a0La situation est maintenant s\u00e9curis\u00e9e. Les camions vont commencer \u00e0 circuler \u00e0 nouveau\u00a0\u00bb, nous confie un patron de gros porteurs qui pratique r\u00e9guli\u00e8rement cet axe routier. Pour sa part, l\u2019ASPAM (Association des producteurs d\u2019agrumes du Maroc) se r\u00e9jouit de ce d\u00e9nouement. Il faut dire que les membres de cette association ont \u00e9t\u00e9 particuli\u00e8rement touch\u00e9s puisqu\u2019ils exportent une bonne partie de leurs productions d\u2019agrumes via cet axe vers la Mauritanie et le march\u00e9 ouest-africain (S\u00e9n\u00e9gal, Mali, Guin\u00e9e, C\u00f4te d\u2019Ivoire\u2026). \u00ab\u00a0Notre activit\u00e9 a \u00e9t\u00e9 perturb\u00e9e par le blocage de l\u2019axe routier traversant El Guergerate. La quasi-totalit\u00e9 de notre production passe par cette route. Et, il n\u2019y a pas que les agrumes, parce que m\u00eame la production de poissons passe par l\u00e0 \u00e9galement pour aller vers les pays d\u2019Afrique subsaharienne\u00a0\u00bb, explique Ahmed Derrab, Secr\u00e9taire g\u00e9n\u00e9ral de l\u2019ASPAM.<\/p>\n<p><strong>Lire aussi| <a href=\"https:\/\/www.challenge.ma\/societe-generale-maroc-poursuit-son-offensive-sur-les-tpe-165408\/\">Soci\u00e9t\u00e9 G\u00e9n\u00e9rale Maroc poursuit son offensive sur les TPE<\/a><\/strong><\/p>\n<p>\u00ab\u00a0Comme vous le savez, nous sommes sur des produits p\u00e9rissables, alors quand le blocage a commenc\u00e9, il fallait que nos membres s\u2019adaptent \u00e0 la situation. Il y a eu quelques d\u00e9g\u00e2ts au d\u00e9but parce que les lots de marchandises \u00e9taient d\u00e9j\u00e0 l\u00e0 emball\u00e9s et pr\u00eats \u00e0 \u00eatre export\u00e9s. Ce n\u2019\u00e9tait pas possible pour nous de contourner le blocage, donc nos exportateurs ont d\u00fb lever le pied sur leurs activit\u00e9s \u00e0 l\u2019export vers l\u2019Afrique, en attendant un d\u00e9nouement. Ce qui, bien s\u00fbr, a un peu impact\u00e9 les chiffres d\u2019affaires des entreprises concern\u00e9es. Maintenant que la situation est d\u00e9bloqu\u00e9e, il est clair que nous allons pouvoir reprendre nos exp\u00e9ditions via cet axe routier\u00a0\u00bb, poursuit-il, ajoutant que cette situation a aussi provoqu\u00e9 une flamb\u00e9e du prix des fruits dans les pays concern\u00e9s (Mauritanie, S\u00e9n\u00e9gal, C\u00f4te d\u2019Ivoire\u2026).<\/p>\n<p>Force est de remarquer que diverses corporations professionnelles ont salu\u00e9 les efforts des FAR. \u00ab\u00a0La CGEM affirme son soutien ferme et inconditionnel \u00e0 l\u2019op\u00e9ration men\u00e9e dans le respect de la l\u00e9galit\u00e9 internationale par les Forces Arm\u00e9es Royales (FAR), sur Tr\u00e8s Hautes Instructions de S.M. le Roi Mohammed VI, Chef Supr\u00eame et Chef d\u2019\u00c9tat-Major g\u00e9n\u00e9ral des FAR, en vue de restaurer la libre circulation des personnes et des marchandises \u00e0 travers le passage d\u2019El Guerguerat.\u00a0Le blocage engendr\u00e9 par les agissements des ennemis de la Nation, depuis le 21 octobre dernier, avait pour objectif de nuire aux int\u00e9r\u00eats \u00e9conomiques des entreprises en impactant les flux commerciaux en provenance du Maroc et de l\u2019Europe vers le Continent africain et principalement vers le voisin Mauritanien, et vice-versa. En effet, pr\u00e8s de 350 camions de marchandises transitent chaque jour par le poste frontalier d\u2019El Guerguerat\u00a0\u00bb, se r\u00e9jouit le patronat dans un communiqu\u00e9. \u00ab\u00a0Gr\u00e2ce \u00e0 cette op\u00e9ration l\u00e9gitime, les acteurs \u00e9conomiques marocains, ainsi que leurs partenaires africains et europ\u00e9ens pourront poursuivre leur activit\u00e9 commerciale en toute s\u00e9curit\u00e9 et s\u00e9r\u00e9nit\u00e9\u00a0\u00bb, rench\u00e9rit la Conf\u00e9d\u00e9ration g\u00e9n\u00e9rale des entreprises du Maroc. De son c\u00f4t\u00e9 \u00e9galement, l\u2019Association Marocaine des Exportateurs (ASMEX) s\u2019est r\u00e9jouie des efforts des FAR.<\/p>\n<p>Auteur: challenge<br \/>\n<a href=\"https:\/\/www.challenge.ma\/el-guergerat-le-soulagement-des-exportateurs-dagrumes-165453\/\">Cliquez ici pour lire l&rsquo;article depuis sa source.<\/a><\/p>\n","protected":false},"excerpt":{"rendered":"<p>Apr\u00e8s plusieurs semaines de blocage perp\u00e9tr\u00e9 par des milices du polisario, les Forces Arm\u00e9es Royales ont r\u00e9ussi \u00e0 d\u00e9canter la situation. Un grand soulagement pour de nombreux op\u00e9rateurs \u00e9conomiques marocains, dont notamment les exportateurs d\u2019agrumes vers les pays d\u2019Afrique subsaharienne. T\u00e9moignages. C\u2019est un grand ouf de soulagement pour les exportateurs d\u2019agrumes. Apr\u00e8s plusieurs semaines de [&hellip;]<\/p>\n","protected":false},"author":1787,"featured_media":0,"comment_status":"closed","ping_status":"closed","sticky":false,"template":"","format":"standard","meta":{"fifu_image_url":"","fifu_image_alt":"","footnotes":""},"categories":[78,54],"tags":[],"class_list":["post-104897","post","type-post","status-publish","format-standard","hentry","category-economie","category-maroc"],"_links":{"self":[{"href":"https:\/\/linitiative.ca\/International\/wp-json\/wp\/v2\/posts\/104897","targetHints":{"allow":["GET"]}}],"collection":[{"href":"https:\/\/linitiative.ca\/International\/wp-json\/wp\/v2\/posts"}],"about":[{"href":"https:\/\/linitiative.ca\/International\/wp-json\/wp\/v2\/types\/post"}],"author":[{"embeddable":true,"href":"https:\/\/linitiative.ca\/International\/wp-json\/wp\/v2\/users\/1787"}],"replies":[{"embeddable":true,"href":"https:\/\/linitiative.ca\/International\/wp-json\/wp\/v2\/comments?post=104897"}],"version-history":[{"count":0,"href":"https:\/\/linitiative.ca\/International\/wp-json\/wp\/v2\/posts\/104897\/revisions"}],"wp:attachment":[{"href":"https:\/\/linitiative.ca\/International\/wp-json\/wp\/v2\/media?parent=104897"}],"wp:term":[{"taxonomy":"category","embeddable":true,"href":"https:\/\/linitiative.ca\/International\/wp-json\/wp\/v2\/categories?post=104897"},{"taxonomy":"post_tag","embeddable":true,"href":"https:\/\/linitiative.ca\/International\/wp-json\/wp\/v2\/tags?post=104897"}],"curies":[{"name":"wp","href":"https:\/\/api.w.org\/{rel}","templated":true}]}}