{"id":104898,"date":"2020-11-16T15:41:22","date_gmt":"2020-11-16T20:41:22","guid":{"rendered":"https:\/\/linitiative.ca\/International\/tunisie-on-ne-travaille-toujours-pas-au-ministere-de-la-sante-le-week-end\/"},"modified":"2020-11-16T15:41:22","modified_gmt":"2020-11-16T20:41:22","slug":"tunisie-on-ne-travaille-toujours-pas-au-ministere-de-la-sante-le-week-end","status":"publish","type":"post","link":"https:\/\/linitiative.ca\/International\/tunisie-on-ne-travaille-toujours-pas-au-ministere-de-la-sante-le-week-end\/","title":{"rendered":"Tunisie \u2013 On ne travaille toujours pas au minist\u00e8re de la Sant\u00e9 le week end\u00a0!"},"content":{"rendered":"<div class=\"post-cont-in left relative\">\n<div id=\"post-info-wrap\" class=\"left relative post-info-out\">\n<div class=\"post-info-img left relative\"><img loading=\"lazy\" decoding=\"async\" alt=\"\" src=\"https:\/\/secure.gravatar.com\/avatar\/96253f4a657b482a18e837c1252096c2?s=50&amp;d=mm&amp;r=g\" srcset=\"https:\/\/secure.gravatar.com\/avatar\/96253f4a657b482a18e837c1252096c2?s=100&amp;d=mm&amp;r=g 2x\" class=\"avatar avatar-50 photo\" height=\"50\" width=\"50\"\/><\/div>\n<div class=\"post-info-in\">\n<div class=\"post-info-right left relative post-info-name left relative\"><span itemprop=\"author\" itemscope=\"\" itemtype=\"https:\/\/schema.org\/Person\"><span class=\"post-info-text\">Par<\/span> <span class=\"author-name vcard fn author\" itemprop=\"name\"><a href=\"https:\/\/www.tunisienumerique.com\/author\/saber\/\" title=\"Articles par Saber .\" rel=\"author\">Saber .<\/a><\/span><\/span> <span class=\"post-date updated\"><time class=\"post-date updated\" itemprop=\"datePublished\" datetime=\"2020-11-16\">\u00a0| Il y a 1 heure<\/time><\/span><\/div>\n<div class=\"left relative\"><button id=\"listenButton1\" class=\"responsivevoice-button\" type=\"button\" value=\"Play\" title=\"&#xC9;coutez l'article\"><span>\ud83d\udd0a \u00c9coutez l&rsquo;article<\/span><\/button> <\/div>\n<\/div>\n<\/div>\n<p>Le dernier bulletin \u00e9pid\u00e9miologique, publi\u00e9 ce lundi soir par le minist\u00e8re de la Sant\u00e9, ne laisse plus la moindre place au doute.<\/p>\n<div class=\"code-block code-block-1 c4\"><ins class=\"adsbygoogle c3\" data-ad-layout=\"in-article\" data-ad-format=\"fluid\" data-ad-client=\"ca-pub-2102118777505746\" data-ad-slot=\"7301775417\"\/> <\/div>\n<p>Contrairement \u00e0 ce qu\u2019insistent \u00e0 le dire ses cadres, on ne travaille toujours pas le week end, au minist\u00e8re de la Sant\u00e9 ! Il ne s\u2019agit point d\u2019une simple impression ou de paroles en l\u2019air, mais ce sont les chiffres qui l\u2019attestent. Et tout le monde sait que les chiffres ne se trompent jamais.<\/p>\n<p>Les chiffres publi\u00e9s ce soir par le minist\u00e8re de la Sant\u00e9 sont toujours aussi \u00e9loquents et confirment ce qui a depuis toujours \u00e9t\u00e9 dit et toujours d\u00e9menti par les cadres du minist\u00e8re.<\/p>\n<p>Le nombre de tests de d\u00e9pistage de la Covid effectu\u00e9s les derni\u00e8res 24 heures, soit justement dimanche, s\u2019est limit\u00e9 \u00e0 1804. Ce qui, compar\u00e9 \u00e0 la moyenne op\u00e9r\u00e9e pendant les jours ouvrables, est trop peu. Et \u00e7\u00e0 fausse, par voie de cons\u00e9quence, le nombre de nouveaux cas enregistr\u00e9s, puisqu\u2019on n\u2019a d\u00e9tect\u00e9, durant la m\u00eame journ\u00e9e \u00ab que \u00bb 600 nouveaux cas. Car avec les 33.3% de tests positifs, si on avait effectu\u00e9 les 4500 tests quotidiens habituels, on saurait obtenu 1500 nouveaux cas positifs. Ce qui constitue la vraie moyenne des nouvelles infections par jour et qui demeure \u00e0 des ann\u00e9es lumi\u00e8re des 600 annonc\u00e9es aujourd\u2019hui.<\/p>\n<p>Alors, de gr\u00e2ce ! Arr\u00eatons de dire qu\u2019on ne ch\u00f4me pas le week end au minist\u00e8re de la Sant\u00e9 et qu\u2019on ne refuse pas de travailler les dimanches. Si on est incapable d\u2019imposer le travail \u00e0 ses administr\u00e9s, qu\u2019on ait au moins l\u2019intelligence de corriger, ne serait-ce que par extrapolation, les chiffres qui provoquent, faussement un sentiment de s\u00e9curit\u00e9 en donnant l\u2019impression que les cas sont en train de diminuer !<\/p>\n<p><img loading=\"lazy\" decoding=\"async\" class=\"aligncenter size-full wp-image-584114\" src=\"https:\/\/www.tunisienumerique.com\/wp-content\/uploads\/2020\/11\/msp-2.jpg\" alt=\"\" width=\"678\" height=\"960\" srcset=\"https:\/\/www.tunisienumerique.com\/wp-content\/uploads\/2020\/11\/msp-2.jpg 678w, https:\/\/www.tunisienumerique.com\/wp-content\/uploads\/2020\/11\/msp-2-600x850.jpg 600w\" sizes=\"auto, (max-width: 678px) 100vw, 678px\"\/><\/p>\n<div class=\"swp_social_panel swp_horizontal_panel swp_flat_fresh swp_default_full_color swp_individual_full_color swp_other_full_color scale-100 scale-\" data-min-width=\"1100\" data-float-color=\"#ffffff\" data-float=\"bottom\" data-float-mobile=\"bottom\" data-transition=\"slide\">\n<div class=\"nc_tweetContainer swp_share_button total_shares total_sharesalt\"><span class=\"swp_count\">4 <span class=\"swp_label\">Partages<\/span><\/span><\/div>\n<\/div>\n<p><strong>Que se passe-t-il en Tunisie?<\/strong><br \/>Nous expliquons sur notre <a href=\"https:\/\/www.youtube.com\/channel\/UCRzypVq0B_yBad5eGrwBx0Q?sub_confirmation=1\" target=\"_blank\" rel=\"noopener noreferrer\">cha\u00eene YouTube<\/a> . <a href=\"https:\/\/www.youtube.com\/channel\/UCRzypVq0B_yBad5eGrwBx0Q?sub_confirmation=1\" target=\"_blank\" rel=\"noopener noreferrer\">Abonnez-vous!<\/a><\/p>\n<div class=\"mvp-org-wrap mvp-org-logo\" itemprop=\"publisher\" itemscope=\"\" itemtype=\"https:\/\/schema.org\/Organization\"><img decoding=\"async\" src=\"https:\/\/www.tunisienumerique.com\/wp-content\/uploads\/2017\/02\/logo_tunisie_numerique.png\"\/><\/div>\n<div class=\"mvp-related-posts left relative\">\n<h4 class=\"post-header\"><span class=\"post-header\">Lire aussi<\/span><\/h4>\n<\/div>\n<div id=\"article-ad\"><ins class=\"adsbygoogle c5\" data-ad-client=\"ca-pub-2102118777505746\" data-ad-slot=\"6513972734\" data-ad-format=\"auto\" data-full-width-responsive=\"true\"\/> <\/div>\n<\/div>\n<div id=\"post-sidebar-wrap\"><ins class=\"adsbygoogle c5\" data-ad-client=\"ca-pub-2102118777505746\" data-ad-slot=\"6168283410\" data-ad-format=\"auto\" data-full-width-responsive=\"true\"\/> <\/div>\n<p>Auteur: Saber .<br \/>\n<a href=\"https:\/\/www.tunisienumerique.com\/tunisie-on-ne-travaille-toujours-pas-au-ministere-de-la-sante-le-week-end\/\">Cliquez ici pour lire l&rsquo;article depuis sa source.<\/a><\/p>\n","protected":false},"excerpt":{"rendered":"<p>Par Saber . \u00a0| Il y a 1 heure \ud83d\udd0a \u00c9coutez l&rsquo;article Le dernier bulletin \u00e9pid\u00e9miologique, publi\u00e9 ce lundi soir par le minist\u00e8re de la Sant\u00e9, ne laisse plus la moindre place au doute. Contrairement \u00e0 ce qu\u2019insistent \u00e0 le dire ses cadres, on ne travaille toujours pas le week end, au minist\u00e8re de la [&hellip;]<\/p>\n","protected":false},"author":1789,"featured_media":0,"comment_status":"closed","ping_status":"closed","sticky":false,"template":"","format":"standard","meta":{"fifu_image_url":"","fifu_image_alt":"","footnotes":""},"categories":[73,55],"tags":[],"class_list":["post-104898","post","type-post","status-publish","format-standard","hentry","category-actualite","category-tunisie"],"_links":{"self":[{"href":"https:\/\/linitiative.ca\/International\/wp-json\/wp\/v2\/posts\/104898","targetHints":{"allow":["GET"]}}],"collection":[{"href":"https:\/\/linitiative.ca\/International\/wp-json\/wp\/v2\/posts"}],"about":[{"href":"https:\/\/linitiative.ca\/International\/wp-json\/wp\/v2\/types\/post"}],"author":[{"embeddable":true,"href":"https:\/\/linitiative.ca\/International\/wp-json\/wp\/v2\/users\/1789"}],"replies":[{"embeddable":true,"href":"https:\/\/linitiative.ca\/International\/wp-json\/wp\/v2\/comments?post=104898"}],"version-history":[{"count":0,"href":"https:\/\/linitiative.ca\/International\/wp-json\/wp\/v2\/posts\/104898\/revisions"}],"wp:attachment":[{"href":"https:\/\/linitiative.ca\/International\/wp-json\/wp\/v2\/media?parent=104898"}],"wp:term":[{"taxonomy":"category","embeddable":true,"href":"https:\/\/linitiative.ca\/International\/wp-json\/wp\/v2\/categories?post=104898"},{"taxonomy":"post_tag","embeddable":true,"href":"https:\/\/linitiative.ca\/International\/wp-json\/wp\/v2\/tags?post=104898"}],"curies":[{"name":"wp","href":"https:\/\/api.w.org\/{rel}","templated":true}]}}