{"id":104899,"date":"2020-11-16T16:19:16","date_gmt":"2020-11-16T21:19:16","guid":{"rendered":"https:\/\/linitiative.ca\/International\/tunisie-video-mehdi-ben-gharbia-je-prefere-demissionner-dune-assemblee-pareille\/"},"modified":"2020-11-16T16:19:16","modified_gmt":"2020-11-16T21:19:16","slug":"tunisie-video-mehdi-ben-gharbia-je-prefere-demissionner-dune-assemblee-pareille","status":"publish","type":"post","link":"https:\/\/linitiative.ca\/International\/tunisie-video-mehdi-ben-gharbia-je-prefere-demissionner-dune-assemblee-pareille\/","title":{"rendered":"Tunisie \u2013 VIDEO\u00a0: Mehdi Ben Gharbia\u00a0: Je pr\u00e9f\u00e8re d\u00e9missionner d\u2019une assembl\u00e9e pareille\u00a0!"},"content":{"rendered":"<div class=\"post-cont-in left relative\">\n<div id=\"post-info-wrap\" class=\"left relative post-info-out\">\n<div class=\"post-info-img left relative\"><img loading=\"lazy\" decoding=\"async\" alt=\"\" src=\"https:\/\/secure.gravatar.com\/avatar\/047123be9d5e8513774383916ee72db2?s=50&amp;d=mm&amp;r=g\" srcset=\"https:\/\/secure.gravatar.com\/avatar\/047123be9d5e8513774383916ee72db2?s=100&amp;d=mm&amp;r=g 2x\" class=\"avatar avatar-50 photo\" height=\"50\" width=\"50\"\/><\/div>\n<div class=\"post-info-in\">\n<div class=\"post-info-right left relative post-info-name left relative\"><span itemprop=\"author\" itemscope=\"\" itemtype=\"https:\/\/schema.org\/Person\"><span class=\"post-info-text\">Par<\/span> <span class=\"author-name vcard fn author\" itemprop=\"name\"><a href=\"https:\/\/www.tunisienumerique.com\/author\/lm\/\" title=\"Articles par LM\" rel=\"author\">LM<\/a><\/span><\/span> <span class=\"post-date updated\"><time class=\"post-date updated\" itemprop=\"datePublished\" datetime=\"2020-11-16\">\u00a0| Il y a 1 heure<\/time><\/span><\/div>\n<div class=\"left relative\"><button id=\"listenButton1\" class=\"responsivevoice-button\" type=\"button\" value=\"Play\" title=\"&#xC9;coutez l'article\"><span>\ud83d\udd0a \u00c9coutez l&rsquo;article<\/span><\/button> <\/div>\n<\/div>\n<\/div>\n<p>Le d\u00e9put\u00e9 du bloc parlementaire de Tahya Tounes, \u00e0 l\u2019ARP, Mehdi Ben Gharbia, a annonc\u00e9, hier, dimanche, sur le plateau d\u2019une chaine de TV priv\u00e9e, que si le niveau que nous voyons maintenant au parlement persiste, je pr\u00e9f\u00e8re d\u00e9missionner.<\/p>\n<div class=\"code-block code-block-1 c4\"><ins class=\"adsbygoogle c3\" data-ad-layout=\"in-article\" data-ad-format=\"fluid\" data-ad-client=\"ca-pub-2102118777505746\" data-ad-slot=\"7301775417\"\/> <\/div>\n<p>Il a ajout\u00e9 qu\u2019il pense toutes les semaines \u00e0 se retirer de l\u2019ARP, qui dans l\u2019\u00e9tat actuel des choses qui dure depuis un an. Il a ajout\u00e9 qu\u2019il pr\u00e9f\u00e8re d\u00e9missionner, comme il a eu le courage de le faire du gouvernement, auparavant, pr\u00e9cisant que les ministres qui ont d\u00e9missionn\u00e9 ne sot pas tr\u00e8s nombreux. Il a expliqu\u00e9 l\u2019avoir fait parce qu\u2019il \u00e9tait persuad\u00e9 que le gouvernement n\u2019allait pas pouvoir avancer dans ses projets de r\u00e9forme. Et, actuellement, a-t-il ajout\u00e9, il est persuad\u00e9 que l\u2019ARP ne pourra pas continuer ainsi, durant les quatre ans \u00e0 venir. Il a assur\u00e9 que si les repr\u00e9sentants du peuple ne reviennent pas \u00e0 la raison, il vaudrait, peut-\u00eatre, mieux lancer des \u00e9lections anticip\u00e9es.<\/p>\n<p>Ben Gharbia a assur\u00e9 que s\u2019il n\u2019a pas encore d\u00e9missionn\u00e9, c\u2019est pour ne pas trahir la confiance de ses \u00e9lecteurs dans la r\u00e9gion de Bizerte. Or, aujourd\u2019hui, il n\u2019y a plus d\u2019assembl\u00e9e \u00e0 cause des querelles incessantes entre les diff\u00e9rents blocs, qui ne respectent en rien les int\u00e9r\u00eats du peuple et les priorit\u00e9s du pays. Et les quelques voix qui veulent condamner cette situation sont masqu\u00e9es par les sempiternelles querelles.<\/p>\n<div class=\"swp_social_panel swp_horizontal_panel swp_flat_fresh swp_default_full_color swp_individual_full_color swp_other_full_color scale-100 scale-\" data-min-width=\"1100\" data-float-color=\"#ffffff\" data-float=\"bottom\" data-float-mobile=\"bottom\" data-transition=\"slide\">\n<div class=\"nc_tweetContainer swp_share_button total_shares total_sharesalt\"><span class=\"swp_count\">11 <span class=\"swp_label\">Partages<\/span><\/span><\/div>\n<\/div>\n<p><strong>Que se passe-t-il en Tunisie?<\/strong><br \/>Nous expliquons sur notre <a href=\"https:\/\/www.youtube.com\/channel\/UCRzypVq0B_yBad5eGrwBx0Q?sub_confirmation=1\" target=\"_blank\" rel=\"noopener noreferrer\">cha\u00eene YouTube<\/a> . <a href=\"https:\/\/www.youtube.com\/channel\/UCRzypVq0B_yBad5eGrwBx0Q?sub_confirmation=1\" target=\"_blank\" rel=\"noopener noreferrer\">Abonnez-vous!<\/a><\/p>\n<div class=\"mvp-org-wrap mvp-org-logo\" itemprop=\"publisher\" itemscope=\"\" itemtype=\"https:\/\/schema.org\/Organization\"><img decoding=\"async\" src=\"https:\/\/www.tunisienumerique.com\/wp-content\/uploads\/2017\/02\/logo_tunisie_numerique.png\"\/><\/div>\n<div class=\"mvp-related-posts left relative\">\n<h4 class=\"post-header\"><span class=\"post-header\">Lire aussi<\/span><\/h4>\n<\/div>\n<div id=\"article-ad\"><ins class=\"adsbygoogle c6\" data-ad-client=\"ca-pub-2102118777505746\" data-ad-slot=\"6513972734\" data-ad-format=\"auto\" data-full-width-responsive=\"true\"\/> <\/div>\n<\/div>\n<div id=\"post-sidebar-wrap\"><ins class=\"adsbygoogle c6\" data-ad-client=\"ca-pub-2102118777505746\" data-ad-slot=\"6168283410\" data-ad-format=\"auto\" data-full-width-responsive=\"true\"\/> <\/div>\n<p>Auteur: LM<br \/>\n<a href=\"https:\/\/www.tunisienumerique.com\/tunisie-video-mehdi-ben-gharbia-je-prefere-demissionner-dune-assemblee-pareille\/\">Cliquez ici pour lire l&rsquo;article depuis sa source.<\/a><\/p>\n","protected":false},"excerpt":{"rendered":"<p>Par LM \u00a0| Il y a 1 heure \ud83d\udd0a \u00c9coutez l&rsquo;article Le d\u00e9put\u00e9 du bloc parlementaire de Tahya Tounes, \u00e0 l\u2019ARP, Mehdi Ben Gharbia, a annonc\u00e9, hier, dimanche, sur le plateau d\u2019une chaine de TV priv\u00e9e, que si le niveau que nous voyons maintenant au parlement persiste, je pr\u00e9f\u00e8re d\u00e9missionner. Il a ajout\u00e9 qu\u2019il pense [&hellip;]<\/p>\n","protected":false},"author":1789,"featured_media":0,"comment_status":"closed","ping_status":"closed","sticky":false,"template":"","format":"standard","meta":{"fifu_image_url":"","fifu_image_alt":"","footnotes":""},"categories":[73,55],"tags":[],"class_list":["post-104899","post","type-post","status-publish","format-standard","hentry","category-actualite","category-tunisie"],"_links":{"self":[{"href":"https:\/\/linitiative.ca\/International\/wp-json\/wp\/v2\/posts\/104899","targetHints":{"allow":["GET"]}}],"collection":[{"href":"https:\/\/linitiative.ca\/International\/wp-json\/wp\/v2\/posts"}],"about":[{"href":"https:\/\/linitiative.ca\/International\/wp-json\/wp\/v2\/types\/post"}],"author":[{"embeddable":true,"href":"https:\/\/linitiative.ca\/International\/wp-json\/wp\/v2\/users\/1789"}],"replies":[{"embeddable":true,"href":"https:\/\/linitiative.ca\/International\/wp-json\/wp\/v2\/comments?post=104899"}],"version-history":[{"count":0,"href":"https:\/\/linitiative.ca\/International\/wp-json\/wp\/v2\/posts\/104899\/revisions"}],"wp:attachment":[{"href":"https:\/\/linitiative.ca\/International\/wp-json\/wp\/v2\/media?parent=104899"}],"wp:term":[{"taxonomy":"category","embeddable":true,"href":"https:\/\/linitiative.ca\/International\/wp-json\/wp\/v2\/categories?post=104899"},{"taxonomy":"post_tag","embeddable":true,"href":"https:\/\/linitiative.ca\/International\/wp-json\/wp\/v2\/tags?post=104899"}],"curies":[{"name":"wp","href":"https:\/\/api.w.org\/{rel}","templated":true}]}}