{"id":104905,"date":"2020-11-16T15:58:44","date_gmt":"2020-11-16T20:58:44","guid":{"rendered":"https:\/\/linitiative.ca\/International\/universite-catholique-de-lafrique-de-louest-pour-une-meilleure-education-des-peuples\/"},"modified":"2020-11-16T15:58:44","modified_gmt":"2020-11-16T20:58:44","slug":"universite-catholique-de-lafrique-de-louest-pour-une-meilleure-education-des-peuples","status":"publish","type":"post","link":"https:\/\/linitiative.ca\/International\/universite-catholique-de-lafrique-de-louest-pour-une-meilleure-education-des-peuples\/","title":{"rendered":"Universit\u00e9 catholique de l\u2019Afrique de l\u2019Ouest : pour une meilleure \u00e9ducation des peuples"},"content":{"rendered":"<div class=\"td-post-featured-image\"><a href=\"https:\/\/www.sidwaya.info\/wp-content\/uploads\/2020\/11\/1-77.jpg\" data-caption=\"\"><img loading=\"lazy\" decoding=\"async\" width=\"595\" height=\"397\" class=\"entry-thumb td-modal-image\" src=\"https:\/\/www.sidwaya.info\/wp-content\/uploads\/2020\/11\/1-77.jpg\" srcset=\"https:\/\/www.sidwaya.info\/wp-content\/uploads\/2020\/11\/1-77.jpg 595w, https:\/\/www.sidwaya.info\/wp-content\/uploads\/2020\/11\/1-77-300x200.jpg 300w\" sizes=\"auto, (max-width: 595px) 100vw, 595px\" alt=\"\" title=\"1\"\/><\/a><\/div>\n<p><strong>Les travaux des quatri\u00e8mes \u00ab\u00a0assembl\u00e9es\u00a0\u00bb de l\u2019Universit\u00e9 catholique de l\u2019Afrique de l\u2019Ouest (UCAO) ont \u00e9t\u00e9 clos, le vendredi 13 novembre 2020, \u00e0 Ouagadougou, \u00e0 travers une c\u00e9r\u00e9monie pr\u00e9sid\u00e9e par le Cardinal Philippe Ou\u00e9draogo.<\/strong><\/p>\n<p>Durant une semaine et par visioconf\u00e9rence, les membres des instances dirigeantes de l\u2019Universit\u00e9 catholique d\u2019Afrique de l\u2019Ouest (UCAO) se sont donn\u00e9s \u00e0 une s\u00e9ance statutaire. Pr\u00e9sid\u00e9e par l\u2019archev\u00eaque de Ouagadougou, le Cardinal Philippe Ou\u00e9draogo, cette rencontre qui a connu respectivement les sessions des conseils sup\u00e9rieurs, d\u2019administration et celui \u00e9piscopal du directeur de l\u2019UCAO, a \u00e9t\u00e9 close, le vendredi 13 novembre 2020, \u00e0 Ouagadougou. Selon le chancelier de l\u2019UCAO, le Cardinal Philippe Ou\u00e9draogo, c\u2019est dans une volont\u00e9 d\u2019apporter une \u00e9ducation d\u2019excellence et conform\u00e9ment aux statuts, que se tiennent au terme de chaque ann\u00e9e, les \u00ab\u00a0assembl\u00e9es\u00a0\u00bb de l\u2019UCAO. Il a soulign\u00e9 que la tenue de fa\u00e7on regroup\u00e9e de ces conseils est due \u00e0 des probl\u00e8mes d\u2019ordre financier.\u00a0Il s\u2019est tout de m\u00eame r\u00e9joui de l\u2019avanc\u00e9e progressive que conna\u00eet l\u2019institution, malgr\u00e9 les difficult\u00e9s financi\u00e8res et celles li\u00e9es \u00e0 la comp\u00e9tence et \u00e0 l\u2019insuffisance du personnel. \u00ab Au cours de cette s\u00e9ance statutaire, il a d\u2019abord \u00e9t\u00e9 question d\u2019\u00e9couter le rectorat sur son rapport g\u00e9n\u00e9ral et ensuite les unit\u00e9s universitaires dans leurs diversit\u00e9s \u00bb, a expliqu\u00e9 le chancelier de l\u2019UCAO. Le premier responsable de l\u2019Eglise catholique burkinab\u00e8, a poursuivi que les derni\u00e8res rencontres ont \u00e9t\u00e9 le lieu de prendre d\u2019importantes d\u00e9cisions et recommandations notamment celle invitant \u00e0 vivre davantage la solidarit\u00e9.<\/p>\n<p>\u00ab\u00a0L\u2019Afrique est appel\u00e9e \u00e0 r\u00e9aliser une solidarit\u00e9 pastorale et nous voulons que cela soit une r\u00e9alit\u00e9 au niveau de nos unit\u00e9s universitaires, car il y a des unit\u00e9s qui se portent mieux que d\u2019autres et des pays o\u00f9 les conditions sont extr\u00eamement difficiles\u00a0\u00bb, a-t-il soutenu. Le Cardinal Ou\u00e9draogo, a laiss\u00e9 entendre l\u2019id\u00e9e de cr\u00e9ation d\u2019une fondation qui sera une caisse de solidarit\u00e9 dont l\u2019objectif serait de soutenir l\u2019ensemble des unit\u00e9s universitaires surtout celles en difficult\u00e9. \u00ab\u00a0Nous nous sommes efforc\u00e9s de voir ce que l\u2019on peut faire pour venir en aide aux enfants de familles pauvres qui ont eux aussi droit \u00e0 des \u00e9tudes universitaires\u00a0\u00bb, a-t-il ajout\u00e9. Le chancelier de l\u2019UCAO a donc exhort\u00e9 les membres des instances dirigeantes \u00e0 veiller avec soin sur l\u2019universit\u00e9 et sur sa vocation premi\u00e8re qui est celle d\u2019\u00e9vang\u00e9liser les cultures, les consciences et les c\u0153urs de tout homme et de tout l\u2019homme \u00e0 la lumi\u00e8re de la foi catholique.<\/p>\n<p><strong>Faire de l\u2019UCAO, un label<\/strong><\/p>\n<p>Selon le P\u00e8re Augustin Ndiaye, nouveau recteur de l\u2019UCAO officiellement install\u00e9 durant ces \u00ab\u00a0assembl\u00e9es\u00a0\u00bb pour un mandat de trois ans renouvelables, c\u2019est avec beaucoup de joie qu\u2019il a \u00e9t\u00e9 accompagn\u00e9 par le Cardinal Ou\u00e9draogo et l\u2019\u00e9quipe qu\u2019il a trouv\u00e9e en place depuis son arriv\u00e9 du S\u00e9n\u00e9gal o\u00f9 il \u00e9tait cur\u00e9 de paroisse. Fort d\u2019une vingtaine d\u2019ann\u00e9es d\u2019exp\u00e9riences dans l\u2019enseignement, le nouveau recteur de l\u2019UCAO, titulaire d\u2019un doctorat en droit canonique vient succ\u00e9der le P\u00e8re Joseph Tanden Diarra \u00e0 la t\u00eate du rectorat. \u00ab\u00a0Je ne pr\u00e9tends pas r\u00e9volutionner les choses. Il s\u2019agit de partir de ce qui est fait pour consolider les acquis. Je m\u2019inscris donc dans un processus de succession\u00a0\u00bb, a-t-il d\u00e9clar\u00e9. Pour lui, l\u2019UCAO doit se distinguer des autres universit\u00e9s tout en partageant leurs identit\u00e9s et ce, en \u00e9tant un label pour la soci\u00e9t\u00e9 et le monde. Le P\u00e8re Ndiaye a conclu que l\u2019ambition de l\u2019Eglise est d\u2019apporter sa modeste contribution pour l\u2019\u00e9ducation des jeunes et des peuples. L\u2019UCAO est un r\u00e9seau d\u2019universit\u00e9 pr\u00e9sent dans sept pays dont la C\u00f4te d\u2019Ivoire, le B\u00e9nin, le Mali, le S\u00e9n\u00e9gal, la Guin\u00e9e, le Togo et le Burkina Faso.<\/p>\n<p class=\"c1\"><strong>Adnan SIDIBE<\/strong><br \/><strong>(Stagiaire)<\/strong><\/p>\n<div class=\"td-a-rec td-a-rec-id-content_bottom tdi_30_cf9 td_block_template_1\"><img loading=\"lazy\" decoding=\"async\" class=\"aligncenter size-full wp-image-27454\" src=\"https:\/\/www.sidwaya.info\/wp-content\/uploads\/2020\/10\/PUB-Bandeau-paiement-mobile-siteweb.jpg\" alt=\"\" width=\"728\" height=\"90\"\/><\/div>\n<p>Auteur: BM. Sidwaya<br \/>\n<a href=\"https:\/\/www.sidwaya.info\/blog\/2020\/11\/16\/universite-catholique-de-lafrique-de-louest-pour-une-meilleure-education-des-peuples\/\">Cliquez ici pour lire l&rsquo;article depuis sa source.<\/a><\/p>\n","protected":false},"excerpt":{"rendered":"<p>Les travaux des quatri\u00e8mes \u00ab\u00a0assembl\u00e9es\u00a0\u00bb de l\u2019Universit\u00e9 catholique de l\u2019Afrique de l\u2019Ouest (UCAO) ont \u00e9t\u00e9 clos, le vendredi 13 novembre 2020, \u00e0 Ouagadougou, \u00e0 travers une c\u00e9r\u00e9monie pr\u00e9sid\u00e9e par le Cardinal Philippe Ou\u00e9draogo. Durant une semaine et par visioconf\u00e9rence, les membres des instances dirigeantes de l\u2019Universit\u00e9 catholique d\u2019Afrique de l\u2019Ouest (UCAO) se sont donn\u00e9s \u00e0 [&hellip;]<\/p>\n","protected":false},"author":1816,"featured_media":104906,"comment_status":"closed","ping_status":"closed","sticky":false,"template":"","format":"standard","meta":{"fifu_image_url":"","fifu_image_alt":"","footnotes":""},"categories":[73,81],"tags":[],"class_list":["post-104905","post","type-post","status-publish","format-standard","has-post-thumbnail","hentry","category-actualite","category-burkina-faso"],"_links":{"self":[{"href":"https:\/\/linitiative.ca\/International\/wp-json\/wp\/v2\/posts\/104905","targetHints":{"allow":["GET"]}}],"collection":[{"href":"https:\/\/linitiative.ca\/International\/wp-json\/wp\/v2\/posts"}],"about":[{"href":"https:\/\/linitiative.ca\/International\/wp-json\/wp\/v2\/types\/post"}],"author":[{"embeddable":true,"href":"https:\/\/linitiative.ca\/International\/wp-json\/wp\/v2\/users\/1816"}],"replies":[{"embeddable":true,"href":"https:\/\/linitiative.ca\/International\/wp-json\/wp\/v2\/comments?post=104905"}],"version-history":[{"count":0,"href":"https:\/\/linitiative.ca\/International\/wp-json\/wp\/v2\/posts\/104905\/revisions"}],"wp:featuredmedia":[{"embeddable":true,"href":"https:\/\/linitiative.ca\/International\/wp-json\/"}],"wp:attachment":[{"href":"https:\/\/linitiative.ca\/International\/wp-json\/wp\/v2\/media?parent=104905"}],"wp:term":[{"taxonomy":"category","embeddable":true,"href":"https:\/\/linitiative.ca\/International\/wp-json\/wp\/v2\/categories?post=104905"},{"taxonomy":"post_tag","embeddable":true,"href":"https:\/\/linitiative.ca\/International\/wp-json\/wp\/v2\/tags?post=104905"}],"curies":[{"name":"wp","href":"https:\/\/api.w.org\/{rel}","templated":true}]}}