{"id":104907,"date":"2020-11-16T16:03:29","date_gmt":"2020-11-16T21:03:29","guid":{"rendered":"https:\/\/linitiative.ca\/International\/segui-ambroise-farama-a-la-conquete-du-sourou\/"},"modified":"2020-11-16T16:03:29","modified_gmt":"2020-11-16T21:03:29","slug":"segui-ambroise-farama-a-la-conquete-du-sourou","status":"publish","type":"post","link":"https:\/\/linitiative.ca\/International\/segui-ambroise-farama-a-la-conquete-du-sourou\/","title":{"rendered":"S\u00e9gui Ambroise Farama \u00e0 la conqu\u00eate du Sourou"},"content":{"rendered":"<div class=\"td-post-featured-image\"><a href=\"https:\/\/www.sidwaya.info\/wp-content\/uploads\/2020\/11\/1-78.jpg\" data-caption=\"\"><img loading=\"lazy\" decoding=\"async\" width=\"595\" height=\"394\" class=\"entry-thumb td-modal-image\" src=\"https:\/\/www.sidwaya.info\/wp-content\/uploads\/2020\/11\/1-78.jpg\" srcset=\"https:\/\/www.sidwaya.info\/wp-content\/uploads\/2020\/11\/1-78.jpg 595w, https:\/\/www.sidwaya.info\/wp-content\/uploads\/2020\/11\/1-78-300x199.jpg 300w\" sizes=\"auto, (max-width: 595px) 100vw, 595px\" alt=\"\" title=\"1\"\/><\/a><\/div>\n<p>Le candidat de l\u2019Organisation des peuples africains-Burkina Faso (OPA-BF) Me S\u00e9gui Ambroise Farama est arriv\u00e9 \u00e0 Tougan, le jeudi 12 novembre 2020, pour solliciter les voix de \u00e9lectorat du Sourou au scrutin du 22 novembre. \u00c0 cet effet, il a expliqu\u00e9 son projet de soci\u00e9t\u00e9 une fois \u00e9lu.<\/p>\n<p>S\u00e9gui Ambroise Farama est en campagne pour la pr\u00e9sidentielle du 22 novembre prochain. Le jeudi 12 novembre 2020, il a \u00e9chang\u00e9 \u00e0 Tougan dans la province du Sourou avec la population. Il a indiqu\u00e9 que son parti est r\u00e9volutionnaire. Sur ses motivations \u00e0 briguer la magistrature supr\u00eame, il l\u2019a justifi\u00e9 par le fait que le pouvoir en place depuis d\u00e9j\u00e0 cinq ans n\u2019ait pas \u00e9t\u00e9 capable d\u2019assurer la s\u00e9curit\u00e9 des biens et des personnes, de respecter ses engagements, de bien g\u00e9rer le tr\u00e9sor et de pourvoir aux besoins de la population. Il a promis de juguler le probl\u00e8me de l\u2019ins\u00e9curit\u00e9, de mettre l\u2019accent sur le secteur minier et l\u2019agriculture pour booster l\u2019\u00e9conomie nationale. Il a \u00e9galement rassur\u00e9 le public que les questions d\u2019\u00e9panouissement de la jeunesse et de la femme sont au c\u0153ur de son programme s\u2019il est \u00e9lu pr\u00e9sident du Faso. Pour cela, il a fait un \u00e9talage de ses strat\u00e9gies pour asseoir la paix, l\u2019int\u00e9grit\u00e9, la solidarit\u00e9 et la justice dans le pays. Pour conclure, il a justifi\u00e9 le choix de ses candidats aux l\u00e9gislatives et a invit\u00e9 la population \u00e0 voter utile le 22 novembre prochain. Les militants du parti ont, \u00e0 travers le porte-parole des structures, d\u00e9clar\u00e9 leur adh\u00e9sion aux id\u00e9ologies de l\u2019OPA-BF et se sont engag\u00e9s \u00e0 lui assurer la victoire, le 22 novembre prochain. Dans la province du Sourou, l\u2019\u00e9tat-major provincial du parti a opt\u00e9 pour le porte-\u00e0-porte afin de faire passer le message du parti a indiqu\u00e9 le candidat titulaire, Paul Boro.<\/p>\n<p class=\"c1\"><strong>Paul DRABO<\/strong><\/p>\n<div class=\"td-a-rec td-a-rec-id-content_bottom tdi_30_f12 td_block_template_1\"><img loading=\"lazy\" decoding=\"async\" class=\"aligncenter size-full wp-image-27454\" src=\"https:\/\/www.sidwaya.info\/wp-content\/uploads\/2020\/10\/PUB-Bandeau-paiement-mobile-siteweb.jpg\" alt=\"\" width=\"728\" height=\"90\"\/><\/div>\n<p>Auteur: BM. Sidwaya<br \/>\n<a href=\"https:\/\/www.sidwaya.info\/blog\/2020\/11\/16\/segui-ambroise-farama-a-la-conquete-du-sourou\/\">Cliquez ici pour lire l&rsquo;article depuis sa source.<\/a><\/p>\n","protected":false},"excerpt":{"rendered":"<p>Le candidat de l\u2019Organisation des peuples africains-Burkina Faso (OPA-BF) Me S\u00e9gui Ambroise Farama est arriv\u00e9 \u00e0 Tougan, le jeudi 12 novembre 2020, pour solliciter les voix de \u00e9lectorat du Sourou au scrutin du 22 novembre. \u00c0 cet effet, il a expliqu\u00e9 son projet de soci\u00e9t\u00e9 une fois \u00e9lu. S\u00e9gui Ambroise Farama est en campagne pour [&hellip;]<\/p>\n","protected":false},"author":1816,"featured_media":104908,"comment_status":"closed","ping_status":"closed","sticky":false,"template":"","format":"standard","meta":{"fifu_image_url":"","fifu_image_alt":"","footnotes":""},"categories":[73,81],"tags":[],"class_list":["post-104907","post","type-post","status-publish","format-standard","has-post-thumbnail","hentry","category-actualite","category-burkina-faso"],"_links":{"self":[{"href":"https:\/\/linitiative.ca\/International\/wp-json\/wp\/v2\/posts\/104907","targetHints":{"allow":["GET"]}}],"collection":[{"href":"https:\/\/linitiative.ca\/International\/wp-json\/wp\/v2\/posts"}],"about":[{"href":"https:\/\/linitiative.ca\/International\/wp-json\/wp\/v2\/types\/post"}],"author":[{"embeddable":true,"href":"https:\/\/linitiative.ca\/International\/wp-json\/wp\/v2\/users\/1816"}],"replies":[{"embeddable":true,"href":"https:\/\/linitiative.ca\/International\/wp-json\/wp\/v2\/comments?post=104907"}],"version-history":[{"count":0,"href":"https:\/\/linitiative.ca\/International\/wp-json\/wp\/v2\/posts\/104907\/revisions"}],"wp:featuredmedia":[{"embeddable":true,"href":"https:\/\/linitiative.ca\/International\/wp-json\/"}],"wp:attachment":[{"href":"https:\/\/linitiative.ca\/International\/wp-json\/wp\/v2\/media?parent=104907"}],"wp:term":[{"taxonomy":"category","embeddable":true,"href":"https:\/\/linitiative.ca\/International\/wp-json\/wp\/v2\/categories?post=104907"},{"taxonomy":"post_tag","embeddable":true,"href":"https:\/\/linitiative.ca\/International\/wp-json\/wp\/v2\/tags?post=104907"}],"curies":[{"name":"wp","href":"https:\/\/api.w.org\/{rel}","templated":true}]}}