{"id":104914,"date":"2020-11-16T17:18:02","date_gmt":"2020-11-16T22:18:02","guid":{"rendered":"https:\/\/linitiative.ca\/International\/senegal-les-elus-locaux-pour-une-articulation-des-agropoles-aux-projets-de-developpement-locaux\/"},"modified":"2020-11-16T17:18:02","modified_gmt":"2020-11-16T22:18:02","slug":"senegal-les-elus-locaux-pour-une-articulation-des-agropoles-aux-projets-de-developpement-locaux","status":"publish","type":"post","link":"https:\/\/linitiative.ca\/International\/senegal-les-elus-locaux-pour-une-articulation-des-agropoles-aux-projets-de-developpement-locaux\/","title":{"rendered":"S\u00e9n\u00e9gal : les \u00e9lus locaux pour une articulation des agropoles aux projets de d\u00e9veloppement locaux"},"content":{"rendered":"<div readability=\"32\">\n<p>Publi\u00e9 le 16.11.2020 \u00e0 23h18 par APA News<\/p>\n<\/div>\n<div readability=\"123\">\n<p>Le pr\u00e9sident du Conseil d\u00e9partemental de Kaffrine (centre), Adama Diouf, a plaid\u00e9, ce lundi \u00e0 Dakar, en faveur de l\u2019int\u00e9gration des projets territoriaux locaux dans la mise en \u0153uvre des agropoles.Les \u00e9lus locaux souhaitent \u00eatre davantage impliqu\u00e9s dans la mise en place des projets de d\u00e9veloppement \u00a0destin\u00e9s \u00e0 leurs terroirs.\u00a0<\/p>\n<p>En effet, selon le pr\u00e9sident du Conseil d\u00e9partemental de Kaffrine, Adama Diouf, chaque d\u00e9partement ou commune a un projet territorial adoss\u00e9 aux ressources locales, \u00e0 la vocation de la localit\u00e9, aux r\u00e9alit\u00e9s locales. Et l\u2019agropole centre a l\u2019opportunit\u00e9, dans le cadre de sa formulation,\u00a0d\u2019int\u00e9grer ces questions-l\u00e0. Car,\u00a0c\u2019est seulement \u00e0 ce niveau qu\u2019il aura un sens \u00bb, a-t-il dit.<\/p>\n<p>M. Diouf s\u2019exprimait \u00e0 l\u2019occasion de l\u2019atelier de structuration de l\u2019agropole centre qui regroupe les r\u00e9gions de Kaffrine, Kaolack, Fatick et Diourbel \u00e0 l\u2019initiative du Bureau op\u00e9rationnel du suivi du Plan S\u00e9n\u00e9gal \u00e9mergent (BOS\/PSE).<\/p>\n<p>Abondant dans le m\u00eame sens que M. Diouf, le repr\u00e9sentant de l\u2019Organisation des Nations Unies pour le d\u00e9veloppement industriel (Onudi), Christophe Yvetot a soulign\u00e9 la n\u00e9cessit\u00e9 d\u2019aller vers des projets structurants sur lesquels peuvent se greffer toutes les autres interventions.\u00a0<\/p>\n<p>D\u00e9plorant la multiplicit\u00e9 des projets qui interviennent de fa\u00e7on disparate, le diplomate a plaid\u00e9 pour une synergie de toutes ces initiatives \u00a0afin d\u2019avoir un vrai impact sur les populations. \u00ab C\u2019est seulement en ayant ces projets structurants que l\u2019on pourra avoir un impact \u00bb, a-t-il martel\u00e9.\u00a0<\/p>\n<p>D\u2019un co\u00fbt global de 92 milliards de FCfa -les 50 ont \u00e9t\u00e9 d\u00e9j\u00e0 mobilis\u00e9s-, l\u2019agropole centre de m\u00eame que celui du sud et du nord constitue \u00ab une r\u00e9ponse urgente pour l\u2019acc\u00e9l\u00e9ration de la politique industrielle du S\u00e9n\u00e9gal \u00bb, a d\u00e9clar\u00e9 le ministre du D\u00e9veloppement industriel et des petites et moyennes industries, Moustapha Diop.\u00a0<\/p>\n<p>Ce dernier a par ailleurs indiqu\u00e9 que l\u2019agropole centre devrait \u00ab\u00a0augmenter les superficies cultivables ainsi que les rendements en cr\u00e9ant plus de contractualisation entre les petits producteurs locaux et les industriels qui viendront investir dans la zone\u00a0\u00bb.<\/p>\n<p>Selon Moustapha Diop, l\u2019installation des infrastructures sur les sites devant abriter les modules de l\u2019agropole centre est pr\u00e9vue au mois d\u2019avril 2021.<\/p>\n<p>Le ministre du D\u00e9veloppement industriel et des petites et moyennes industries a en outre annonc\u00e9 la mise en place prochaine d\u2019une agropole intercommunale d\u00e9di\u00e9e \u00e0 l\u2019horticulture, au lait et \u00e0 la viande. Ce complexe agro-industriel sera implant\u00e9 dans la zone de Sandiara-Ngu\u00e9ni\u00e8ne (ouest).<\/p>\n<p>A en croire le ministre en charge du suivi du Plan S\u00e9n\u00e9gal Emergent (Pse), Abdou Karim Fofana, \u00ab\u00a0au-del\u00e0 de la zone centre, il est pr\u00e9vu la mise en place d\u2019agropoles int\u00e9gr\u00e9es et comp\u00e9titives se concentrant sur les cha\u00eenes de valeur aux potentiels de d\u00e9veloppement \u00e9lev\u00e9s dans les diff\u00e9rentes zones du pays tels les c\u00e9r\u00e9ales, les ol\u00e9agineux, les produits horticoles, entre autres\u00a0\u00bb.<\/p>\n<p>M. Fofana a \u00e9galement rappel\u00e9 la n\u00e9cessit\u00e9 de faire de \u00ab\u00a0l\u2019agriculture un moteur de notre d\u00e9veloppement\u00a0\u00bb, en perspective \u00ab\u00a0d\u2019une mise en valeur des atouts agricoles insuffisamment exploit\u00e9s au S\u00e9n\u00e9gal\u00a0\u00bb.<\/p>\n<p>\u00ab C\u2019est un d\u00e9fi de produire. Il en est un autre de transformer afin d\u2019assurer notre ind\u00e9pendance alimentaire \u00bb, a-t-il soulign\u00e9, d\u00e9plorant que seuls \u00ab 13% des produits locaux sont transform\u00e9s au S\u00e9n\u00e9gal \u00bb.\u00a0<\/p>\n<p>Le projet d\u2019agropole du centre ambitionne de cr\u00e9er quelque 14500 emplois directs et permettra, selon M. Fofana, \u00ab d\u2019amorcer le cycle de la mutation d\u2019une \u00e9conomie principalement port\u00e9e par la production agricole primaire et les services vers une \u00e9conomie davantage ax\u00e9e sur la transformation industrielle des ressources de base au niveau local \u00bb.<\/p>\n<\/div>\n<p>Auteur: APA News<br \/>\n<a href=\"https:\/\/www.journalducameroun.com\/senegal-les-elus-locaux-pour-une-articulation-des-agropoles-aux-projets-de-developpement-locaux\/\">Cliquez ici pour lire l&rsquo;article depuis sa source.<\/a><\/p>\n","protected":false},"excerpt":{"rendered":"<p>Publi\u00e9 le 16.11.2020 \u00e0 23h18 par APA News Le pr\u00e9sident du Conseil d\u00e9partemental de Kaffrine (centre), Adama Diouf, a plaid\u00e9, ce lundi \u00e0 Dakar, en faveur de l\u2019int\u00e9gration des projets territoriaux locaux dans la mise en \u0153uvre des agropoles.Les \u00e9lus locaux souhaitent \u00eatre davantage impliqu\u00e9s dans la mise en place des projets de d\u00e9veloppement \u00a0destin\u00e9s [&hellip;]<\/p>\n","protected":false},"author":1965,"featured_media":0,"comment_status":"closed","ping_status":"closed","sticky":false,"template":"","format":"standard","meta":{"fifu_image_url":"","fifu_image_alt":"","footnotes":""},"categories":[73,82],"tags":[],"class_list":["post-104914","post","type-post","status-publish","format-standard","hentry","category-actualite","category-cameroun"],"_links":{"self":[{"href":"https:\/\/linitiative.ca\/International\/wp-json\/wp\/v2\/posts\/104914","targetHints":{"allow":["GET"]}}],"collection":[{"href":"https:\/\/linitiative.ca\/International\/wp-json\/wp\/v2\/posts"}],"about":[{"href":"https:\/\/linitiative.ca\/International\/wp-json\/wp\/v2\/types\/post"}],"author":[{"embeddable":true,"href":"https:\/\/linitiative.ca\/International\/wp-json\/wp\/v2\/users\/1965"}],"replies":[{"embeddable":true,"href":"https:\/\/linitiative.ca\/International\/wp-json\/wp\/v2\/comments?post=104914"}],"version-history":[{"count":0,"href":"https:\/\/linitiative.ca\/International\/wp-json\/wp\/v2\/posts\/104914\/revisions"}],"wp:attachment":[{"href":"https:\/\/linitiative.ca\/International\/wp-json\/wp\/v2\/media?parent=104914"}],"wp:term":[{"taxonomy":"category","embeddable":true,"href":"https:\/\/linitiative.ca\/International\/wp-json\/wp\/v2\/categories?post=104914"},{"taxonomy":"post_tag","embeddable":true,"href":"https:\/\/linitiative.ca\/International\/wp-json\/wp\/v2\/tags?post=104914"}],"curies":[{"name":"wp","href":"https:\/\/api.w.org\/{rel}","templated":true}]}}