{"id":104915,"date":"2020-11-16T18:04:03","date_gmt":"2020-11-16T23:04:03","guid":{"rendered":"https:\/\/linitiative.ca\/International\/amnesty-appelle-a-la-liberation-sans-condition-de-lopposant-ivoirien-affi-nguessan\/"},"modified":"2020-11-16T18:04:03","modified_gmt":"2020-11-16T23:04:03","slug":"amnesty-appelle-a-la-liberation-sans-condition-de-lopposant-ivoirien-affi-nguessan","status":"publish","type":"post","link":"https:\/\/linitiative.ca\/International\/amnesty-appelle-a-la-liberation-sans-condition-de-lopposant-ivoirien-affi-nguessan\/","title":{"rendered":"Amnesty appelle \u00e0 la lib\u00e9ration \u00ab\u00a0sans condition\u00a0\u00bb de l\u2019opposant ivoirien Affi Nguessan"},"content":{"rendered":"<p>L\u2019ONG Amnesty International appelle les autorit\u00e9s ivoiriennes \u00e0 lib\u00e9rer \u00ab\u00a0sans condition\u00a0\u00bb l\u2019opposant Affi Nguessan et des personnes d\u00e9tenues pour avoir exerc\u00e9 leurs droits fondamentaux dans le cadre du scrutin pr\u00e9sidentiel, dans un communiqu\u00e9.Les autorit\u00e9s ivoiriennes \u00a0\u00ab doivent lib\u00e9rer imm\u00e9diatement et sans condition Pascal Affi N\u2019Guessan et toutes les personnes d\u00e9tenues uniquement pour avoir exerc\u00e9 leurs droits fondamentaux\u00a0\u00bb, a indiqu\u00e9 l\u2019ONG Amnesty International dans un communiqu\u00e9 de presse. \u00a0<\/p>\n<p>Amnesty invit\u00e9 toutefois l\u2019Etat de C\u00f4te d\u2019Ivoire \u00e0 \u00ab\u00a0s\u2019engager \u00e0 cr\u00e9er un espace o\u00f9 les citoyen\u00b7ne\u00b7s peuvent exprimer librement leurs opinions et manifester pacifiquement, sans crainte d\u2019\u00eatre arr\u00eat\u00e9s, agress\u00e9s ou tu\u00e9s. \u00bb\u00a0<\/p>\n<p>Le leader de l\u2019opposition Pascal Affi N\u2019Guessan, pr\u00e9sident du Front populaire ivoirien (FPI), le parti fond\u00e9 par Laurent Gbagbo, a \u00e9t\u00e9 arr\u00eat\u00e9 dans la nuit du 6 novembre et \u00ab\u00a0d\u00e9tenu au secret jusqu\u2019au 9 novembre\u00a0\u00bb, rapporte le communiqu\u00e9. \u00a0<\/p>\n<p>\u00ab\u00a0Durant ces quelques jours, il n\u2019a pas pu communiquer avec sa famille ni son avocat\u00a0\u00bb. Et, Pascal Affi N\u2019Guessan, vis\u00e9 par 30 chefs d\u2019accusation, notamment \u00ab attaque et complot contre l\u2019autorit\u00e9 de l\u2019\u00c9tat, assassinat et actes de terrorisme \u00bb, a affirm\u00e9 qu&rsquo;\u00a0\u00bbil n\u2019avait pas vu la lumi\u00e8re du jour pendant 60 heures\u00a0\u00bb, souligne l\u2019ONG de d\u00e9fense des droits de l\u2019Homme.<\/p>\n<p>L\u2019ONG continue pour insinuer que son avocat n\u2019a r\u00e9ussi \u00e0 le voir que lors de sa comparution devant le juge le 9 novembre. Depuis, ni son avocat ni sa famille n\u2019ont pu entrer en contact avec lui. Les autorit\u00e9s doivent lui permettre de communiquer avec son avocat.<\/p>\n<p>Selon Amnesty International, il a \u00e9t\u00e9 fait \u00ab\u00a0usage de machettes et d\u2019armes \u00e0 feu\u00a0\u00bb lors des violences \u00e9lectorales en C\u00f4te d\u2019Ivoire, \u00a0ce qui \u00ab\u00a0t\u00e9moigne de l\u2019horreur des violences post-\u00e9lectorales\u00a0\u00bb.\u00a0<\/p>\n<p>L\u2019organisation note des dizaines de personnes tu\u00e9es depuis l\u2019\u00e9lection du 31 octobre, \u00a0des centaines de bless\u00e9s lors d\u2019affrontements et des dizaines de membres de l\u2019opposition arr\u00eat\u00e9s dont le leader de l\u2019opposition Pascal Affi N\u2019Guessan, d\u00e9tenu au secret.\u00a0<\/p>\n<p>\u00ab\u00a0Les autorit\u00e9s en C\u00f4te d\u2019Ivoire doivent enqu\u00eater sur l\u2019homicide de dizaines de personnes tu\u00e9es \u00e0 coups de fusils, de pistolets et de machettes depuis l\u2019\u00e9lection pr\u00e9sidentielle\u00a0\u00bb du 31 octobre 2020, a d\u00e9clar\u00e9 Amnesty International le 16 novembre 2020.<\/p>\n<p>Des t\u00e9moins, selon Amnesty, ont racont\u00e9 les sc\u00e8nes de violences post-\u00e9lectorales dans le cadre d\u2019affrontements croissants entre des sympathisants de l\u2019opposition et du parti au pouvoir depuis le 31 octobre.\u00a0<\/p>\n<p>\u00ab\u00a0Dans certains cas, les forces de s\u00e9curit\u00e9 ont \u00e9t\u00e9 submerg\u00e9es, incapables de faire barrage aux violences imputables aux deux camps\u00a0\u00bb, poursuit le communiqu\u00e9 de l\u2019organisation de d\u00e9fense des droits de l\u2019Homme.<\/p>\n<p>\u00ab Nous demandons aux autorit\u00e9s ivoiriennes d\u2019enqu\u00eater sur ces violences sanglantes et de traduire les responsables pr\u00e9sum\u00e9s de ces agissements en justice. L\u2019impunit\u00e9 qui r\u00e8gne de longue date en C\u00f4te d\u2019Ivoire offre un terreau fertile \u00e0 ceux qui se livrent \u00e0 des homicides et bafouent les droits humains sans craindre d\u2019\u00eatre amen\u00e9s \u00e0 rendre des comptes, a d\u00e9clar\u00e9 Samira Daoud, directrice pour l\u2019Afrique de l\u2019Ouest et l\u2019Afrique centrale \u00e0 Amnesty International.<\/p>\n<p>\u00ab C\u2019est la deuxi\u00e8me fois en 10 ans que des \u00e9lections en C\u00f4te d\u2019Ivoire sont \u00e9maill\u00e9es de violences. Il faut prendre sans d\u00e9lai des mesures afin de prot\u00e9ger la population et faire clairement savoir que ces meurtres ne resteront pas impunis \u00bb, a-t-elle fait observer.\u00a0<\/p>\n<p>Des violences ont \u00e9clat\u00e9 dans plusieurs villes du pays \u00e0 l\u2019approche de l\u2019\u00e9lection pr\u00e9sidentielle et se sont prolong\u00e9es apr\u00e8s le scrutin. Selon le Conseil national des droits de l\u2019homme, entre le 31 octobre et le 10 novembre, le bilan s\u2019\u00e9l\u00e8ve \u00e0 55 morts et 282 bless\u00e9s, mentionne le texte.\u00a0<\/p>\n<p>En outre, les violences se sont intensifi\u00e9es dans le centre de la C\u00f4te d\u2019Ivoire, notamment dans les villes de Mbatto, Elibou et Daoukro. \u00c0 Mbatto, entre le 9 et le 10 novembre, une manifestation de l\u2019opposition s\u2019est sold\u00e9e par au moins deux morts et des dizaines de bless\u00e9s, dont cinq se trouvent dans un \u00e9tat critique, d\u2019apr\u00e8s les informations re\u00e7ues par Amnesty International, poursuit le communiqu\u00e9.\u00a0<\/p>\n<p>Un t\u00e9moin a expliqu\u00e9 \u00e0 Amnesty International \u00a0que des personnes \u00ab ont commenc\u00e9 avec des pierres, puis des machettes et finalement on a entendu des coups de fusil\u00a0\u00bb, avant d\u2019ajouter \u00ab\u00a0nous avons \u00e9t\u00e9 violemment agress\u00e9s\u00a0\u00bb.<\/p>\n<p>\u00ab\u00a0Ils ont commenc\u00e9 \u00e0 mettre le feu, \u00e0 saccager et \u00e0 nous tirer dessus. Les gendarmes qui se trouvaient au milieu pour disperser la foule avec des gaz lacrymog\u00e8nes se sont d\u00e9courag\u00e9s. Nous nous sommes retrouv\u00e9s livr\u00e9s \u00e0 nous-m\u00eames \u00bb, a laiss\u00e9 entendre le t\u00e9moin.\u00a0<\/p>\n<p>Selon un autre t\u00e9moin, au moins 24 personnes ont \u00e9t\u00e9 bless\u00e9es par armes \u00e0 feu les 9 et 10 novembre. Cinq se trouvaient dans un \u00e9tat critique et n\u2019ont pas pu \u00eatre \u00e9vacu\u00e9es en raison des violences. \u00ab Nous n\u2019avons jamais vu \u00e7a, habituellement les gens prennent des machettes, mais cette fois-ci, ils avaient tous des armes \u00e0 feu \u00bb, a-t-il d\u00e9clar\u00e9.<\/p>\n<p>Par ailleurs, Amnesty International rel\u00e8ve avoir constat\u00e9 l\u2019arrestation de dizaines de membres de l\u2019opposition en marge de l\u2019\u00e9lection, apr\u00e8s que l\u2019opposition a appel\u00e9 \u00e0 la d\u00e9sob\u00e9issance civile, \u00e0 boycotter le scrutin, \u00e0 cr\u00e9er un Conseil national de transition et \u00e0 rejeter la r\u00e9\u00e9lection du pr\u00e9sident Alassane Ouattara.<\/p>\n<p>\u00ab\u00a0Le 3 novembre, 21 personnes ont \u00e9t\u00e9 arr\u00eat\u00e9es de mani\u00e8re arbitraire au domicile du leader de l\u2019opposition Henri Konan B\u00e9di\u00e9, et cinq se trouvent toujours en d\u00e9tention\u00a0\u00bb dont Maurice Guikahu\u00e9, num\u00e9ro deux du Parti d\u00e9mocratique de C\u00f4te d\u2019Ivoire (PDCI), affirme Amnesty.<\/p>\n<p>Cette vague d\u2019arrestations d\u2019opposants politiques fait suite \u00e0 une autre s\u00e9rie d\u2019arrestations un peu plus t\u00f4t cette ann\u00e9e. En ao\u00fbt, Amnesty International a signal\u00e9 une vague d\u2019arrestations visant des dissident\u00b7e\u00b7s politiques.\u00a0<\/p>\n<p>L\u2019ONG note en outre que entre le 13 ao\u00fbt et le 25 octobre, au moins 41 personnes ont \u00e9t\u00e9 interpell\u00e9es \u00e0 Abidjan, Korogho, Toumodi et Alep\u00e9 pendant qu\u2019elles manifestaient ou apr\u00e8s avoir appel\u00e9 \u00e0 manifester. Il s\u2019agit entre autres de cinq membres du parti d\u2019opposition GPS, arr\u00eat\u00e9s le 13 ao\u00fbt alors qu\u2019ils se rendaient \u00e0 une manifestation.<\/p>\n<p>Auteur: APA News<br \/>\n<a href=\"https:\/\/www.journalducameroun.com\/amnesty-appelle-a-la-liberation-sans-condition-de-lopposant-ivoirien-affi-nguessan\/\">Cliquez ici pour lire l&rsquo;article depuis sa source.<\/a><\/p>\n","protected":false},"excerpt":{"rendered":"<p>L\u2019ONG Amnesty International appelle les autorit\u00e9s ivoiriennes \u00e0 lib\u00e9rer \u00ab\u00a0sans condition\u00a0\u00bb l\u2019opposant Affi Nguessan et des personnes d\u00e9tenues pour avoir exerc\u00e9 leurs droits fondamentaux dans le cadre du scrutin pr\u00e9sidentiel, dans un communiqu\u00e9.Les autorit\u00e9s ivoiriennes \u00a0\u00ab doivent lib\u00e9rer imm\u00e9diatement et sans condition Pascal Affi N\u2019Guessan et toutes les personnes d\u00e9tenues uniquement pour avoir exerc\u00e9 leurs [&hellip;]<\/p>\n","protected":false},"author":1965,"featured_media":0,"comment_status":"closed","ping_status":"closed","sticky":false,"template":"","format":"standard","meta":{"fifu_image_url":"","fifu_image_alt":"","footnotes":""},"categories":[73,82],"tags":[],"class_list":["post-104915","post","type-post","status-publish","format-standard","hentry","category-actualite","category-cameroun"],"_links":{"self":[{"href":"https:\/\/linitiative.ca\/International\/wp-json\/wp\/v2\/posts\/104915","targetHints":{"allow":["GET"]}}],"collection":[{"href":"https:\/\/linitiative.ca\/International\/wp-json\/wp\/v2\/posts"}],"about":[{"href":"https:\/\/linitiative.ca\/International\/wp-json\/wp\/v2\/types\/post"}],"author":[{"embeddable":true,"href":"https:\/\/linitiative.ca\/International\/wp-json\/wp\/v2\/users\/1965"}],"replies":[{"embeddable":true,"href":"https:\/\/linitiative.ca\/International\/wp-json\/wp\/v2\/comments?post=104915"}],"version-history":[{"count":0,"href":"https:\/\/linitiative.ca\/International\/wp-json\/wp\/v2\/posts\/104915\/revisions"}],"wp:attachment":[{"href":"https:\/\/linitiative.ca\/International\/wp-json\/wp\/v2\/media?parent=104915"}],"wp:term":[{"taxonomy":"category","embeddable":true,"href":"https:\/\/linitiative.ca\/International\/wp-json\/wp\/v2\/categories?post=104915"},{"taxonomy":"post_tag","embeddable":true,"href":"https:\/\/linitiative.ca\/International\/wp-json\/wp\/v2\/tags?post=104915"}],"curies":[{"name":"wp","href":"https:\/\/api.w.org\/{rel}","templated":true}]}}