{"id":104916,"date":"2020-11-16T18:04:08","date_gmt":"2020-11-16T23:04:08","guid":{"rendered":"https:\/\/linitiative.ca\/International\/le-forum-des-houphouetistes-salue-la-reprise-du-dialogue-entre-ouattara-et-bedie\/"},"modified":"2020-11-16T18:04:08","modified_gmt":"2020-11-16T23:04:08","slug":"le-forum-des-houphouetistes-salue-la-reprise-du-dialogue-entre-ouattara-et-bedie","status":"publish","type":"post","link":"https:\/\/linitiative.ca\/International\/le-forum-des-houphouetistes-salue-la-reprise-du-dialogue-entre-ouattara-et-bedie\/","title":{"rendered":"Le Forum des Houphou\u00ebtistes salue la reprise du dialogue entre Ouattara et B\u00e9di\u00e9"},"content":{"rendered":"<div readability=\"32\">\n<p>Publi\u00e9 le 17.11.2020 \u00e0 00h18 par APA News<\/p>\n<\/div>\n<div readability=\"78\">\n<p>Le Forum des Houphou\u00ebtistes, une organisation de la soci\u00e9t\u00e9 civile ivoirienne engag\u00e9e pour la paix, a salu\u00e9 dans une d\u00e9claration transmise lundi \u00e0 APA, la reprise du dialogue politique entre le pr\u00e9sident ivoirien Alassane Ouattara et Henri Konan B\u00e9di\u00e9, le pr\u00e9sident du Parti d\u00e9mocratique de C\u00f4te d\u2019Ivoire ( PDCI) et doyen d\u2019\u00e2ge de l\u2019opposition ivoirienne.Cette d\u00e9claration du Forum des Houphou\u00ebtistes s\u2019inscrit dans le cadre de la 24\u00e8 \u00e9dition de la Journ\u00e9e nationale de la paix qui a \u00e9t\u00e9 c\u00e9l\u00e9br\u00e9e dimanche dernier en C\u00f4te d\u2019Ivoire.\u00a0<\/p>\n<p>\u00abLe Forum des Houphou\u00ebtistes les ( Ouattara et B\u00e9di\u00e9) encourage, ainsi que l\u2019ensemble des forces vives de la nation, \u00e0 recourir et \u00e0 privil\u00e9gier le dialogue, la discussion fraternelle et sinc\u00e8re pour r\u00e9gler tous les d\u00e9saccords afin de \u00a0parvenir \u00e0 une paix juste, durable et d\u00e9finitive en C\u00f4te d\u2019ivoire\u00bb, a souhait\u00e9 dans cette d\u00e9claration, F\u00e9lix Mi\u00e9zan Anobl\u00e9, le pr\u00e9sident de cette organisation.\u00a0<\/p>\n<p>Poursuivant, le forum des Houphou\u00ebtistes, a appel\u00e9 les ivoiriens \u00e0 s\u2019inspirer des \u00ab pr\u00e9cieux enseignements et du riche testament politique\u00bb de F\u00e9lix Houphou\u00ebt-Boigny, le premier pr\u00e9sident ivoirien. L\u2019opposition ivoirienne \u00a0qui a appel\u00e9 au boycott de la pr\u00e9sidentielle ivoirienne du 31 octobre, a lanc\u00e9 depuis septembre dernier, un mot d\u2019ordre de d\u00e9sob\u00e9issance civile.\u00a0<\/p>\n<p>Cette \u00e9lection pr\u00e9sidentielle qui a \u00e9t\u00e9 \u00e9maill\u00e9 de violences dans plusieurs localit\u00e9s du pays, a \u00e9t\u00e9 remport\u00e9e, au premier tour, par le pr\u00e9sident sortant Alassane Ouattara avec 94,27% des suffrages contre 1,99% pour son adversaire, le candidat ind\u00e9pendant Kouadio Konan Bertin (KKB).\u00a0<\/p>\n<p>Le 11 novembre dernier, le pr\u00e9sident ivoirien Alassane Ouattara et le pr\u00e9sident du PDCI Henri Konan B\u00e9di\u00e9 se sont rencontr\u00e9s apr\u00e8s pr\u00e8s de deux ans de rupture du dialogue. Cette rencontre entre ces deux personnalit\u00e9s qui est intervenue dans un contexte politique tendu dans le pays, a \u00e9t\u00e9 salu\u00e9e par l\u2019opinion publique nationale et internationale estimant que c\u2019est un acte de d\u00e9crispation.<\/p>\n<\/div>\n<p>Auteur: APA News<br \/>\n<a href=\"https:\/\/www.journalducameroun.com\/le-forum-des-houphouetistes-salue-la-reprise-du-dialogue-entre-ouattara-et-bedie\/\">Cliquez ici pour lire l&rsquo;article depuis sa source.<\/a><\/p>\n","protected":false},"excerpt":{"rendered":"<p>Publi\u00e9 le 17.11.2020 \u00e0 00h18 par APA News Le Forum des Houphou\u00ebtistes, une organisation de la soci\u00e9t\u00e9 civile ivoirienne engag\u00e9e pour la paix, a salu\u00e9 dans une d\u00e9claration transmise lundi \u00e0 APA, la reprise du dialogue politique entre le pr\u00e9sident ivoirien Alassane Ouattara et Henri Konan B\u00e9di\u00e9, le pr\u00e9sident du Parti d\u00e9mocratique de C\u00f4te d\u2019Ivoire [&hellip;]<\/p>\n","protected":false},"author":1965,"featured_media":0,"comment_status":"closed","ping_status":"closed","sticky":false,"template":"","format":"standard","meta":{"fifu_image_url":"","fifu_image_alt":"","footnotes":""},"categories":[73,82],"tags":[],"class_list":["post-104916","post","type-post","status-publish","format-standard","hentry","category-actualite","category-cameroun"],"_links":{"self":[{"href":"https:\/\/linitiative.ca\/International\/wp-json\/wp\/v2\/posts\/104916","targetHints":{"allow":["GET"]}}],"collection":[{"href":"https:\/\/linitiative.ca\/International\/wp-json\/wp\/v2\/posts"}],"about":[{"href":"https:\/\/linitiative.ca\/International\/wp-json\/wp\/v2\/types\/post"}],"author":[{"embeddable":true,"href":"https:\/\/linitiative.ca\/International\/wp-json\/wp\/v2\/users\/1965"}],"replies":[{"embeddable":true,"href":"https:\/\/linitiative.ca\/International\/wp-json\/wp\/v2\/comments?post=104916"}],"version-history":[{"count":0,"href":"https:\/\/linitiative.ca\/International\/wp-json\/wp\/v2\/posts\/104916\/revisions"}],"wp:attachment":[{"href":"https:\/\/linitiative.ca\/International\/wp-json\/wp\/v2\/media?parent=104916"}],"wp:term":[{"taxonomy":"category","embeddable":true,"href":"https:\/\/linitiative.ca\/International\/wp-json\/wp\/v2\/categories?post=104916"},{"taxonomy":"post_tag","embeddable":true,"href":"https:\/\/linitiative.ca\/International\/wp-json\/wp\/v2\/tags?post=104916"}],"curies":[{"name":"wp","href":"https:\/\/api.w.org\/{rel}","templated":true}]}}