{"id":104917,"date":"2020-11-16T12:02:23","date_gmt":"2020-11-16T17:02:23","guid":{"rendered":"https:\/\/linitiative.ca\/International\/la-cemac-cherche-2-820-milliards-de-fcfa-a-paris\/"},"modified":"2020-11-16T12:02:23","modified_gmt":"2020-11-16T17:02:23","slug":"la-cemac-cherche-2-820-milliards-de-fcfa-a-paris","status":"publish","type":"post","link":"https:\/\/linitiative.ca\/International\/la-cemac-cherche-2-820-milliards-de-fcfa-a-paris\/","title":{"rendered":"La Cemac cherche 2 820 milliards de FCFA \u00e0 Paris"},"content":{"rendered":"<p>Du 16 au 17 novembre 2020, se tient \u00e0 Paris la table ronde pour le financement des 11 projets int\u00e9grateurs de la Communaut\u00e9 \u00e9conomique et mon\u00e9taire de l\u2019Afrique centrale (Cemac). Plac\u00e9e sous le haut patronage de Denis Sassou Nguesso, pr\u00e9sident de la R\u00e9publique du Congo, cette table ronde se tient sous format hybride, c\u2019est-\u00e0-dire en visioconf\u00e9rence et en pr\u00e9sentiel \u00e0 cause la pand\u00e9mie de Covid-19.<\/p>\n<p>Durant les deux jours, les mandataires de la Cemac devront tout mettre en \u0153uvre pour collecter 2\u00a0820 milliards de FCFA, en vue de la r\u00e9alisation ou la finalisation d\u2019infrastructures de connexion entre les pays de la sous-r\u00e9gion. Ceci dans les domaines tels que\u00a0: la facilitation du transport et des \u00e9changes, la production et l\u2019interconnexion des r\u00e9seaux \u00e9lectriques et de communications, la construction du march\u00e9 commun et la diversification \u00e9conomique et enfin le capital humain. Pour m\u00e9moire ces projets ont \u00e9t\u00e9 arr\u00eat\u00e9s par les six chefs d\u2019Etats de la Cemac lors du sommet extraordinaire du 22 novembre 2019 qui s\u2019est tenu \u00e0 Yaound\u00e9. Ils ont pour objectif d\u2019acc\u00e9l\u00e9rer le renforcement de l\u2019int\u00e9gration \u00e9conomique et du d\u00e9veloppement de la sous-r\u00e9gion.\u00a0Sur les 2 820 milliards recherch\u00e9s 255,8 milliards sont d\u00e9j\u00e0 mobilis\u00e9s par les Etats membres et certaines partenaires techniques et financiers.<\/p>\n<p><strong>Lire aussi<\/strong> : C<a href=\"https:\/\/ecomatin.net\/cemac-la-part-du-cameroun-dans-les-projets-integrateurs\/\">emac\u00a0: la part du Cameroun dans les projets int\u00e9grateurs<\/a><\/p>\n<p>Notons que depuis le d\u00e9but de l\u2019ann\u00e9e, les pays de la Cemac sont engag\u00e9s \u00e0 mobiliser les financements dont ils ont besoin. A cet effet, une mission de la Cemac conduite par Gilbert Ondongo, ministre d\u2019Etat, ministre de l\u2019Economie, de l\u2019Industrie et du Portefeuille public de la R\u00e9publique du Congo et pr\u00e9sident du comit\u00e9 de pilotage du Programme de r\u00e9formes \u00e9conomiques et financi\u00e8res (Pref-Cemac), s\u2019\u00e9tait rendu aupr\u00e8s de partenaires au d\u00e9veloppement tels que la Banque islamique de d\u00e9veloppement, Duba\u00ef Port Authority, Millenium Finance corporation, l\u2019Agence fran\u00e7aise de d\u00e9veloppement en d\u00e9but d\u2019ann\u00e9e. Sur cette m\u00eame lanc\u00e9e, elle s\u2019est aussi rendue \u00e0 la 4<sup>e<\/sup>\u00a0\u00e9dition du Paris Infraweek qui se tenait dans la capitale fran\u00e7aise du 5 au 9 octobre 2020.<\/p>\n<p>Rappelons que les projets int\u00e9grateurs dont il est question font partie d\u2019un ensemble de\u00a084 projets du Programme \u00e9conomique et r\u00e9gional (PER) 2017-2020. Selon la Commission de la Cemac\u00a0:\u00a0<em>\u00ab\u00a0Les 11 projets int\u00e9grateurs prioritaires qui ont \u00e9t\u00e9 choisis pour cette table ronde ont \u00e9t\u00e9 choisis pour leur haut degr\u00e9 de maturit\u00e9 et de pr\u00e9paration\u00a0\u00bb.<\/em><\/p>\n<p><strong>Lire aussi<\/strong> : <a href=\"https:\/\/ecomatin.net\/zone-cemac-les-6-etats-continuent-la-quete-pour-le-financement-des-projets-integrateurs\/\">Zone Cemac\u00a0: les 6 \u00e9tats continuent la qu\u00eate pour le financement des projets int\u00e9grateurs<\/a><\/p>\n<p>Les projets en question portent sur l\u2019am\u00e9nagement hydro\u00e9lectrique de Chollet et des lignes \u00e9lectriques associ\u00e9es (Cameroun, Centrafrique, Congo, Gabon)\u00a0;la construction de la route Mbairoko\u2013Bendja-Bekoninga fronti\u00e8re de la R\u00e9publique Centrafricaine (RCA)\u00a0; la construction de la route Ndende-Doussala\u00a0; la construction de la voie expresse Lolabe-Campo\u00a0; le port sec de Dolisie\u00a0; le port sec de Beloko en RCA\u00a0; le corridor Brazzaville-Ouesso-Bangui-Ndjamena\u00a0; l\u2019interconnexion Cameroun-Cemac par fibre optique\u00a0; l\u2019interconnexion \u00e9lectrique Tchad-Cameroun\u00a0; la transnationale Cameroun-Guin\u00e9e \u00c9quatoriale par Kribi-Campo et la cr\u00e9ation de l\u2019universit\u00e9 inter-\u00e9tats Cameroun-Congo. Parmi ces projets, certains ont d\u00e9j\u00e0 \u00e9t\u00e9s r\u00e9alis\u00e9s \u00e0 l\u2019instar de l\u2019universit\u00e9 inter-\u00e9tats qui a accueilli ses premiers pensionnaires pour l\u2019ann\u00e9e acad\u00e9mique 2019-2020.<\/p>\n<p><strong>Lire aussi<\/strong> : <a href=\"https:\/\/ecomatin.net\/la-cemac-explique-la-reduction-du-portefeuille-des-projets-communautaires\/\">La Cemac explique la r\u00e9duction du portefeuille des projets communautaires<\/a><\/p>\n<div class=\"awac-wrapper awac widget posts-list-widget-11\">\n<h4 class=\"widget-title\">Le plus r\u00e9cent<\/h4>\n<\/div>\n<p>Auteur: Eco Matin<br \/>\n<a href=\"https:\/\/ecomatin.net\/la-cemac-cherche-2-820-milliards-de-fcfa-a-paris\/\">Cliquez ici pour lire l&rsquo;article depuis sa source.<\/a><\/p>\n","protected":false},"excerpt":{"rendered":"<p>Du 16 au 17 novembre 2020, se tient \u00e0 Paris la table ronde pour le financement des 11 projets int\u00e9grateurs de la Communaut\u00e9 \u00e9conomique et mon\u00e9taire de l\u2019Afrique centrale (Cemac). Plac\u00e9e sous le haut patronage de Denis Sassou Nguesso, pr\u00e9sident de la R\u00e9publique du Congo, cette table ronde se tient sous format hybride, c\u2019est-\u00e0-dire en [&hellip;]<\/p>\n","protected":false},"author":1969,"featured_media":0,"comment_status":"closed","ping_status":"closed","sticky":false,"template":"","format":"standard","meta":{"fifu_image_url":"","fifu_image_alt":"","footnotes":""},"categories":[82,78],"tags":[],"class_list":["post-104917","post","type-post","status-publish","format-standard","hentry","category-cameroun","category-economie"],"_links":{"self":[{"href":"https:\/\/linitiative.ca\/International\/wp-json\/wp\/v2\/posts\/104917","targetHints":{"allow":["GET"]}}],"collection":[{"href":"https:\/\/linitiative.ca\/International\/wp-json\/wp\/v2\/posts"}],"about":[{"href":"https:\/\/linitiative.ca\/International\/wp-json\/wp\/v2\/types\/post"}],"author":[{"embeddable":true,"href":"https:\/\/linitiative.ca\/International\/wp-json\/wp\/v2\/users\/1969"}],"replies":[{"embeddable":true,"href":"https:\/\/linitiative.ca\/International\/wp-json\/wp\/v2\/comments?post=104917"}],"version-history":[{"count":0,"href":"https:\/\/linitiative.ca\/International\/wp-json\/wp\/v2\/posts\/104917\/revisions"}],"wp:attachment":[{"href":"https:\/\/linitiative.ca\/International\/wp-json\/wp\/v2\/media?parent=104917"}],"wp:term":[{"taxonomy":"category","embeddable":true,"href":"https:\/\/linitiative.ca\/International\/wp-json\/wp\/v2\/categories?post=104917"},{"taxonomy":"post_tag","embeddable":true,"href":"https:\/\/linitiative.ca\/International\/wp-json\/wp\/v2\/tags?post=104917"}],"curies":[{"name":"wp","href":"https:\/\/api.w.org\/{rel}","templated":true}]}}