{"id":104941,"date":"2020-11-17T02:59:57","date_gmt":"2020-11-17T07:59:57","guid":{"rendered":"https:\/\/linitiative.ca\/International\/deux-formations-sur-lapproche-genre-en-milieu-scolaire\/"},"modified":"2020-11-17T02:59:57","modified_gmt":"2020-11-17T07:59:57","slug":"deux-formations-sur-lapproche-genre-en-milieu-scolaire","status":"publish","type":"post","link":"https:\/\/linitiative.ca\/International\/deux-formations-sur-lapproche-genre-en-milieu-scolaire\/","title":{"rendered":"Deux formations sur l\u2019approche genre en milieu scolaire"},"content":{"rendered":"<div class=\"single-featured\"><img alt=\"\" data-src=\"http:\/\/www.mapmarrakech.ma\/map\/uploads\/2020\/11\/formation-genre.jpg\"\/><\/div>\n<div class=\"single-post-excerpt post-excerpt-bc\" readability=\"38\">\n<p>Marrakech- Deux formations sur l\u2019approche genre au sein de six \u00e9tablissements d\u2019enseignement \u00e0 Marrakech, partenaires du projet \u00ab\u00a0Combattre la violence bas\u00e9e sur le genre dans les \u00e9coles \u00e0 travers la promotion de la masculinit\u00e9 positive dans la r\u00e9gion Marrakech- Safi\u00a0\u00bb, ont \u00e9t\u00e9 organis\u00e9es r\u00e9cemment et ce, \u00e0 l\u2019initiative de l\u2019Association Ennakhil.<\/p>\n<\/div>\n<div class=\"entry-content clearfix single-post-content\" readability=\"69\">\n<p>Ces deux sessions ont \u00e9t\u00e9 organis\u00e9es en partenariat avec le Fonds d\u2019affectation sp\u00e9ciale des Nations Unies pour l\u2019\u00e9limination de la violence \u00e0 l\u2019\u00e9gard des femmes, l\u2019Acad\u00e9mie R\u00e9gionale de l\u2019Education et la Formation (AREF), la F\u00e9d\u00e9ration des associations des parents d\u2019\u00e9l\u00e8ves, la commission r\u00e9gionale pour la prise en charge des femmes victimes de violence et l\u2019Amicale Hassania des magistrats.<\/p>\n<p>Ainsi, la premi\u00e8re session de formation interactive a regroup\u00e9 20 membres des conseils p\u00e9dagogiques repr\u00e9sentant les coll\u00e8ges Yacoub Al Mansour, Al Mansour Dahbi, Al Atlas et Wahat al Zaytoune (Marrakech), ainsi que le coll\u00e8ge Abid Al Jabiri (El Kel\u00e2a des Sraghna) et le coll\u00e8ge de Sidi EL Moukhtar (Chichaoua).<\/p>\n<p>Cette formation s\u2019est fix\u00e9 pour objectif l\u2019accompagnement des conseils p\u00e9dagogiques dans la r\u00e9vision des projets de ces \u00e9tablissements pour l\u2019insertion de l\u2019approche genre, l\u2019adoption des mesures et l\u2019organisation d\u2019activit\u00e9s de lutte contre les violences bas\u00e9es sur le genre, outre la promotion de la masculinit\u00e9 positive.<\/p>\n<p>La deuxi\u00e8me session de formation interactive, qui a \u00e9t\u00e9 organis\u00e9e au profit des \u00e9l\u00e8ves leaders (filles et gar\u00e7ons) repr\u00e9sentant les six \u00e9tablissements scolaires, a vis\u00e9 le renforcement de leurs capacit\u00e9s en mati\u00e8re d\u2019identification de la violence bas\u00e9e sur le genre dans le milieu scolaire, et l\u2019acquisition des attitudes et des comportements li\u00e9s \u00e0 la masculinit\u00e9 positive.<\/p>\n<p>Cette formation constitue une \u00e9tape cruciale chez tous les partenaires, puisqu\u2019elle permet aux \u00e9l\u00e8ves d\u2019innover et d\u2019organiser des activit\u00e9s au sein de leurs \u00e9tablissements scolaires pour informer et sensibiliser leurs coll\u00e8gues sur l\u2019importance de mieux lutter contre la violence bas\u00e9e sur le genre dans le milieu scolaire, rappelle-t-on.<\/p>\n<\/div>\n<p>Auteur: Mohammed KOURSI<br \/>\n<a href=\"http:\/\/www.mapmarrakech.ma\/fr\/deux-formations-sur-lapproche-genre-en-milieu-scolaire\/\">Cliquez ici pour lire l&rsquo;article depuis sa source.<\/a><\/p>\n","protected":false},"excerpt":{"rendered":"<p>Marrakech- Deux formations sur l\u2019approche genre au sein de six \u00e9tablissements d\u2019enseignement \u00e0 Marrakech, partenaires du projet \u00ab\u00a0Combattre la violence bas\u00e9e sur le genre dans les \u00e9coles \u00e0 travers la promotion de la masculinit\u00e9 positive dans la r\u00e9gion Marrakech- Safi\u00a0\u00bb, ont \u00e9t\u00e9 organis\u00e9es r\u00e9cemment et ce, \u00e0 l\u2019initiative de l\u2019Association Ennakhil. Ces deux sessions ont [&hellip;]<\/p>\n","protected":false},"author":1788,"featured_media":104942,"comment_status":"closed","ping_status":"closed","sticky":false,"template":"","format":"standard","meta":{"fifu_image_url":"","fifu_image_alt":"","footnotes":""},"categories":[54,76],"tags":[],"class_list":["post-104941","post","type-post","status-publish","format-standard","has-post-thumbnail","hentry","category-maroc","category-regions"],"_links":{"self":[{"href":"https:\/\/linitiative.ca\/International\/wp-json\/wp\/v2\/posts\/104941","targetHints":{"allow":["GET"]}}],"collection":[{"href":"https:\/\/linitiative.ca\/International\/wp-json\/wp\/v2\/posts"}],"about":[{"href":"https:\/\/linitiative.ca\/International\/wp-json\/wp\/v2\/types\/post"}],"author":[{"embeddable":true,"href":"https:\/\/linitiative.ca\/International\/wp-json\/wp\/v2\/users\/1788"}],"replies":[{"embeddable":true,"href":"https:\/\/linitiative.ca\/International\/wp-json\/wp\/v2\/comments?post=104941"}],"version-history":[{"count":0,"href":"https:\/\/linitiative.ca\/International\/wp-json\/wp\/v2\/posts\/104941\/revisions"}],"wp:featuredmedia":[{"embeddable":true,"href":"https:\/\/linitiative.ca\/International\/wp-json\/"}],"wp:attachment":[{"href":"https:\/\/linitiative.ca\/International\/wp-json\/wp\/v2\/media?parent=104941"}],"wp:term":[{"taxonomy":"category","embeddable":true,"href":"https:\/\/linitiative.ca\/International\/wp-json\/wp\/v2\/categories?post=104941"},{"taxonomy":"post_tag","embeddable":true,"href":"https:\/\/linitiative.ca\/International\/wp-json\/wp\/v2\/tags?post=104941"}],"curies":[{"name":"wp","href":"https:\/\/api.w.org\/{rel}","templated":true}]}}