{"id":104943,"date":"2020-11-17T03:00:42","date_gmt":"2020-11-17T08:00:42","guid":{"rendered":"https:\/\/linitiative.ca\/International\/don-de-deux-chefs-doeuvre-a-bayt-dakira\/"},"modified":"2020-11-17T03:00:42","modified_gmt":"2020-11-17T08:00:42","slug":"don-de-deux-chefs-doeuvre-a-bayt-dakira","status":"publish","type":"post","link":"https:\/\/linitiative.ca\/International\/don-de-deux-chefs-doeuvre-a-bayt-dakira\/","title":{"rendered":"Don de deux chefs d\u2019\u0153uvre \u00e0 Bayt Dakira"},"content":{"rendered":"<div readability=\"38\">\n<p>Essaouira- Le c\u00e9l\u00e8bre artiste-peintre Mohamed Tabal et l\u2019artiste-calligraphe Mohamed Mountassir ont fait don, chacun, d\u2019un de leurs chefs d\u2019\u0153uvre, lundi, \u00e0 l\u2019Espace \u00ab\u00a0Bayt Dakira\u00a0\u00bb \u00e0 Essaouira.<\/p>\n<\/div>\n<div readability=\"167\">\n<p>La remise de ces deux tableaux, qui refl\u00e8tent l\u2019esprit cr\u00e9atif, le talent insoup\u00e7onn\u00e9, l\u2019originalit\u00e9 de l\u2019inspiration et l\u2019expression artistique de ces deux artistes souiris, a eu lieu dans ce haut lieu de m\u00e9moire et d\u2019histoire, lors d\u2019une c\u00e9r\u00e9monie rehauss\u00e9e par la pr\u00e9sence notamment, de M. Andr\u00e9 Azoulay, Conseiller de SM le Roi et Pr\u00e9sident-Fondateur de l\u2019Association\u00a0Essaouira-Mogador.<\/p>\n<p>Cette c\u00e9r\u00e9monie, \u00e0 laquelle ont assist\u00e9 \u00e9galement la directrice provinciale de la Culture, Mme Zhor Amhaouch, la directrice de \u00ab\u00a0Bayt Dakira\u00a0\u00bb, Mme Ghita Rabouli, le pr\u00e9sident du bureau ex\u00e9cutif de l\u2019Association\u00a0Essaouira-Mogador, M. Tarik Ottmani, le pr\u00e9sident-fondateur du Centre d\u2019Etudes et de Recherches sur le Droit H\u00e9bra\u00efque au Maroc, M. Abdellah Ouzitane, le directeur du conservatoire de musique d\u2019Essaouira, M. Abdessamad Amara, ainsi que d\u2019autres personnalit\u00e9s, a permis \u00e0 l\u2019assistance d\u2019appr\u00e9cier, \u00e0 sa juste valeur, la sensibilit\u00e9 cr\u00e9ative aig\u00fce et la subtilit\u00e9 expressive de ces deux grands artistes, imbus de l\u2019esprit de Mogador et dot\u00e9s de deux styles personnalis\u00e9s bien diff\u00e9renci\u00e9s, mais convergeant vers les nobles valeurs humaines et universelles port\u00e9es par les habitants d\u2019Essaouira\u00a0en particulier et les Marocains en g\u00e9n\u00e9ral.<\/p>\n<p>Dans une d\u00e9claration \u00e0 la MAP \u00e0 cette occasion, Mme Rabouli a salu\u00e9 cet acte de donation de MM. Tabal et Mountassir, qui ont offert, chacun, l\u2019une de leurs cr\u00e9ations artistiques \u00e0 l\u2019Espace \u00ab\u00a0Bayt Dakira\u00a0\u00bb, qui ne cesse de conforter et de confirmer son ouverture sur son environnement ext\u00e9rieur dans tous les domaines.<\/p>\n<p>Rappelant que cette c\u00e9r\u00e9monie co\u00efncide avec la c\u00e9l\u00e9bration, le 16 novembre de chaque ann\u00e9e, de la Journ\u00e9e Internationale de la Tol\u00e9rance, Mme Rabouli a soulign\u00e9 que cet acte, qui repr\u00e9sente un symbole \u00e0 dimension humaine de la part de deux artistes souiris de renom, se veut aussi une invitation aux autres cr\u00e9ateurs d\u2019apporter leurs pierres \u00e0 l\u2019\u00e9difice de ce haut lieu de diffusion des nobles valeurs universelles et humanistes de tol\u00e9rance, de dialogue et de vivre-ensemble, fortement ancr\u00e9es dans l\u2019histoire d\u2019Essaouira, qui incarne parfaitement la civilisation marocaine composite et mill\u00e9naire.<\/p>\n<p>Elle a, dans ce sens, soutenu que \u00ab\u00a0Bayt Dakira\u00a0\u00bb, avec ses dimensions spirituelle, scientifique et p\u00e9dagogique, est aussi un espace authentique et unique, dot\u00e9 d\u00e9sormais d\u2019une touche artistique si singuli\u00e8re, qui c\u00e9l\u00e8bre ce patrimoine partag\u00e9 de la ville d\u2019Essaouira\u00a0et veille \u00e0 la pr\u00e9servation et \u00e0 la valorisation de sa m\u00e9moire plurielle et multiculturelle, fruit de cette diversit\u00e9 historique et de cette addition de plusieurs civilisations et cultures qui font la vraie richesse du Maroc.<\/p>\n<p>De son c\u00f4t\u00e9, M. Tabal a exprim\u00e9 sa grande joie d\u2019\u00eatre pr\u00e9sent \u00e0 \u00ab\u00a0Bayt Dakira\u00a0\u00bb pour offrir l\u2019un de ses r\u00e9cents tableaux, pr\u00e9cisant que cette \u0153uvre se veut une expression de l\u2019histoire plurielle et une c\u00e9l\u00e9bration du patrimoine riche et diversifi\u00e9 d\u2019Essaouira.<\/p>\n<p>M. Tabal, artiste-peintre autodidacte n\u00e9 en 1959 \u00e0 El Hanchane, a expliqu\u00e9 que cette toile, m\u00ealant couleurs et gaiet\u00e9, a \u00e9t\u00e9 con\u00e7ue et r\u00e9alis\u00e9e durant la p\u00e9riode de confinement, notant qu\u2019elle tend \u00e0 mettre en valeur plusieurs aspects de l\u2019univers pluriel d\u2019Essaouira-Mogador.<\/p>\n<p>Cette cr\u00e9ation artistique, a ajout\u00e9 cet artiste souiri, qui s\u2019est vu d\u00e9cerner plusieurs distinctions dans le monde entier ainsi qu\u2019un Wissam Alaouite, est l\u2019incarnation d\u2019une multitude de messages et de nobles valeurs port\u00e9es par l\u2019Humanit\u00e9, comme la tol\u00e9rance, le partage, le vivre-ensemble, l\u2019amour et le dialogue interreligieux, de m\u00eame qu\u2019elle renvoie, entre autres, \u00e0 l\u2019histoire de Regraga, de Chiadma, aux rites dans les mausol\u00e9es, aux quatre saisons et \u00e0 Tagnaouite, allusion faite au festival des Gnaoua d\u2019Essaouira.<\/p>\n<p>Et M. Tabal de conclure que ce tableau refl\u00e8te cette diversit\u00e9 multiculturelle et artistique qui a toujours caract\u00e9ris\u00e9 la cit\u00e9 des Aliz\u00e9s.<\/p>\n<p>Pour sa part, M. Mountassir a indiqu\u00e9, dans une d\u00e9claration similaire, que l\u2019\u0153uvre offerte \u00e0 \u00ab\u00a0Bayt Dakira\u00a0\u00bb refl\u00e8te l\u2019esprit de tol\u00e9rance et de partage qui r\u00e8gne entre les diff\u00e9rentes composantes de la soci\u00e9t\u00e9 souirie, toutes religions et confessions confondues, \u00e0 m\u00eame d\u2019\u00eatre un exemple \u00e9loquent de ces valeurs nobles ayant toujours caract\u00e9ris\u00e9 la soci\u00e9t\u00e9 marocaine en g\u00e9n\u00e9ral.<\/p>\n<p>M. Mountassir, \u00e9galement professeur des arts appliqu\u00e9s, a affirm\u00e9 avoir veill\u00e9 \u00e0 traduire ces valeurs de tol\u00e9rance, de coexistence, de respect mutuel et de vivre-ensemble, de mani\u00e8re picturale et dans une tr\u00e8s belle forme esth\u00e9tique, \u00e0 travers l\u2019art de la calligraphie qu\u2019il ma\u00eetrise parfaitement.<\/p>\n<p>Et ce natif d\u2019Essaouira\u00a0d\u2019expliquer qu\u2019\u00e0 travers les caract\u00e8res et mots en arabe, en h\u00e9breu et en latin \u00e9crits sur cette toile, il a \u0153uvr\u00e9 \u00e0 transposer devant le regardeur cette cohabitation, ce respect r\u00e9ciproque et ce dialogue permanent entre les langues, les cultures et les religions auxquelles ils appartiennent, estimant que les mots calligraphi\u00e9s traduisent cette v\u00e9ritable harmonie et cette profonde entente interreligieuse et multiculturelle dans la cit\u00e9 des Aliz\u00e9s.<\/p>\n<\/div>\n<p>Auteur: Mohammed KOURSI<br \/>\n<a href=\"http:\/\/www.mapmarrakech.ma\/fr\/don-de-deux-chefs-doeuvre-a-bayt-dakira\/\">Cliquez ici pour lire l&rsquo;article depuis sa source.<\/a><\/p>\n","protected":false},"excerpt":{"rendered":"<p>Essaouira- Le c\u00e9l\u00e8bre artiste-peintre Mohamed Tabal et l\u2019artiste-calligraphe Mohamed Mountassir ont fait don, chacun, d\u2019un de leurs chefs d\u2019\u0153uvre, lundi, \u00e0 l\u2019Espace \u00ab\u00a0Bayt Dakira\u00a0\u00bb \u00e0 Essaouira. La remise de ces deux tableaux, qui refl\u00e8tent l\u2019esprit cr\u00e9atif, le talent insoup\u00e7onn\u00e9, l\u2019originalit\u00e9 de l\u2019inspiration et l\u2019expression artistique de ces deux artistes souiris, a eu lieu dans ce [&hellip;]<\/p>\n","protected":false},"author":1788,"featured_media":0,"comment_status":"closed","ping_status":"closed","sticky":false,"template":"","format":"standard","meta":{"fifu_image_url":"","fifu_image_alt":"","footnotes":""},"categories":[54,76],"tags":[],"class_list":["post-104943","post","type-post","status-publish","format-standard","hentry","category-maroc","category-regions"],"_links":{"self":[{"href":"https:\/\/linitiative.ca\/International\/wp-json\/wp\/v2\/posts\/104943","targetHints":{"allow":["GET"]}}],"collection":[{"href":"https:\/\/linitiative.ca\/International\/wp-json\/wp\/v2\/posts"}],"about":[{"href":"https:\/\/linitiative.ca\/International\/wp-json\/wp\/v2\/types\/post"}],"author":[{"embeddable":true,"href":"https:\/\/linitiative.ca\/International\/wp-json\/wp\/v2\/users\/1788"}],"replies":[{"embeddable":true,"href":"https:\/\/linitiative.ca\/International\/wp-json\/wp\/v2\/comments?post=104943"}],"version-history":[{"count":0,"href":"https:\/\/linitiative.ca\/International\/wp-json\/wp\/v2\/posts\/104943\/revisions"}],"wp:attachment":[{"href":"https:\/\/linitiative.ca\/International\/wp-json\/wp\/v2\/media?parent=104943"}],"wp:term":[{"taxonomy":"category","embeddable":true,"href":"https:\/\/linitiative.ca\/International\/wp-json\/wp\/v2\/categories?post=104943"},{"taxonomy":"post_tag","embeddable":true,"href":"https:\/\/linitiative.ca\/International\/wp-json\/wp\/v2\/tags?post=104943"}],"curies":[{"name":"wp","href":"https:\/\/api.w.org\/{rel}","templated":true}]}}