{"id":104944,"date":"2020-11-17T09:43:08","date_gmt":"2020-11-17T14:43:08","guid":{"rendered":"https:\/\/linitiative.ca\/International\/creation-dun-centre-pour-les-eleves-descolarises\/"},"modified":"2020-11-17T09:43:08","modified_gmt":"2020-11-17T14:43:08","slug":"creation-dun-centre-pour-les-eleves-descolarises","status":"publish","type":"post","link":"https:\/\/linitiative.ca\/International\/creation-dun-centre-pour-les-eleves-descolarises\/","title":{"rendered":"Cr\u00e9ation d\u2019un centre pour les \u00e9l\u00e8ves d\u00e9scolaris\u00e9s"},"content":{"rendered":"<div class=\"single-featured\"><img alt=\"\" data-src=\"http:\/\/www.mapmarrakech.ma\/map\/uploads\/2020\/11\/centre-2&#xE8;-chance-sraghna.jpg\"\/><\/div>\n<div class=\"single-post-excerpt post-excerpt-bc\" readability=\"39\">\n<p>El Kel\u00e2a des Sraghna- La direction provinciale de l\u2019\u00e9ducation nationale \u00e0 El Kel\u00e2a des Sraghna a annonc\u00e9, lundi, la cr\u00e9ation du premier centre d\u2019\u00e9ducation non formelle au niveau de la province, en faveur des \u00e9l\u00e8ves (filles et gar\u00e7ons) d\u00e9scolaris\u00e9s, en vue de leur qualification dans diverses fili\u00e8res professionnelles.<\/p>\n<\/div>\n<div class=\"entry-content clearfix single-post-content\" readability=\"69\">\n<p>Dans une d\u00e9claration \u00e0 la MAP, le directeur provincial de l\u2019\u00e9ducation nationale, El Alami El Koraichi, a indiqu\u00e9 que la direction a \u0153uvr\u00e9, dans le cadre de la g\u00e9n\u00e9ralisation de la scolarisation et de l\u2019obligation de la scolarit\u00e9, \u00e0 la cr\u00e9ation du centre de la 2\u00e8me chance-nouvelle g\u00e9n\u00e9ration \u00e0 l\u2019\u00e9cole primaire Al Massira, ce qui repr\u00e9sente une premi\u00e8re exp\u00e9rience dans le domaine de l\u2019\u00e9ducation non formelle \u00e0 l\u2019\u00e9chelle de la province.<\/p>\n<p>Cette structure, a-t-il ajout\u00e9, accueille les \u00e9l\u00e8ves \u00e2g\u00e9s entre 14 et 18 ans ayant interrompu leur scolarit\u00e9 pour b\u00e9n\u00e9ficier d\u2019une formation de 12 mois dans les fili\u00e8res de la maintenance des \u00e9quipements \u00e9lectroniques pour les gar\u00e7ons (15 b\u00e9n\u00e9ficiaires) et de la p\u00e2tisserie pour les filles (15 b\u00e9n\u00e9ficiaires).<\/p>\n<p>Parall\u00e8lement \u00e0 l\u2019inauguration de ce centre, il a \u00e9t\u00e9 proc\u00e9d\u00e9 \u00e0 l\u2019\u00e9cole primaire Al Massira \u00e0 l\u2019ouverture d\u2019une unit\u00e9 d\u2019enseignement pr\u00e9scolaire au profit des enfants \u00e2g\u00e9s de 4 \u00e0 5 ans, dans le cadre de la vision de r\u00e9forme qui \u00e9rige le pr\u00e9scolaire en pilier de la g\u00e9n\u00e9ralisation de l\u2019enseignement.<\/p>\n<p>Selon M. El Koraichi, cette unit\u00e9 pilote, qui accueille 20 enfants, aura un r\u00f4le important \u00e0 jouer pour la pr\u00e9paration des petits apprenants \u00e0 int\u00e9grer le cycle d\u2019enseignement primaire et \u00e0 les aider \u00e0 surmonter les difficult\u00e9s qui peuvent survenir durant leurs parcours d\u2019\u00e9tudes.<\/p>\n<p>A noter que le renforcement de l\u2019offre \u00e9ducative \u00e0 El Kel\u00e2a des\u00a0Sraghna\u00a0s\u2019inscrit dans le cadre de la d\u00e9clinaison des projets de la loi-cadre 51.17 relative au syst\u00e8me d\u2019\u00e9ducation et de formation, notamment la garantie de la scolarisation de rattrapage et l\u2019am\u00e9lioration de l\u2019efficacit\u00e9 de l\u2019\u00e9ducation non formelle, la promotion de l\u2019enseignement pr\u00e9scolaire pour la lutte contre la d\u00e9perdition scolaire.<\/p>\n<\/div>\n<p>Auteur: Mohammed KOURSI<br \/>\n<a href=\"http:\/\/www.mapmarrakech.ma\/fr\/education-non-formelle-creation-dun-centre-pour-les-eleves-descolarises\/\">Cliquez ici pour lire l&rsquo;article depuis sa source.<\/a><\/p>\n","protected":false},"excerpt":{"rendered":"<p>El Kel\u00e2a des Sraghna- La direction provinciale de l\u2019\u00e9ducation nationale \u00e0 El Kel\u00e2a des Sraghna a annonc\u00e9, lundi, la cr\u00e9ation du premier centre d\u2019\u00e9ducation non formelle au niveau de la province, en faveur des \u00e9l\u00e8ves (filles et gar\u00e7ons) d\u00e9scolaris\u00e9s, en vue de leur qualification dans diverses fili\u00e8res professionnelles. Dans une d\u00e9claration \u00e0 la MAP, le [&hellip;]<\/p>\n","protected":false},"author":1788,"featured_media":104945,"comment_status":"closed","ping_status":"closed","sticky":false,"template":"","format":"standard","meta":{"fifu_image_url":"","fifu_image_alt":"","footnotes":""},"categories":[54,76],"tags":[],"class_list":["post-104944","post","type-post","status-publish","format-standard","has-post-thumbnail","hentry","category-maroc","category-regions"],"_links":{"self":[{"href":"https:\/\/linitiative.ca\/International\/wp-json\/wp\/v2\/posts\/104944","targetHints":{"allow":["GET"]}}],"collection":[{"href":"https:\/\/linitiative.ca\/International\/wp-json\/wp\/v2\/posts"}],"about":[{"href":"https:\/\/linitiative.ca\/International\/wp-json\/wp\/v2\/types\/post"}],"author":[{"embeddable":true,"href":"https:\/\/linitiative.ca\/International\/wp-json\/wp\/v2\/users\/1788"}],"replies":[{"embeddable":true,"href":"https:\/\/linitiative.ca\/International\/wp-json\/wp\/v2\/comments?post=104944"}],"version-history":[{"count":0,"href":"https:\/\/linitiative.ca\/International\/wp-json\/wp\/v2\/posts\/104944\/revisions"}],"wp:featuredmedia":[{"embeddable":true,"href":"https:\/\/linitiative.ca\/International\/wp-json\/"}],"wp:attachment":[{"href":"https:\/\/linitiative.ca\/International\/wp-json\/wp\/v2\/media?parent=104944"}],"wp:term":[{"taxonomy":"category","embeddable":true,"href":"https:\/\/linitiative.ca\/International\/wp-json\/wp\/v2\/categories?post=104944"},{"taxonomy":"post_tag","embeddable":true,"href":"https:\/\/linitiative.ca\/International\/wp-json\/wp\/v2\/tags?post=104944"}],"curies":[{"name":"wp","href":"https:\/\/api.w.org\/{rel}","templated":true}]}}