{"id":104946,"date":"2020-11-17T10:27:53","date_gmt":"2020-11-17T15:27:53","guid":{"rendered":"https:\/\/linitiative.ca\/International\/guergarate-les-avocats-soutiennent-lintervention-des-far\/"},"modified":"2020-11-17T10:27:53","modified_gmt":"2020-11-17T15:27:53","slug":"guergarate-les-avocats-soutiennent-lintervention-des-far","status":"publish","type":"post","link":"https:\/\/linitiative.ca\/International\/guergarate-les-avocats-soutiennent-lintervention-des-far\/","title":{"rendered":"Guergarate: Les avocats soutiennent l\u2019intervention des FAR"},"content":{"rendered":"<div class=\"single-featured\"><img alt=\"\" data-src=\"http:\/\/www.mapmarrakech.ma\/map\/uploads\/2020\/11\/Ordre-des-avocats.jpg\"\/><\/div>\n<div class=\"single-post-excerpt post-excerpt-bc\" readability=\"34\">\n<p>Marrakech- L\u2019Ordre des avocats \u00e0 Marrakech a exprim\u00e9 son soutien \u00ab\u00a0total\u00a0\u00bb et \u00ab\u00a0inconditionnel\u00a0\u00bb \u00e0 l\u2019op\u00e9ration men\u00e9e par les Forces Arm\u00e9es Royales (FAR) pour le r\u00e9tablissement de la libre circulation civile et commerciale au passage d\u2019El Guerguarat.<\/p>\n<\/div>\n<div class=\"entry-content clearfix single-post-content\" readability=\"67\">\n<p>\u00ab\u00a0L\u2019Ordre des avocats exprime son soutien total et inconditionnel \u00e0 l\u2019op\u00e9ration qui a \u00e9t\u00e9 men\u00e9e par les Forces Arm\u00e9es Royales, conform\u00e9ment aux Hautes Instructions de Sa Majest\u00e9 le Roi Mohammed VI, Chef Supr\u00eame et Chef d\u2019Etat-Major G\u00e9n\u00e9ral des FAR, dans le respect total des principes du Droit international, pour r\u00e9tablir la libre circulation civile et commerciale au passage d\u2019El Guerguarat\u00a0\u00bb, a indiqu\u00e9 l\u2019instance dans un communiqu\u00e9.<\/p>\n<p>Et la m\u00eame source de poursuivre que \u00ab\u00a0gr\u00e2ce \u00e0 l\u2019op\u00e9ration l\u00e9gitime des FAR, les op\u00e9rateurs \u00e9conomiques marocains et leurs partenaires africains et europ\u00e9ens pourront reprendre leurs activit\u00e9s commerciales en toute s\u00e9curit\u00e9 et qui\u00e9tude\u00a0\u00bb.<\/p>\n<p>Selon le communiqu\u00e9, \u00ab\u00a0les op\u00e9rations hors la loi men\u00e9es par les milices du polisario au poste-frontalier, depuis le 21 octobre dernier, ont port\u00e9 pr\u00e9judice aux int\u00e9r\u00eats \u00e9conomiques des entreprises et ce, en impactant les flux commerciaux en provenance du Maroc et de l\u2019Europe vers le Continent africain, notamment la Mauritanie, et du Continent africain \u00e0 destination du Maroc et de l\u2019Europe\u00a0\u00bb.<\/p>\n<p>Dans ce sens, le b\u00e2tonnier du barreau de Marrakech, Moulay Slimane El Amrani, a exprim\u00e9, au nom de l\u2019ensemble des avocats et avocates \u00e0 l\u2019Ordre, la profonde gratitude et la mobilisation constante de cette instance derri\u00e8re SM le Roi Mohammed VI, pour la d\u00e9fense de la stabilit\u00e9 et de la s\u00e9curit\u00e9 du Royaume ainsi que de l\u2019unit\u00e9 de son int\u00e9grit\u00e9 territoriale.<\/p>\n<\/div>\n<p>Auteur: Mohammed KOURSI<br \/>\n<a href=\"http:\/\/www.mapmarrakech.ma\/fr\/guergarate-lordre-des-avocats-exprime-son-soutient-a-lintervention-des-far\/\">Cliquez ici pour lire l&rsquo;article depuis sa source.<\/a><\/p>\n","protected":false},"excerpt":{"rendered":"<p>Marrakech- L\u2019Ordre des avocats \u00e0 Marrakech a exprim\u00e9 son soutien \u00ab\u00a0total\u00a0\u00bb et \u00ab\u00a0inconditionnel\u00a0\u00bb \u00e0 l\u2019op\u00e9ration men\u00e9e par les Forces Arm\u00e9es Royales (FAR) pour le r\u00e9tablissement de la libre circulation civile et commerciale au passage d\u2019El Guerguarat. \u00ab\u00a0L\u2019Ordre des avocats exprime son soutien total et inconditionnel \u00e0 l\u2019op\u00e9ration qui a \u00e9t\u00e9 men\u00e9e par les Forces Arm\u00e9es [&hellip;]<\/p>\n","protected":false},"author":1788,"featured_media":104947,"comment_status":"closed","ping_status":"closed","sticky":false,"template":"","format":"standard","meta":{"fifu_image_url":"","fifu_image_alt":"","footnotes":""},"categories":[54,76],"tags":[],"class_list":["post-104946","post","type-post","status-publish","format-standard","has-post-thumbnail","hentry","category-maroc","category-regions"],"_links":{"self":[{"href":"https:\/\/linitiative.ca\/International\/wp-json\/wp\/v2\/posts\/104946","targetHints":{"allow":["GET"]}}],"collection":[{"href":"https:\/\/linitiative.ca\/International\/wp-json\/wp\/v2\/posts"}],"about":[{"href":"https:\/\/linitiative.ca\/International\/wp-json\/wp\/v2\/types\/post"}],"author":[{"embeddable":true,"href":"https:\/\/linitiative.ca\/International\/wp-json\/wp\/v2\/users\/1788"}],"replies":[{"embeddable":true,"href":"https:\/\/linitiative.ca\/International\/wp-json\/wp\/v2\/comments?post=104946"}],"version-history":[{"count":0,"href":"https:\/\/linitiative.ca\/International\/wp-json\/wp\/v2\/posts\/104946\/revisions"}],"wp:featuredmedia":[{"embeddable":true,"href":"https:\/\/linitiative.ca\/International\/wp-json\/"}],"wp:attachment":[{"href":"https:\/\/linitiative.ca\/International\/wp-json\/wp\/v2\/media?parent=104946"}],"wp:term":[{"taxonomy":"category","embeddable":true,"href":"https:\/\/linitiative.ca\/International\/wp-json\/wp\/v2\/categories?post=104946"},{"taxonomy":"post_tag","embeddable":true,"href":"https:\/\/linitiative.ca\/International\/wp-json\/wp\/v2\/tags?post=104946"}],"curies":[{"name":"wp","href":"https:\/\/api.w.org\/{rel}","templated":true}]}}