{"id":104952,"date":"2020-11-16T17:24:14","date_gmt":"2020-11-16T22:24:14","guid":{"rendered":"https:\/\/linitiative.ca\/International\/sciences-des-materiaux-bientot-une-conference-internationale-a-oujda\/"},"modified":"2020-11-16T17:24:14","modified_gmt":"2020-11-16T22:24:14","slug":"sciences-des-materiaux-bientot-une-conference-internationale-a-oujda","status":"publish","type":"post","link":"https:\/\/linitiative.ca\/International\/sciences-des-materiaux-bientot-une-conference-internationale-a-oujda\/","title":{"rendered":"Sciences des mat\u00e9riaux: bient\u00f4t une conf\u00e9rence internationale \u00e0 Oujda"},"content":{"rendered":"<p class=\"c4\">L\u2019Universit\u00e9 Mohammed Premier d\u2019Oujda, l\u2019Institut de recherche en \u00e9nergie solaire et \u00e9nergies nouvelles (IRESEN) et le Centre Marocain du D\u00e9veloppement et des Sciences (CEMADES) organisent, du 18 au 28 novembre courant, la 4\u00e8me Conf\u00e9rence internationale sur les sciences des mat\u00e9riaux et environnement (ICMES2020).<\/p>\n<p class=\"c4\">Cette \u00e9dition, organis\u00e9e sous format virtuel en raison des circonstances li\u00e9es \u00e0 la pand\u00e9mie du coronavirus, se veut une plate-forme multidisciplinaire pour les chercheurs et les industriels, ainsi que pour les comp\u00e9tences marocaines du monde, pour renforcer l\u2019approche multisectorielle et la coop\u00e9ration dans le d\u00e9veloppement de m\u00e9thodes nouvelles et innovantes sur les mat\u00e9riaux et leurs applications dans le domaine de l\u2019\u00e9nergie et des \u00e9nergies renouvelables, des sciences de l\u2019environnement et du d\u00e9veloppement durable, de la biotechnologie, de l\u2019\u00e9lectrotechnique et de l\u2019intelligence artificielle et la m\u00e9decine.<\/p>\n<p class=\"c4\">Selon un communiqu\u00e9 des organisateurs, cette conf\u00e9rence connaitra la participation d\u2019\u00e9minents scientifiques, universitaires, chercheurs et industriels d\u2019Afrique, d\u2019Am\u00e9rique du Nord et du Sud, d\u2019Europe, d\u2019Asie, d\u2019Australie et du Moyen-Orient en vue d\u2019\u00e9changer leurs exp\u00e9riences et \u00e0 pr\u00e9senter les r\u00e9sultats et les recherches li\u00e9s \u00e0 la science des mat\u00e9riaux et \u00e0 l\u2019environnement.<\/p>\n<p class=\"c4\">ICMES a pour objectif principal d\u2019encourager les chercheurs, \u00e9tudiants et professeurs, \u00e0 pr\u00e9senter les r\u00e9sultats de leurs recherches. Plus de 250 participants repr\u00e9sentant 20 pays seront pr\u00e9sents sur plus de cinq cents demandes de participation, affirme le communiqu\u00e9, notant que l\u2019organisation de cet \u00e9v\u00e9nement scientifique mondial fait suite au succ\u00e8s de la premi\u00e8re \u00e9dition, qui a \u00e9t\u00e9 organis\u00e9e \u00e0 Oujda en d\u00e9cembre 2016, de la deuxi\u00e8me \u00e9dition en avril 2018 \u00e0 Sa\u00efdia et de la troisi\u00e8me en d\u00e9cembre 2019 \u00e0 Agadir.<\/p>\n<p>Auteur: Soufiane ELAHMAR<br \/>\n<a href=\"http:\/\/www.mapoujda.ma\/fr\/sciences-des-materiaux-bientot-une-conference-internationale-a-oujda\/\">Cliquez ici pour lire l&rsquo;article depuis sa source.<\/a><\/p>\n","protected":false},"excerpt":{"rendered":"<p>L\u2019Universit\u00e9 Mohammed Premier d\u2019Oujda, l\u2019Institut de recherche en \u00e9nergie solaire et \u00e9nergies nouvelles (IRESEN) et le Centre Marocain du D\u00e9veloppement et des Sciences (CEMADES) organisent, du 18 au 28 novembre courant, la 4\u00e8me Conf\u00e9rence internationale sur les sciences des mat\u00e9riaux et environnement (ICMES2020). Cette \u00e9dition, organis\u00e9e sous format virtuel en raison des circonstances li\u00e9es \u00e0 [&hellip;]<\/p>\n","protected":false},"author":1788,"featured_media":0,"comment_status":"closed","ping_status":"closed","sticky":false,"template":"","format":"standard","meta":{"fifu_image_url":"","fifu_image_alt":"","footnotes":""},"categories":[54,76],"tags":[],"class_list":["post-104952","post","type-post","status-publish","format-standard","hentry","category-maroc","category-regions"],"_links":{"self":[{"href":"https:\/\/linitiative.ca\/International\/wp-json\/wp\/v2\/posts\/104952","targetHints":{"allow":["GET"]}}],"collection":[{"href":"https:\/\/linitiative.ca\/International\/wp-json\/wp\/v2\/posts"}],"about":[{"href":"https:\/\/linitiative.ca\/International\/wp-json\/wp\/v2\/types\/post"}],"author":[{"embeddable":true,"href":"https:\/\/linitiative.ca\/International\/wp-json\/wp\/v2\/users\/1788"}],"replies":[{"embeddable":true,"href":"https:\/\/linitiative.ca\/International\/wp-json\/wp\/v2\/comments?post=104952"}],"version-history":[{"count":0,"href":"https:\/\/linitiative.ca\/International\/wp-json\/wp\/v2\/posts\/104952\/revisions"}],"wp:attachment":[{"href":"https:\/\/linitiative.ca\/International\/wp-json\/wp\/v2\/media?parent=104952"}],"wp:term":[{"taxonomy":"category","embeddable":true,"href":"https:\/\/linitiative.ca\/International\/wp-json\/wp\/v2\/categories?post=104952"},{"taxonomy":"post_tag","embeddable":true,"href":"https:\/\/linitiative.ca\/International\/wp-json\/wp\/v2\/tags?post=104952"}],"curies":[{"name":"wp","href":"https:\/\/api.w.org\/{rel}","templated":true}]}}