{"id":104967,"date":"2020-11-17T05:39:14","date_gmt":"2020-11-17T10:39:14","guid":{"rendered":"https:\/\/linitiative.ca\/International\/112947-football-deces-le-president-de-la-fifa-rend-hommage-a-hannachi\/"},"modified":"2020-11-17T05:39:14","modified_gmt":"2020-11-17T10:39:14","slug":"112947-football-deces-le-president-de-la-fifa-rend-hommage-a-hannachi","status":"publish","type":"post","link":"https:\/\/linitiative.ca\/International\/112947-football-deces-le-president-de-la-fifa-rend-hommage-a-hannachi\/","title":{"rendered":"Football \/ D\u00e9c\u00e8s : le pr\u00e9sident de la Fifa rend hommage \u00e0 Hannachi"},"content":{"rendered":"<div readability=\"39\">\n<p><strong>ALGER- La F\u00e9d\u00e9ration alg\u00e9rienne de football (FAF) a indiqu\u00e9 mardi avoir re\u00e7u un courrier du pr\u00e9sident de la F\u00e9d\u00e9ration internationale de football (Fifa), Gianni Infantino, dans lequel il a rendu un vibrant hommage \u00e0 l&rsquo;ex-pr\u00e9sident embl\u00e9matique de la JS Kabylie, Mohand-Ch\u00e9rif Hannachi, d\u00e9c\u00e9d\u00e9 vendredi.<\/strong><\/p>\n<\/div>\n<div readability=\"65\">\n<p>Cette intention, selon la FAF, \u00ab\u00a0d\u00e9note du grand respect dont a toujours joui (l&rsquo;ancien) pr\u00e9sident embl\u00e9matique de la JSK, pas seulement au niveau national, mais aussi au niveau international\u00a0\u00bb.<\/p>\n<p>Samedi, c&rsquo;\u00e9tait le pr\u00e9sident de la Conf\u00e9d\u00e9ration africaine de football (CAF), Ahmad Ahmad, qui avait pr\u00e9sent\u00e9 ses condol\u00e9ances \u00e0 la famille de Hannachi, \u00e0 la JSK et \u00e0 la FAF, \u00e0 la suite de la disparition de l&rsquo;ancien pr\u00e9sident des \u00ab\u00a0Canaris\u00a0\u00bb \u00e0 l&rsquo;\u00e2ge de 70 ans des suites d&rsquo;une longue maladie.<\/p>\n<blockquote readability=\"15\">\n<p><strong><em>\u00ab\u00a0A la suite de la disparition du Pr\u00e9sident embl\u00e9matique de la JSK, le Pr\u00e9sident de la CAF, M. Ahmad Ahmad, pr\u00e9sente au nom de la grande famille du football africain, du Comit\u00e9 ex\u00e9cutif de la Conf\u00e9d\u00e9ration Africaine de Football, et en son nom propre ses condol\u00e9ances \u00e0 la famille de Mohand Ch\u00e9rif Hannachi, \u00e0 la JS Kabylie et \u00e0 la F\u00e9d\u00e9ration Alg\u00e9rienne de Football\u00a0\u00bb, a \u00e9crit le patron de l&rsquo;instance dans son message de condol\u00e9ances.<\/em><\/strong><\/p>\n<\/blockquote>\n<p>Hannachi a rendu l&rsquo;\u00e2me vendredi \u00e0 l&rsquo;h\u00f4pital militaire d&rsquo;A\u00efn Na\u00e2dja (Alger), o\u00f9 il avait \u00e9t\u00e9 admis depuis plusieurs jours en raison de la d\u00e9gradation de son \u00e9tat de sant\u00e9.<\/p>\n<p>D&rsquo;abord ancien joueur de la JSK (1969-1983), Hannachi avait pris les r\u00eanes des \u00ab\u00a0Canaris\u00a0\u00bb en 1993. Durant son parcours en tant que pr\u00e9sident, il a remport\u00e9 plusieurs titres sur la sc\u00e8ne nationale et continentale, ce qui a fait de lui le pr\u00e9sident le plus couronn\u00e9 d&rsquo;Alg\u00e9rie. Il avait quitt\u00e9 son poste en 2017.<\/p>\n<\/div>\n<p>Auteur:<br \/>\n<a href=\"http:\/\/www.aps.dz\/sport\/112947-football-deces-le-president-de-la-fifa-rend-hommage-a-hannachi?utm_source=feedburner&#038;utm_medium=feed&#038;utm_campaign=Feed%3A+aps-sport+%28APS+-+SPORT%29\">Cliquez ici pour lire l&rsquo;article depuis sa source.<\/a><\/p>\n","protected":false},"excerpt":{"rendered":"<p>ALGER- La F\u00e9d\u00e9ration alg\u00e9rienne de football (FAF) a indiqu\u00e9 mardi avoir re\u00e7u un courrier du pr\u00e9sident de la F\u00e9d\u00e9ration internationale de football (Fifa), Gianni Infantino, dans lequel il a rendu un vibrant hommage \u00e0 l&rsquo;ex-pr\u00e9sident embl\u00e9matique de la JS Kabylie, Mohand-Ch\u00e9rif Hannachi, d\u00e9c\u00e9d\u00e9 vendredi. Cette intention, selon la FAF, \u00ab\u00a0d\u00e9note du grand respect dont a [&hellip;]<\/p>\n","protected":false},"author":1790,"featured_media":0,"comment_status":"closed","ping_status":"closed","sticky":false,"template":"","format":"standard","meta":{"fifu_image_url":"","fifu_image_alt":"","footnotes":""},"categories":[53,75],"tags":[],"class_list":["post-104967","post","type-post","status-publish","format-standard","hentry","category-algerie","category-sport"],"_links":{"self":[{"href":"https:\/\/linitiative.ca\/International\/wp-json\/wp\/v2\/posts\/104967","targetHints":{"allow":["GET"]}}],"collection":[{"href":"https:\/\/linitiative.ca\/International\/wp-json\/wp\/v2\/posts"}],"about":[{"href":"https:\/\/linitiative.ca\/International\/wp-json\/wp\/v2\/types\/post"}],"author":[{"embeddable":true,"href":"https:\/\/linitiative.ca\/International\/wp-json\/wp\/v2\/users\/1790"}],"replies":[{"embeddable":true,"href":"https:\/\/linitiative.ca\/International\/wp-json\/wp\/v2\/comments?post=104967"}],"version-history":[{"count":0,"href":"https:\/\/linitiative.ca\/International\/wp-json\/wp\/v2\/posts\/104967\/revisions"}],"wp:attachment":[{"href":"https:\/\/linitiative.ca\/International\/wp-json\/wp\/v2\/media?parent=104967"}],"wp:term":[{"taxonomy":"category","embeddable":true,"href":"https:\/\/linitiative.ca\/International\/wp-json\/wp\/v2\/categories?post=104967"},{"taxonomy":"post_tag","embeddable":true,"href":"https:\/\/linitiative.ca\/International\/wp-json\/wp\/v2\/tags?post=104967"}],"curies":[{"name":"wp","href":"https:\/\/api.w.org\/{rel}","templated":true}]}}