{"id":104970,"date":"2020-11-17T10:08:00","date_gmt":"2020-11-17T15:08:00","guid":{"rendered":"https:\/\/linitiative.ca\/International\/mostaganem-douar-louza-une-zone-dombre-bien-sombre\/"},"modified":"2020-11-17T10:08:00","modified_gmt":"2020-11-17T15:08:00","slug":"mostaganem-douar-louza-une-zone-dombre-bien-sombre","status":"publish","type":"post","link":"https:\/\/linitiative.ca\/International\/mostaganem-douar-louza-une-zone-dombre-bien-sombre\/","title":{"rendered":"MOSTAGANEM : Douar Louza, une zone d\u2019ombre, \u2018\u2019bien sombre..! \u2018\u2019"},"content":{"rendered":"<p><br id=\"sep_para_1\" class=\"sep_para access\"\/><\/p>\n<div id=\"para_1\" class=\"para_39530988 resize\">\n<div class=\"texte access firstletter\">Seulement, il a le d\u00e9savantage de manquer de presque de tout pour un minimum de vie d\u00e9cent et sa population insiste que, l\u2019urgence des urgences, est l\u2019installation d\u2019un r\u00e9seau d\u2019assainissement et une alimentation en gaz naturel, proche de 500 m\u00e8tres. On apprend que, depuis 2017, le seul probl\u00e8me r\u00e9solu partiellement et encore, c\u2019est\u00a0 celui de l\u2019alimentation en eau potable. Toutefois, ce douar\u00a0 semble \u00eatre frapp\u00e9 par le sceau du sinistre et de l\u2019oubli, qui, selon ses r\u00e9sidents peuvent se r\u00e9sumer ainsi, \u00e0 savoir: L\u2019absence de r\u00e9seau d\u2019assainissement est le premier probl\u00e8me d\u00e9cri\u00e9 par les habitants de cette localit\u00e9 et c\u2019est une situation stressante tant pour les habitants que pour l\u2019APC de Fornaka qui se d\u00e9m\u00e8ne comme elle peut pour \u00ab d\u00e9panner, en attendant \u00bb. L\u2019absence de gaz naturel, aux yeux des habitants ce sont l\u00e0 des priorit\u00e9s dont l\u2019urgence est signal\u00e9e avec insistance.. Les fr\u00e9quentes coupures de l\u2019alimentation en courant \u00e9lectrique, un des points qui revient sur toutes les bouches dans les dol\u00e9ances des citoyens,\u00a0 est les perturbations dans le r\u00e9seau \u00e9lectrique qui, bien qu\u2019elle ait diminu\u00e9 de fr\u00e9quence, elle subsiste encore. La solution de ce probl\u00e8me rel\u00e8ve des comp\u00e9tences de la Sonelgaz\u00a0 qui a investi dans l\u2019implantation d\u2019un nouveau transformateur \u00e0 Fornaka mais il faut attendre son ach\u00e8vement. La Pollution de l\u2019environnement, notamment par les mauvaises odeurs ayant \u00e9t\u00e9 localis\u00e9es, comme provenant d\u2019une usine de fabrication, sise dans la zone d\u2019activit\u00e9, en contre -bas du douar Louza, \u00e0 moins d\u20191 kilom\u00e8tre plus loin .Ce probl\u00e8me\u00a0 persistant est per\u00e7u par les habitants du douar comme nuisible \u00e0 leur sant\u00e9 ainsi qu\u2019\u00e0 celle de leurs enfants et, depuis le temps, la solution ne semble pas venir, pr\u00e9cisent les habitants. L\u2019insalubrit\u00e9 caract\u00e9ris\u00e9e est remarquable car la salet\u00e9 est partout\u00a0 dans l\u2019environnement imm\u00e9diat des habitations\u00a0 dont le nombre\u00a0 est en croissance , notamment,\u00a0 avec l\u2019habitat rural qui est venu se greffer \u00e0 l\u2019ancien tissu existant .Absence d\u2019infrastructures de jeux et loisirs : \u00ab Jeunes et les moins jeunes s\u2019ennuient \u00e0 en mourir \u00bb, l\u00e2che cet habitant d\u2019un certain \u00e2ge. Il y a\u00a0 soit disant une \u00ab maison de jeunes \u00bb mais\u00a0 elle n\u2019a pas l\u2019air du tout d\u2019en \u00eatre une et de r\u00e9pondre aux attentes. Il n\u2019y a pas non plus d\u2019espaces verts et encore moins de stade de proximit\u00e9 .Du coup, le stress de la mal vie a gagn\u00e9 toute la jeunesse de cette localit\u00e9 qui, semble se morfondre dans une d\u00e9solation inqualifiable. Conclusion :\u00a0 le douar Louza\u00a0 manque de tout selon ses propres habitants ! Pas de boulangerie, bains, douches, espace verts, aires de jeux et loisir, stade de proximit\u00e9, maison de jeunes, un vrai centre de sant\u00e9, \u00e9clairage public, voirie\u2026.etc. A cela, s\u2019ajoute un sentiment d\u2019ins\u00e9curit\u00e9 \u00e9prouv\u00e9 par les habitants\u00a0 ainsi qu\u2019un taux de ch\u00f4mage \u00e9lev\u00e9 particuli\u00e8rement chez les jeunes, selon les d\u00e9clarations des autochtones .Ces derniers ,rappellent que la proximit\u00e9 de l\u2019 importante \u00ab zone industrielle\u00a0 de Fornaka \u00bb est cens\u00e9e contribuer au plein emploi de la main d\u2019\u0153uvre locale, et d\u2019am\u00e9liorer ,par la recette fiscale, les ressources financi\u00e8res de la municipalit\u00e9 alors que ce n\u2019est pas le cas.<\/div>\n<\/div>\n<p>Auteur: Younes Zahachi<br \/>\n<a href=\"https:\/\/www.reflexiondz.net\/MOSTAGANEM-Douar-Louza-une-zone-d-ombre-bien-sombre-_a66331.html\">Cliquez ici pour lire l&rsquo;article depuis sa source.<\/a><\/p>\n","protected":false},"excerpt":{"rendered":"<p>Seulement, il a le d\u00e9savantage de manquer de presque de tout pour un minimum de vie d\u00e9cent et sa population insiste que, l\u2019urgence des urgences, est l\u2019installation d\u2019un r\u00e9seau d\u2019assainissement et une alimentation en gaz naturel, proche de 500 m\u00e8tres. On apprend que, depuis 2017, le seul probl\u00e8me r\u00e9solu partiellement et encore, c\u2019est\u00a0 celui de [&hellip;]<\/p>\n","protected":false},"author":1740,"featured_media":0,"comment_status":"closed","ping_status":"closed","sticky":false,"template":"","format":"standard","meta":{"fifu_image_url":"","fifu_image_alt":"","footnotes":""},"categories":[53,76],"tags":[],"class_list":["post-104970","post","type-post","status-publish","format-standard","hentry","category-algerie","category-regions"],"_links":{"self":[{"href":"https:\/\/linitiative.ca\/International\/wp-json\/wp\/v2\/posts\/104970","targetHints":{"allow":["GET"]}}],"collection":[{"href":"https:\/\/linitiative.ca\/International\/wp-json\/wp\/v2\/posts"}],"about":[{"href":"https:\/\/linitiative.ca\/International\/wp-json\/wp\/v2\/types\/post"}],"author":[{"embeddable":true,"href":"https:\/\/linitiative.ca\/International\/wp-json\/wp\/v2\/users\/1740"}],"replies":[{"embeddable":true,"href":"https:\/\/linitiative.ca\/International\/wp-json\/wp\/v2\/comments?post=104970"}],"version-history":[{"count":0,"href":"https:\/\/linitiative.ca\/International\/wp-json\/wp\/v2\/posts\/104970\/revisions"}],"wp:attachment":[{"href":"https:\/\/linitiative.ca\/International\/wp-json\/wp\/v2\/media?parent=104970"}],"wp:term":[{"taxonomy":"category","embeddable":true,"href":"https:\/\/linitiative.ca\/International\/wp-json\/wp\/v2\/categories?post=104970"},{"taxonomy":"post_tag","embeddable":true,"href":"https:\/\/linitiative.ca\/International\/wp-json\/wp\/v2\/tags?post=104970"}],"curies":[{"name":"wp","href":"https:\/\/api.w.org\/{rel}","templated":true}]}}