{"id":104971,"date":"2020-11-17T10:08:00","date_gmt":"2020-11-17T15:08:00","guid":{"rendered":"https:\/\/linitiative.ca\/International\/apc-doran-le-wali-suspend-le-delegue-du-secteur-urbain-de-hai-othmania\/"},"modified":"2020-11-17T10:08:00","modified_gmt":"2020-11-17T15:08:00","slug":"apc-doran-le-wali-suspend-le-delegue-du-secteur-urbain-de-hai-othmania","status":"publish","type":"post","link":"https:\/\/linitiative.ca\/International\/apc-doran-le-wali-suspend-le-delegue-du-secteur-urbain-de-hai-othmania\/","title":{"rendered":"APC D\u2019ORAN : Le wali suspend le  d\u00e9l\u00e9gu\u00e9 du secteur urbain de Ha\u00ef Othmania"},"content":{"rendered":"<p><br id=\"sep_para_1\" class=\"sep_para access\"\/><\/p>\n<div id=\"para_1\" class=\"para_39530960 resize\">\n<div class=\"photo shadow left\"><a href=\"javascript:void(0)\" rel=\"https:\/\/www.reflexiondz.net\/photo\/art\/grande\/51537206-39530960.jpg?v=1605627607&amp;ibox\" title=\"APC D\u2019ORAN : Le wali suspend le d\u00e9l\u00e9gu\u00e9 du secteur urbain de Ha\u00ef Othmania\"><img decoding=\"async\" class=\"responsive c9\" src=\"https:\/\/www.reflexiondz.net\/photo\/art\/grande\/51537206-39530960.jpg?v=1605627607\" alt=\"APC D\u2019ORAN : Le wali suspend le d\u00e9l\u00e9gu\u00e9 du secteur urbain de Ha\u00ef Othmania\" title=\"APC D\u2019ORAN : Le wali suspend le d\u00e9l\u00e9gu\u00e9 du secteur urbain de Ha\u00ef Othmania\"\/><img decoding=\"async\" class=\"not-responsive\" src=\"https:\/\/www.reflexiondz.net\/photo\/art\/default\/51537206-39530960.jpg?v=1605627609\" alt=\"APC D\u2019ORAN : Le wali suspend le d\u00e9l\u00e9gu\u00e9 du secteur urbain de Ha\u00ef Othmania\" title=\"APC D\u2019ORAN : Le wali suspend le d\u00e9l\u00e9gu\u00e9 du secteur urbain de Ha\u00ef Othmania\"\/><\/a><\/div>\n<div class=\"texte access firstletter\">Suite \u00e0 l&rsquo;affaire du squat de l&rsquo;aire de d\u00e9tente de la coop\u00e9rative immobili\u00e8re El Wahda de Ha\u00ef Othmania par un particulier avec la complicit\u00e9 du d\u00e9l\u00e9gu\u00e9 du secteur urbain de Hai Othmania B.M, qui a d\u00e9livr\u00e9 des documents administratifs notamment une attestation de possession de la parcelle de terrain d&rsquo;une superficie de 160 m\u00b2 environ ainsi qu&rsquo;une autorisation de cl\u00f4ture de la parcelle dudit terrain qui se sont av\u00e9r\u00e9s non r\u00e9glementaires ,ce qui a d&rsquo;ailleurs provoquer un vaste mouvement de protestation des r\u00e9sidents de cette coop\u00e9rative immobili\u00e8re El Wahda, qui ayant d\u00e9nonc\u00e9 le squat de cet espace public, ont adress\u00e9 une correspondance au service de la wilaya d&rsquo;Oran. Une enqu\u00eate fut ouverte par les services s\u00e9curitaires de la wilaya d&rsquo;Oran .Une fois la proc\u00e9dure de l&rsquo;enqu\u00eate termin\u00e9e et\u00a0 le rapport adress\u00e9e au service du DAL, le Wali d&rsquo;Oran, M. Messaoud Djari a proc\u00e9d\u00e9 \u00e0 la suspension du d\u00e9l\u00e9gu\u00e9 du secteur urbain de Ha\u00ef Othmania B.M, pour les motifs de d\u00e9livrance de pi\u00e8ces administratives non r\u00e9glementaires.<\/div>\n<\/div>\n<p>Auteur: Medjadji Habib<br \/>\n<a href=\"https:\/\/www.reflexiondz.net\/APC-D-ORAN-Le-wali-suspend-le-delegue-du-secteur-urbain-de-Hai-Othmania_a66329.html\">Cliquez ici pour lire l&rsquo;article depuis sa source.<\/a><\/p>\n","protected":false},"excerpt":{"rendered":"<p>Suite \u00e0 l&rsquo;affaire du squat de l&rsquo;aire de d\u00e9tente de la coop\u00e9rative immobili\u00e8re El Wahda de Ha\u00ef Othmania par un particulier avec la complicit\u00e9 du d\u00e9l\u00e9gu\u00e9 du secteur urbain de Hai Othmania B.M, qui a d\u00e9livr\u00e9 des documents administratifs notamment une attestation de possession de la parcelle de terrain d&rsquo;une superficie de 160 m\u00b2 environ [&hellip;]<\/p>\n","protected":false},"author":1740,"featured_media":0,"comment_status":"closed","ping_status":"closed","sticky":false,"template":"","format":"standard","meta":{"fifu_image_url":"","fifu_image_alt":"","footnotes":""},"categories":[53,76],"tags":[],"class_list":["post-104971","post","type-post","status-publish","format-standard","hentry","category-algerie","category-regions"],"_links":{"self":[{"href":"https:\/\/linitiative.ca\/International\/wp-json\/wp\/v2\/posts\/104971","targetHints":{"allow":["GET"]}}],"collection":[{"href":"https:\/\/linitiative.ca\/International\/wp-json\/wp\/v2\/posts"}],"about":[{"href":"https:\/\/linitiative.ca\/International\/wp-json\/wp\/v2\/types\/post"}],"author":[{"embeddable":true,"href":"https:\/\/linitiative.ca\/International\/wp-json\/wp\/v2\/users\/1740"}],"replies":[{"embeddable":true,"href":"https:\/\/linitiative.ca\/International\/wp-json\/wp\/v2\/comments?post=104971"}],"version-history":[{"count":0,"href":"https:\/\/linitiative.ca\/International\/wp-json\/wp\/v2\/posts\/104971\/revisions"}],"wp:attachment":[{"href":"https:\/\/linitiative.ca\/International\/wp-json\/wp\/v2\/media?parent=104971"}],"wp:term":[{"taxonomy":"category","embeddable":true,"href":"https:\/\/linitiative.ca\/International\/wp-json\/wp\/v2\/categories?post=104971"},{"taxonomy":"post_tag","embeddable":true,"href":"https:\/\/linitiative.ca\/International\/wp-json\/wp\/v2\/tags?post=104971"}],"curies":[{"name":"wp","href":"https:\/\/api.w.org\/{rel}","templated":true}]}}