{"id":104974,"date":"2020-11-17T10:08:00","date_gmt":"2020-11-17T15:08:00","guid":{"rendered":"https:\/\/linitiative.ca\/International\/2900-souscripteurs-en-colere-a-mascara-un-retard-flagrant-dans-le-programme-aadl2\/"},"modified":"2020-11-17T10:08:00","modified_gmt":"2020-11-17T15:08:00","slug":"2900-souscripteurs-en-colere-a-mascara-un-retard-flagrant-dans-le-programme-aadl2","status":"publish","type":"post","link":"https:\/\/linitiative.ca\/International\/2900-souscripteurs-en-colere-a-mascara-un-retard-flagrant-dans-le-programme-aadl2\/","title":{"rendered":"2900 SOUSCRIPTEURS EN COLERE A MASCARA : Un retard flagrant dans le programme AADL2"},"content":{"rendered":"<p><br id=\"sep_para_1\" class=\"sep_para access\"\/><\/p>\n<div id=\"para_1\" class=\"para_39530898 resize\">\n<div class=\"photo shadow left\"><a href=\"javascript:void(0)\" rel=\"https:\/\/www.reflexiondz.net\/photo\/art\/grande\/51537127-39530898.jpg?v=1605627710&amp;ibox\" title=\"2900 SOUSCRIPTEURS EN COLERE A MASCARA : Un retard flagrant dans le programme AADL2\"><img decoding=\"async\" class=\"responsive c9\" src=\"https:\/\/www.reflexiondz.net\/photo\/art\/grande\/51537127-39530898.jpg?v=1605627710\" alt=\"2900 SOUSCRIPTEURS EN COLERE A MASCARA : Un retard flagrant dans le programme AADL2\" title=\"2900 SOUSCRIPTEURS EN COLERE A MASCARA : Un retard flagrant dans le programme AADL2\"\/><img decoding=\"async\" class=\"not-responsive\" src=\"https:\/\/www.reflexiondz.net\/photo\/art\/default\/51537127-39530898.jpg?v=1605627712\" alt=\"2900 SOUSCRIPTEURS EN COLERE A MASCARA : Un retard flagrant dans le programme AADL2\" title=\"2900 SOUSCRIPTEURS EN COLERE A MASCARA : Un retard flagrant dans le programme AADL2\"\/><\/a><\/div>\n<div class=\"texte access firstletter\">Cette situation est due, suite aux d\u00e9marches administratives ambigu\u00ebs et aux probl\u00e8mes li\u00e9s aux terrains, apr\u00e8s que les notaires, disent-ils, aient refus\u00e9 de leur \u00e9tablir les contrats, et l&rsquo;impossibilit\u00e9 d&rsquo;obtenir les cl\u00e9s de leurs logements, puisqu&rsquo;il fallait d&rsquo;abord que l&rsquo;agence r\u00e9gularise la situation des terrains sur lesquels, les logements ont \u00e9t\u00e9 construits, avant l\u2019\u00e9tablissement des contrats de location-vente. Ce qui a soulev\u00e9 alors le m\u00e9contentement des souscripteurs qui attendaient avec impatience depuis environ 8 ans, l&rsquo;instant de se voir remettre les cl\u00e9s de leurs nouveaux logements. Pourtant, les souscripteurs ont d\u00e9clar\u00e9 avoir \u00e9t\u00e9 dans un premier temps satisfaits du fait qu&rsquo;ils pouvaient obtenir les contrats de location-vente d\u00e8s la r\u00e9ception de leurs logements. Ils se sont trouv\u00e9s entre l&rsquo;enclume de l&rsquo;annulation du document de garantie et d&rsquo;engagement et le marteau des proc\u00e9dures administratives, qui leur font obstacle pour l&rsquo;obtention de leurs contrats de logement \u00e9tablis par les notaires. A cet effet, les souscripteurs interpellent les responsables, quant \u00e0 la n\u00e9cessit\u00e9 d&rsquo;intervenir et les sortir de leur accablement. Toutefois, le pr\u00e9sident de l&rsquo;association des souscripteurs AADL2 de Mascara affirme que l&rsquo;agence est revenue, sur sa d\u00e9cision pour s&rsquo;appuyer de nouveau sur le document de garantie et d&rsquo;engagement, au lieu d&rsquo;un contrat location-vente, et que les souscripteurs ont commenc\u00e9 \u00e0 se rendre, en d\u00e9but de\u00a0 semaine pass\u00e9e seulement, chez le notaire pour obtenir ledit document et les cl\u00e9s des logements. Notons qu&rsquo;il est pr\u00e9vu le 11 d\u00e9cembre prochain, la distribution de 400 logements de m\u00eame type \u00e0 Mohammadia et ce qui en reste du projet similaire r\u00e9alis\u00e9 \u00e0 Tighennif.\u00a0\u00a0<\/div>\n<\/div>\n<p>Auteur: Sahraoui Lahcene<br \/>\n<a href=\"https:\/\/www.reflexiondz.net\/2900-SOUSCRIPTEURS-EN-COLERE-A-MASCARA-Un-retard-flagrant-dans-le-programme-AADL2_a66326.html\">Cliquez ici pour lire l&rsquo;article depuis sa source.<\/a><\/p>\n","protected":false},"excerpt":{"rendered":"<p>Cette situation est due, suite aux d\u00e9marches administratives ambigu\u00ebs et aux probl\u00e8mes li\u00e9s aux terrains, apr\u00e8s que les notaires, disent-ils, aient refus\u00e9 de leur \u00e9tablir les contrats, et l&rsquo;impossibilit\u00e9 d&rsquo;obtenir les cl\u00e9s de leurs logements, puisqu&rsquo;il fallait d&rsquo;abord que l&rsquo;agence r\u00e9gularise la situation des terrains sur lesquels, les logements ont \u00e9t\u00e9 construits, avant l\u2019\u00e9tablissement des [&hellip;]<\/p>\n","protected":false},"author":1740,"featured_media":0,"comment_status":"closed","ping_status":"closed","sticky":false,"template":"","format":"standard","meta":{"fifu_image_url":"","fifu_image_alt":"","footnotes":""},"categories":[53,76],"tags":[],"class_list":["post-104974","post","type-post","status-publish","format-standard","hentry","category-algerie","category-regions"],"_links":{"self":[{"href":"https:\/\/linitiative.ca\/International\/wp-json\/wp\/v2\/posts\/104974","targetHints":{"allow":["GET"]}}],"collection":[{"href":"https:\/\/linitiative.ca\/International\/wp-json\/wp\/v2\/posts"}],"about":[{"href":"https:\/\/linitiative.ca\/International\/wp-json\/wp\/v2\/types\/post"}],"author":[{"embeddable":true,"href":"https:\/\/linitiative.ca\/International\/wp-json\/wp\/v2\/users\/1740"}],"replies":[{"embeddable":true,"href":"https:\/\/linitiative.ca\/International\/wp-json\/wp\/v2\/comments?post=104974"}],"version-history":[{"count":0,"href":"https:\/\/linitiative.ca\/International\/wp-json\/wp\/v2\/posts\/104974\/revisions"}],"wp:attachment":[{"href":"https:\/\/linitiative.ca\/International\/wp-json\/wp\/v2\/media?parent=104974"}],"wp:term":[{"taxonomy":"category","embeddable":true,"href":"https:\/\/linitiative.ca\/International\/wp-json\/wp\/v2\/categories?post=104974"},{"taxonomy":"post_tag","embeddable":true,"href":"https:\/\/linitiative.ca\/International\/wp-json\/wp\/v2\/tags?post=104974"}],"curies":[{"name":"wp","href":"https:\/\/api.w.org\/{rel}","templated":true}]}}