{"id":104993,"date":"2020-11-17T14:22:15","date_gmt":"2020-11-17T19:22:15","guid":{"rendered":"https:\/\/linitiative.ca\/International\/dialogue-politique-en-cote-divoire\/"},"modified":"2020-11-17T14:22:15","modified_gmt":"2020-11-17T19:22:15","slug":"dialogue-politique-en-cote-divoire","status":"publish","type":"post","link":"https:\/\/linitiative.ca\/International\/dialogue-politique-en-cote-divoire\/","title":{"rendered":"DIALOGUE POLITIQUE EN COTE D\u2019IVOIRE  \u00a0"},"content":{"rendered":"<div class=\"stream-item stream-item-above-post-content\">\n<p><noscript><\/p>\n<p><a href=\"\/\/www3.smartadserver.com\/ac?jump=1&amp;nwid=2136&amp;siteid=240610&amp;pgname=rg&amp;fmtid=49046&amp;visit=m&amp;tmstp=[timestamp]&amp;out=nonrich\" target=\"_blank\" rel=\"noopener noreferrer\"><img decoding=\"async\" src=\"http:\/\/www3.smartadserver.com\/ac?out=nonrich&amp;nwid=2136&amp;siteid=240610&amp;pgname=rg&amp;fmtid=49046&amp;visit=m&amp;tmstp=[timestamp]\" border=\"0\" alt=\"\"\/><\/a><\/p>\n<p><\/noscript><\/div>\n<p class=\"c3\"><em>Apr\u00e8s une pr\u00e9sidentielle fortement agit\u00e9e en raison de la r\u00e9\u00e9lection d\u2019Alassane Dramane Ouattara (ADO) pour un troisi\u00e8me mandat sur fond de d\u00e9saccord sur l\u2019interpr\u00e9tation de la loi, l\u2019on s\u2019achemine, en C\u00f4te d\u2019Ivoire, vers un dialogue politique pour sortir le pays de la crise post-\u00e9lectorale. En effet, au lendemain du scrutin du 31 octobre dernier,\u00a0 l\u2019opposition avait annonc\u00e9 la cr\u00e9ation d\u2019un Conseil national de transition (CNT) dirig\u00e9 par Henri Konan B\u00e9di\u00e9. Ce, en signe de non-reconnaissance du nouveau mandat de l\u2019enfant de Kong d\u00e9clar\u00e9 vainqueur avec un score \u00e0 la sovi\u00e9tique, d\u2019une pr\u00e9sidentielle largement boycott\u00e9e par la m\u00eame opposition qui est toujours dans la contestation. S\u2019en sont suivies des arrestations parmi ses leaders dont certains sont toujours en cavale, le pr\u00e9sident d\u00e9sign\u00e9 du fameux CNT qu\u2019est Henri Konan B\u00e9di\u00e9 ayant lui-m\u00eame fait l\u2019objet d\u2019une assignation \u00e0 r\u00e9sidence qui ne dit pas son nom, jusqu\u2019\u00e0 la rencontre du 11 novembre dernier avec\u00a0 le pr\u00e9sident Ouattara. Une rencontre de d\u00e9crispation honor\u00e9e en guise de r\u00e9ponse favorable \u00e0 la main tendue du chef de l\u2019Etat pour un dialogue.<\/em><\/p>\n<p class=\"c3\"><em>\u00a0<\/em><\/p>\n<p class=\"c4\"><strong><em>Cette initiative de dialogue est louable<\/em><\/strong><\/p>\n<p class=\"c4\"><strong><em>\u00a0<\/em><\/strong><\/p>\n<p class=\"c3\"><em>En attendant de savoir la suite que l\u2019opposition dans son ensemble va y donner, elle \u00e0 qui l\u2019interlocuteur d\u2019un soir du chef de l\u2019Etat compte \u00ab\u00a0faire le point\u00a0\u00bb, le moins que l\u2019on puisse dire, c\u2019est que cette initiative de dialogue est louable, car il faut bien sortir de la crise pour aller de l\u2019avant. Mais on peut d\u00e9plorer qu\u2019elle intervienne un peu sur le tard. Car, si les protagonistes avaient commenc\u00e9 par l\u00e0, on aurait certainement pu faire l\u2019\u00e9conomie des 85 morts que pleure aujourd\u2019hui le pays et qui risquent de passer par pertes et profits, sans oublier les centaines de bless\u00e9s et les d\u00e9g\u00e2ts mat\u00e9riels commis sur des biens publics et priv\u00e9s. Cela doit interpeller les Ivoiriens. Notamment sur le niveau de civisme, de patriotisme et de\u00a0 responsabilit\u00e9 de leur classe politique qui donne finalement l\u2019impression d\u2019avoir\u00a0 la f\u00e2cheuse tendance \u00e0 r\u00e9gler ses contradictions par la violence dans laquelle elle entra\u00eene presque syst\u00e9matiquement le peuple, pour in fine s\u2019accorder sur un modus vivendi o\u00f9 chacun essaie de tirer ses marrons du feu, en attendant de rebattre les cartes pour un nouveau gbangban*. En effet, en 2010-2011, des milliers d\u2019Ivoiriens \u00e9taient morts dans la crise post-\u00e9lectorale qui s\u2019est aussi traduite par une forte d\u00e9chirure sociale. Mais plus que le recollage du tissu social \u00e0 travers une r\u00e9conciliation qui continue de se faire attendre, la finalit\u00e9 a \u00e9t\u00e9 un rapprochement des leaders politiques \u00e0 travers la coalition au pouvoir (ADO, B\u00e9di\u00e9, Soro) qui a g\u00e9r\u00e9 le pays tout en tenant en laisse l\u2019ennemi commun d\u2019alors (le FPI), jusqu\u2019\u00e0 l\u2019\u00e9pisode de la pr\u00e9sidentielle de 2020 qui est venu \u00e0 nouveau l\u00e9zarder la maison avec les cons\u00e9quences et les d\u00e9veloppements qui ont conduit \u00e0 la situation actuelle. D\u2019o\u00f9 ce retour sous l\u2019arbre \u00e0 palabres qui se dessine \u00e0 l\u2019horizon. Une fois encore, les fr\u00e8res ennemis ivoiriens pourraient d\u2019\u00eatre appel\u00e9s \u00e0 se parler pour trouver une issue \u00e0 une crise politique. Une fois encore, cela risque de se terminer par une sorte de consensus qui consistera \u00e0 faire un peu de place au soleil \u00ab\u00a0aux grognards\u00a0\u00bb pour m\u00e9nager autant que faire se peut les susceptibilit\u00e9s.<\/em><\/p>\n<p class=\"c3\"><em>\u00a0<\/em><\/p>\n<p class=\"c4\"><strong><em>Il est temps, pour les Ivoiriens, de prendre la pleine mesure de la profonde crise que traverse leur pays et d\u2019en tirer les le\u00e7ons<\/em><\/strong><\/p>\n<p class=\"c3\"><em>\u00a0<\/em><\/p>\n<p class=\"c3\"><em>Si c\u2019est le prix \u00e0 payer pour le retour de la paix, on ne peut qu\u2019en prendre acte. Mais tout porte \u00e0 croire que quel que soit le compromis qui sera trouv\u00e9, tant que les c\u0153urs ne seront pas d\u00e9sarm\u00e9s en C\u00f4te d\u2019Ivoire, l\u2019histoire continuera de se r\u00e9p\u00e9ter de fa\u00e7on tragique dans ce pays. Mieux, l\u2019on est fond\u00e9 \u00e0 croire que les ranc\u0153urs sont si vives et les rancunes si tenaces, qu\u2019il faudra bien plus que ces petits arrangements entre politiciens et autres dispositions folkloriques plut\u00f4t bonnes pour la communaut\u00e9 internationale, pour sortir v\u00e9ritablement le pays de l\u2019impasse. Finalement, c\u2019est le peuple qui se r\u00e9v\u00e8le comme le dindon de la farce.\u00a0 Car, au bilan final de ces violences politiques, presque jamais, comme par hasard, un leader politique ne d\u00e9plorera la perte d\u2019un proche lorsque le pays commencera \u00e0 compter ses morts. Ce sera toujours, et c\u2019est loin cette fois-ci d\u2019\u00eatre un hasard, les enfants des autres qui constitueront le gros de la liste du bilan macabre. Et l\u2019histoire se r\u00e9p\u00e8tera. C\u2019est dire s\u2019il est temps, pour les Ivoiriens, de prendre la pleine mesure de la profonde crise que traverse leur pays et d\u2019en tirer les le\u00e7ons. Au-del\u00e0, c\u2019est toute la jeunesse africaine qui est appel\u00e9e \u00e0 une prise de conscience dans le combat politique dans lequel elle est souvent entra\u00een\u00e9e par ses leaders politiques. Tout le mal que l\u2019on puisse souhaiter \u00e0 la C\u00f4te d\u2019Ivoire, c\u2019est de trouver une issue heureuse \u00e0 cette nouvelle crise d\u2019envergure que traverse le pays. En attendant, au vu des d\u00e9g\u00e2ts humains qui viennent ouvrir de nouvelles\u00a0 plaies sur les cicatrices encore fra\u00eeches de 2010-2011 avec la suite que l\u2019on en sait, on a envie de rappeler cette maxime non \u00e9crite qui\u00a0 dit que \u00ab\u00a0mourir pour un homme politique, c\u2019est mourir cadeau\u00a0\u00bb, et que peinent encore \u00e0 faire leur, de nombreux Africains.<\/em><\/p>\n<p class=\"c3\"><em>\u00a0<\/em><\/p>\n<p class=\"c4\"><strong><em>\u00ab\u00a0Le Pays\u00a0\u00bb<\/em><\/strong><\/p>\n<p class=\"c4\"><strong><em>\u00a0<\/em><\/strong><\/p>\n<p class=\"c4\"><strong><em>*\u00a0Gbangban: tambouille en langage Nouchi (argot ivoirien).<\/em><\/strong><\/p>\n<p>Auteur: Le Pays<br \/>\n<a href=\"http:\/\/lepays.bf\/dialogue-politique-en-cote-divoire-3\/\">Cliquez ici pour lire l&rsquo;article depuis sa source.<\/a><\/p>\n","protected":false},"excerpt":{"rendered":"<p>Apr\u00e8s une pr\u00e9sidentielle fortement agit\u00e9e en raison de la r\u00e9\u00e9lection d\u2019Alassane Dramane Ouattara (ADO) pour un troisi\u00e8me mandat sur fond de d\u00e9saccord sur l\u2019interpr\u00e9tation de la loi, l\u2019on s\u2019achemine, en C\u00f4te d\u2019Ivoire, vers un dialogue politique pour sortir le pays de la crise post-\u00e9lectorale. En effet, au lendemain du scrutin du 31 octobre dernier,\u00a0 l\u2019opposition [&hellip;]<\/p>\n","protected":false},"author":1813,"featured_media":0,"comment_status":"closed","ping_status":"closed","sticky":false,"template":"","format":"standard","meta":{"fifu_image_url":"","fifu_image_alt":"","footnotes":""},"categories":[73,81],"tags":[],"class_list":["post-104993","post","type-post","status-publish","format-standard","hentry","category-actualite","category-burkina-faso"],"_links":{"self":[{"href":"https:\/\/linitiative.ca\/International\/wp-json\/wp\/v2\/posts\/104993","targetHints":{"allow":["GET"]}}],"collection":[{"href":"https:\/\/linitiative.ca\/International\/wp-json\/wp\/v2\/posts"}],"about":[{"href":"https:\/\/linitiative.ca\/International\/wp-json\/wp\/v2\/types\/post"}],"author":[{"embeddable":true,"href":"https:\/\/linitiative.ca\/International\/wp-json\/wp\/v2\/users\/1813"}],"replies":[{"embeddable":true,"href":"https:\/\/linitiative.ca\/International\/wp-json\/wp\/v2\/comments?post=104993"}],"version-history":[{"count":0,"href":"https:\/\/linitiative.ca\/International\/wp-json\/wp\/v2\/posts\/104993\/revisions"}],"wp:attachment":[{"href":"https:\/\/linitiative.ca\/International\/wp-json\/wp\/v2\/media?parent=104993"}],"wp:term":[{"taxonomy":"category","embeddable":true,"href":"https:\/\/linitiative.ca\/International\/wp-json\/wp\/v2\/categories?post=104993"},{"taxonomy":"post_tag","embeddable":true,"href":"https:\/\/linitiative.ca\/International\/wp-json\/wp\/v2\/tags?post=104993"}],"curies":[{"name":"wp","href":"https:\/\/api.w.org\/{rel}","templated":true}]}}