{"id":105008,"date":"2020-11-17T14:48:18","date_gmt":"2020-11-17T19:48:18","guid":{"rendered":"https:\/\/linitiative.ca\/International\/ce-que-les-deputes-proposent-pour-reduire-le-taux-de-non-possession-dactes-de-naissances-au-cameroun\/"},"modified":"2020-11-17T14:48:18","modified_gmt":"2020-11-17T19:48:18","slug":"ce-que-les-deputes-proposent-pour-reduire-le-taux-de-non-possession-dactes-de-naissances-au-cameroun","status":"publish","type":"post","link":"https:\/\/linitiative.ca\/International\/ce-que-les-deputes-proposent-pour-reduire-le-taux-de-non-possession-dactes-de-naissances-au-cameroun\/","title":{"rendered":"Ce que les d\u00e9put\u00e9s proposent pour r\u00e9duire le taux de non possession d\u2019actes de naissances au Cameroun"},"content":{"rendered":"<div readability=\"32\">\n<p>Publi\u00e9 le 17.11.2020 \u00e0 20h48 par JournalduCameroun.com<\/p>\n<\/div>\n<div readability=\"84\">\n<h2>Recommandations faites par l\u2019Assembl\u00e9e nationale \u00e0 l\u2019issue de la s\u00e9ance pl\u00e9ni\u00e8re sp\u00e9ciale de d\u00e9bats sur l\u2019\u00e9tat civil au Cameroun<\/h2>\n<p>[Texte int\u00e9gral des recommandations]<\/p>\n<h4><em>Yaound\u00e9, H\u00e9micycle de l\u2019Assembl\u00e9e Nationale, Lundi le 16 novembre 2020.<\/em><\/h4>\n<p>Les D\u00e9put\u00e9s r\u00e9unis \u00e0 l\u2019occasion de la s\u00e9ance pl\u00e9ni\u00e8re sp\u00e9ciale de d\u00e9bats sur l\u2019\u00e9tat civil et plus particuli\u00e8rement sur la probl\u00e9matique de l\u2019\u00e9tablissement des actes de naissance ;<\/p>\n<p>Apr\u00e8s avoir \u00e9cout\u00e9 les allocutions et expos\u00e9s des diff\u00e9rentes Administrations et structures concern\u00e9es ;<\/p>\n<p>Apr\u00e8s \u00e9changes, adoptent les recommandations suivantes portant sur les aspects l\u00e9gislatifs, r\u00e9glementaires et des politiques publiques :<\/p>\n<p><span class=\"c7\"><strong>SUR LE PLAN DES POLITIQUES PUBLIQUES<\/strong><\/span><\/p>\n<ul>\n<li>\u2013 La r\u00e9alisation effective et pratique de l\u2019op\u00e9ration sp\u00e9ciale de d\u00e9livrance massive des actes de naissance pr\u00e9vue en 2021 ;<\/li>\n<li>\u2013 L\u2019organisation d\u2019une campagne nationale de recensement de tous les enfants de 0 \u00e0 18 ans sans acte de naissance par commune par les maires avec l\u2019appui des pouvoirs publics et des forces vives ;<\/li>\n<li>\u2013 L\u2019organisation des campagnes nationales et locales de sensibilisation des familles et personnes sur l\u2019importance de l\u2019acte de naissance en y associant toutes les forces vives avec un accent sur la communaut\u00e9 \u00e9ducative dans les \u00e9tablissements scolaires ;<\/li>\n<li>\u2013 Pour le cas sp\u00e9cifique des d\u00e9plac\u00e9s internes (des R\u00e9gions de l\u2019extr\u00eame-nord, du Nord ouest, du Sud ouest et de l\u2019Est), la sensibilisation des autorit\u00e9s administratives (Pr\u00e9fets) sur l\u2019existence de la proc\u00e9dure de reconstitution des actes de naissance par voie administrative et ses modalit\u00e9s ;<\/li>\n<li>\u2013 L\u2019organisation d\u2019une campagne d\u2019\u00e9tablissement gratuite des jugements suppl\u00e9tifs sur le territoire national limit\u00e9 dans le temps ;<\/li>\n<li>\u2013 L\u2019introduction des modules sur l\u2019\u00e9tat civil dans les programmes scolaires, pour d\u00e9velopper l\u2019esprit civique chez les jeunes apprenants, adultes de demain ;<\/li>\n<li>\u2013 Le d\u00e9tachement aupr\u00e8s des formations sanitaires, d\u2019un point focal de la commune sp\u00e9cialement charg\u00e9 du suivi de l\u2019enregistrement des naissances ; et dans les zones rurales, l\u2019organisation interne des conseils municipaux pour faire de chaque Conseiller Municipal le point focal et de veille pour la d\u00e9claration effective des naissances dans leur aire de r\u00e9sidence ;<\/li>\n<li>\u2013 L\u2019actualisation annuelle du fichier des officiers d\u2019Etat Civil ;<\/li>\n<li>\u2013 La tenue des audiences foraines sur la reconstitution des actes de naissance limit\u00e9e dans le temps et gratuite dans tous les ressorts des Cours d\u2019Appel ;<\/li>\n<li>\u2013 La construction par l\u2019Etat des centres d\u2019\u00e9tat civil secondaires, afin d\u2019en faire de v\u00e9ritables services publics ;<\/li>\n<li>\u2013 La prise en charge du personnel des centres secondaires d\u2019\u00e9tat civil (Officiers et Secr\u00e9taires) ;<\/li>\n<li>\u2013 Le financement du sch\u00e9ma directeur de l\u2019informatisation du syst\u00e8me national de l\u2019\u00e9tat civil \u00e9valu\u00e9 \u00e0 24 milliards de francs CFA ;<\/li>\n<li>\u2013 L\u2019int\u00e9gration de la question d\u2019\u00e9tat civil dans les plans de d\u00e9veloppement des Collectivit\u00e9s Territoriales D\u00e9centralis\u00e9es ;<\/li>\n<li>\u2013 Le renforcement et la dynamisation de la plateforme de collaboration mise en place \u00e0 cet effet, et qui rassemble les acteurs institutionnels que sont le MINEDUB, le MINJUSTICE, le MINDDEVEL, et le BUNEC) ;<\/li>\n<li>\u2013 L\u2019application des R\u00e9solutions de la r\u00e9union des Chefs de Cours d\u2019Appel et de D\u00e9l\u00e9gu\u00e9s r\u00e9gionaux de l\u2019Administration P\u00e9nitentiaire des 26 et 27 octobre 2020 sur le respect des co\u00fbts de la proc\u00e9dure arr\u00eat\u00e9s par la Loi n\u00b088\/015 du 16 d\u00e9cembre 1988 fixant l\u2019assiette des \u00e9moluments des Cours et Tribunaux ;<\/li>\n<li>\u2013 L\u2019augmentation des ressources financi\u00e8res du BUNEC ;<\/li>\n<li>\u2013 La reconstitution des actes de naissance au sein des \u00e9coles primaires et maternelles apr\u00e8s recensement des enfants sans acte de naissance ;<\/li>\n<li>\u2013 La recherche d\u2019une solution d\u00e9finitive au probl\u00e8me de multiples actes de naissance par un m\u00eame individu, qui donne lieu au ph\u00e9nom\u00e8ne de double identit\u00e9 bloquant pour les citoyens ;<\/li>\n<li>\u2013 La mise en place d\u2019un num\u00e9ro vert au profit des citoyens pour d\u00e9noncer les d\u00e9rives relatives au processus d\u2019\u00e9tablissement des actes de naissance et s\u2019assurer de la gratuit\u00e9 effective.<\/li>\n<\/ul>\n<p><span class=\"c7\"><strong>SUR LE PLAN LEGISLATIF ET REGLEMENTAIRE<\/strong><\/span><\/p>\n<p>\u2013 La finalisation effective de l\u2019avant-projet de loi r\u00e9gissant l\u2019\u00e9tat civil et sa pr\u00e9sentation \u00e0 la Repr\u00e9sentation nationale ;<\/p>\n<p>\u2013 L\u2019instauration de la gratuit\u00e9 des audiences foraines et leur prise en charge par le budget de l\u2019Etat et des communes ;<\/p>\n<p>\u2013 La fixation d\u2019un co\u00fbt harmonis\u00e9 des frais li\u00e9s \u00e0 la proc\u00e9dure du jugement suppl\u00e9tif raisonnable \u00e0 d\u00e9faut de sa gratuit\u00e9 ;<br \/>\u2013 La r\u00e9vision des textes sur l\u2019\u00e9tat civil visant les objectifs ci-apr\u00e8s :<\/p>\n<ul>\n<li>1- La simplification des proc\u00e9dures de d\u00e9claration d\u2019\u00e9tablissement et de reconstitution des actes de naissance ;<\/li>\n<li>2- La p\u00e9nalisation du refus sous condition, d\u2019\u00e9tablissement des actes de naissance sur la base de d\u00e9claration valide (corruption, cadeaux en nature ou esp\u00e8ces) ;<\/li>\n<li>3- La p\u00e9nalisation des actes de r\u00e9tention des d\u00e9clarations de naissance par les responsables des formations sanitaires ;<\/li>\n<li>4- L\u2019instauration des amendes pour les parents et familles ne d\u00e9clarant pas les naissances ou ayant connaissance d\u2019une naissance non d\u00e9clar\u00e9e sans en informer les autorit\u00e9s municipales ;<\/li>\n<li>5- Le prolongement une fois de plus des d\u00e9lais li\u00e9s \u00e0 la d\u00e9claration de naissance de 90 jours \u00e0 180 jours;<\/li>\n<\/ul>\n<p>\u2013 Le Renforcement des capacit\u00e9s juridiques \u00e0 travers des s\u00e9minaires et ateliers de formation ;<\/p>\n<p>\u2013 Le transfert de toutes les comp\u00e9tences li\u00e9es \u00e0 l\u2019enregistrement des naissances au Bureau National de l\u2019Etat Civil pour une meilleure centralisation et s\u00e9curisation du syst\u00e8me national de l\u2019\u00e9tat civil :<\/p>\n<p>\u2013 Le respect du processus de d\u00e9signation des Officiers d\u2019Etat Civil qui doivent rev\u00eatir l\u2019avis pr\u00e9alable du Maire et ne concerner que les personnes r\u00e9sidents effectivement et permanemment dans l\u2019unit\u00e9 administrative concern\u00e9e ;<\/p>\n<p>\u2013 L\u2019instauration d\u2019une redevance de solidarit\u00e9 nationale au profit de l\u2019\u00e9tat civil par les salari\u00e9s du secteur public et priv\u00e9 et Elus ;<\/p>\n<p>\u2013 La mise en place d\u2019un m\u00e9canisme instaurant et codifiant une synergie d\u2019actions entre les Maires, les D\u00e9put\u00e9s et les S\u00e9nateurs, les Chefs Traditionnels et le Pouvoir Public en vue de l\u2019efficacit\u00e9 du processus d\u2019information, de sensibilisation et de reconstitution des actes de naissance.<\/p>\n<p>Pour conclure, les D\u00e9put\u00e9s s\u2019engagent \u00e0 apporter leur contribution dans le processus d\u2019information, de sensibilisation et de reconstitution d\u2019actes de naissance des enfants \u00e0 travers leurs activit\u00e9s de proximit\u00e9 sur le terrain.<\/p>\n<\/div>\n<p>Auteur: JournalduCameroun.com<br \/>\n<a href=\"https:\/\/www.journalducameroun.com\/ce-que-deputes-prop-pour-reduire-taux-non-possession-actes-de-naissances-cameroun\/\">Cliquez ici pour lire l&rsquo;article depuis sa source.<\/a><\/p>\n","protected":false},"excerpt":{"rendered":"<p>Publi\u00e9 le 17.11.2020 \u00e0 20h48 par JournalduCameroun.com Recommandations faites par l\u2019Assembl\u00e9e nationale \u00e0 l\u2019issue de la s\u00e9ance pl\u00e9ni\u00e8re sp\u00e9ciale de d\u00e9bats sur l\u2019\u00e9tat civil au Cameroun [Texte int\u00e9gral des recommandations] Yaound\u00e9, H\u00e9micycle de l\u2019Assembl\u00e9e Nationale, Lundi le 16 novembre 2020. Les D\u00e9put\u00e9s r\u00e9unis \u00e0 l\u2019occasion de la s\u00e9ance pl\u00e9ni\u00e8re sp\u00e9ciale de d\u00e9bats sur l\u2019\u00e9tat civil [&hellip;]<\/p>\n","protected":false},"author":1965,"featured_media":0,"comment_status":"closed","ping_status":"closed","sticky":false,"template":"","format":"standard","meta":{"fifu_image_url":"","fifu_image_alt":"","footnotes":""},"categories":[73,82],"tags":[],"class_list":["post-105008","post","type-post","status-publish","format-standard","hentry","category-actualite","category-cameroun"],"_links":{"self":[{"href":"https:\/\/linitiative.ca\/International\/wp-json\/wp\/v2\/posts\/105008","targetHints":{"allow":["GET"]}}],"collection":[{"href":"https:\/\/linitiative.ca\/International\/wp-json\/wp\/v2\/posts"}],"about":[{"href":"https:\/\/linitiative.ca\/International\/wp-json\/wp\/v2\/types\/post"}],"author":[{"embeddable":true,"href":"https:\/\/linitiative.ca\/International\/wp-json\/wp\/v2\/users\/1965"}],"replies":[{"embeddable":true,"href":"https:\/\/linitiative.ca\/International\/wp-json\/wp\/v2\/comments?post=105008"}],"version-history":[{"count":0,"href":"https:\/\/linitiative.ca\/International\/wp-json\/wp\/v2\/posts\/105008\/revisions"}],"wp:attachment":[{"href":"https:\/\/linitiative.ca\/International\/wp-json\/wp\/v2\/media?parent=105008"}],"wp:term":[{"taxonomy":"category","embeddable":true,"href":"https:\/\/linitiative.ca\/International\/wp-json\/wp\/v2\/categories?post=105008"},{"taxonomy":"post_tag","embeddable":true,"href":"https:\/\/linitiative.ca\/International\/wp-json\/wp\/v2\/tags?post=105008"}],"curies":[{"name":"wp","href":"https:\/\/api.w.org\/{rel}","templated":true}]}}