{"id":105012,"date":"2020-11-18T08:45:39","date_gmt":"2020-11-18T13:45:39","guid":{"rendered":"https:\/\/linitiative.ca\/International\/retour-du-sultan-premier-pas-de-geant-vers-lindependance\/"},"modified":"2020-11-18T08:45:39","modified_gmt":"2020-11-18T13:45:39","slug":"retour-du-sultan-premier-pas-de-geant-vers-lindependance","status":"publish","type":"post","link":"https:\/\/linitiative.ca\/International\/retour-du-sultan-premier-pas-de-geant-vers-lindependance\/","title":{"rendered":"Retour du Sultan : Premier pas  de g\u00e9ant vers l\u2019ind\u00e9pendance"},"content":{"rendered":"<header>\n<\/header>\n<div class=\"entry-content clearfix\" readability=\"64\"><img decoding=\"async\" class=\"post_layout_5_img\" src=\"http:\/\/aujourdhui.ma\/wp-content\/uploads\/2020\/11\/Sultan-mohammed-v.jpg\" alt=\"Retour du Sultan : Premier pas de g&#xE9;ant vers l&#x2019;ind&#xE9;pendance\"\/><\/p>\n<p><span class=\"c5\"><strong>Le 16 novembre co\u00efncide avec le retour d\u2019exil du P\u00e8re de la Nation \u00e0 la m\u00e8re patrie<\/strong><\/span><span id=\"more-360723\"\/><\/p>\n<p>La F\u00eate de l\u2019ind\u00e9pendance est un \u00e9v\u00e9nement aux multiples facettes. Il marque en effet un tournant dans l\u2019histoire contemporaine du Maroc. Un tournant qui a d\u00e9marr\u00e9 avec le retour d\u2019exil du P\u00e8re de la Nation, Feu SM Mohammed V, et des membres de l\u2019Auguste Famille Royale. Cette ann\u00e9e le Royaume comm\u00e9more le 65\u00e8me anniversaire de ce retour qui a \u00e9t\u00e9 rendu possible gr\u00e2ce \u00e0 un combat acharn\u00e9 de tous les Marocains. Tout a commenc\u00e9 lorsque les autorit\u00e9s du protectorat fran\u00e7ais ont pris une d\u00e9cision aussi absurde que hasardeuse. Le 20 ao\u00fbt 1953, le Sultan du Maroc est d\u00e9port\u00e9 d\u2019abord \u00e0 Ajaccio en Corse et ensuite \u00e0 Antsirabe \u00e0 Madagascar. Le protectorat enclenchait sans le savoir le compte \u00e0 rebours pour sa pr\u00e9sence au Maroc.<\/p>\n<p>Car le peuple marocain a men\u00e9 une lutte patriotique qui allait conna\u00eetre un d\u00e9nouement heureux, \u00e0 savoir le retour triomphal du Sultan l\u00e9gitime au Maroc. En effet, apr\u00e8s une p\u00e9riode de deux ans, deux mois et 27 jours, pass\u00e9e loin de la m\u00eame partie en raison des man\u0153uvres \u00e9trang\u00e8res, la Famille Royale regagnait le pays le 16 novembre 1955. Une date inoubliable pour des g\u00e9n\u00e9rations et des g\u00e9n\u00e9rations de Marocains car traduisant la parfaite symbiose entre le Tr\u00f4ne Alaouite et le peuple. Le retour d\u2019exil laissait entrevoir la fin des ann\u00e9es sombres du protectorat et l\u2019av\u00e8nement de l\u2019\u00e8re de la lib\u00e9ration du pays.<\/p>\n<p>Le retour \u00e9tait \u00e9galement le signe de l\u2019\u00e9chec de la tentative d\u00e9sesp\u00e9r\u00e9e du protectorat d\u2019affaiblir les liens unissant le Tr\u00f4ne et son peuple fid\u00e8le. Ainsi et apr\u00e8s un s\u00e9jour de quinze jours \u00e0 Nice et \u00e0 Saint-Germain-en-Laye, commune fran\u00e7aise situ\u00e9e \u00e0 20 km environ \u00e0 l\u2019ouest de Paris, Feu SM Mohammed V retrouvait son pays et son peuple le 16 novembre 1955. Ce retour avait \u00e9t\u00e9 c\u00e9l\u00e9br\u00e9 comme il se doit par des foules en liesse venues accueillir le P\u00e8re de la Nation et premier artisan de l\u2019ind\u00e9pendance.<\/p>\n<p>Les autorit\u00e9s fran\u00e7aises ont \u00e9t\u00e9 par la suite forc\u00e9e d\u2019engager un dialogue avec le Maroc pour mettre un terme \u00e0 un protectorat qui avait trop dur\u00e9. Le chemin a \u00e9t\u00e9 long pour le Royaume et le combat acharn\u00e9 face \u00e0 des colons d\u00e9termin\u00e9s \u00e0 rester dans un pays o\u00f9 ils n\u2019ont jamais \u00e9t\u00e9 les bienvenus. Mais face \u00e0 la d\u00e9termination du Tr\u00f4ne et de son peuple, la France n\u2019a eu d\u2019autres choix que de plier bagage et revenir de l\u00e0 o\u00f9 elle \u00e9tait venue la premi\u00e8re fois. Mais la victoire marocaine \u00e9tait \u00e9galement le signal d\u2019un nouveau d\u00e9part pour la construction d\u2019un Maroc nouveau, fier de son Histoire et r\u00e9solument tourn\u00e9 vers l\u2019avenir. Une nouvelle \u00e9pop\u00e9e venait alors juste de d\u00e9marrer pour le Roi et son peuple\u2026<\/p>\n<\/div>\n<p>Auteur: ALM<br \/>\n<a href=\"https:\/\/aujourdhui.ma\/actualite\/retour-du-sultan-premier-pas-de-geant-vers-lindependance\">Cliquez ici pour lire l&rsquo;article depuis sa source.<\/a><\/p>\n","protected":false},"excerpt":{"rendered":"<p>Le 16 novembre co\u00efncide avec le retour d\u2019exil du P\u00e8re de la Nation \u00e0 la m\u00e8re patrie La F\u00eate de l\u2019ind\u00e9pendance est un \u00e9v\u00e9nement aux multiples facettes. Il marque en effet un tournant dans l\u2019histoire contemporaine du Maroc. Un tournant qui a d\u00e9marr\u00e9 avec le retour d\u2019exil du P\u00e8re de la Nation, Feu SM Mohammed [&hellip;]<\/p>\n","protected":false},"author":1759,"featured_media":105013,"comment_status":"closed","ping_status":"closed","sticky":false,"template":"","format":"standard","meta":{"fifu_image_url":"","fifu_image_alt":"","footnotes":""},"categories":[73,54],"tags":[],"class_list":["post-105012","post","type-post","status-publish","format-standard","has-post-thumbnail","hentry","category-actualite","category-maroc"],"_links":{"self":[{"href":"https:\/\/linitiative.ca\/International\/wp-json\/wp\/v2\/posts\/105012","targetHints":{"allow":["GET"]}}],"collection":[{"href":"https:\/\/linitiative.ca\/International\/wp-json\/wp\/v2\/posts"}],"about":[{"href":"https:\/\/linitiative.ca\/International\/wp-json\/wp\/v2\/types\/post"}],"author":[{"embeddable":true,"href":"https:\/\/linitiative.ca\/International\/wp-json\/wp\/v2\/users\/1759"}],"replies":[{"embeddable":true,"href":"https:\/\/linitiative.ca\/International\/wp-json\/wp\/v2\/comments?post=105012"}],"version-history":[{"count":0,"href":"https:\/\/linitiative.ca\/International\/wp-json\/wp\/v2\/posts\/105012\/revisions"}],"wp:featuredmedia":[{"embeddable":true,"href":"https:\/\/linitiative.ca\/International\/wp-json\/"}],"wp:attachment":[{"href":"https:\/\/linitiative.ca\/International\/wp-json\/wp\/v2\/media?parent=105012"}],"wp:term":[{"taxonomy":"category","embeddable":true,"href":"https:\/\/linitiative.ca\/International\/wp-json\/wp\/v2\/categories?post=105012"},{"taxonomy":"post_tag","embeddable":true,"href":"https:\/\/linitiative.ca\/International\/wp-json\/wp\/v2\/tags?post=105012"}],"curies":[{"name":"wp","href":"https:\/\/api.w.org\/{rel}","templated":true}]}}