{"id":105022,"date":"2020-11-18T06:20:49","date_gmt":"2020-11-18T11:20:49","guid":{"rendered":"https:\/\/linitiative.ca\/International\/tunisie-usa-lancement-prochain-du-programme-compact\/"},"modified":"2020-11-18T06:20:49","modified_gmt":"2020-11-18T11:20:49","slug":"tunisie-usa-lancement-prochain-du-programme-compact","status":"publish","type":"post","link":"https:\/\/linitiative.ca\/International\/tunisie-usa-lancement-prochain-du-programme-compact\/","title":{"rendered":"Tunisie \u2013 USA : lancement prochain du programme compact"},"content":{"rendered":"<div class=\"td-post-content\">\n<h2>Le minist\u00e8re de l\u2019Economie, des finances et du soutien \u00e0 l\u2019investissement a annonc\u00e9 mardi, le<\/h2>\n<h2>lancement prochain du programme \u00ab compact \u00bb. Ce programme b\u00e9n\u00e9ficie du financement de<\/h2>\n<h2>l\u2019organisme gouvernemental am\u00e9ricain, Millenium Challenge corporation (MCC). Et ce, moyennant une<\/h2>\n<h2>enveloppe de pr\u00e8s de 400 millions de dollars ( 1150 MD). L\u2019objectif \u00e9tant soutenir le climat des affaires<\/h2>\n<h2>en Tunisie.<\/h2>\n<p>En effet, cette annonce intervient suite \u00e0 la r\u00e9union virtuelle qu\u2019a eu lundi, le ministre de l\u2019Economie et des Finances\u00a0<a href=\"http:\/\/www.leconomistemaghrebin.com\/2020\/10\/29\/ali-kooli-2021-une-annee-dangereuse\/\" target=\"_blank\" rel=\"noopener noreferrer\">Ali Kooli<\/a>\u00a0avec la vice-pr\u00e9sidente de MCC, Kyeh Kim, et des membres de la commission de pilotage du programme de coop\u00e9ration, pour examiner le lancement du programme Compact.<\/p>\n<p>Ainsi, la r\u00e9union permettait d\u2019examiner les projets retenus pour b\u00e9n\u00e9ficier du financement de MCC. Ces projets visent \u00e0 am\u00e9liorer le climat des affaires et de l\u2019investissement. Ils portent sur le transport maritime, la logistique et le d\u00e9veloppement du syst\u00e8me hydraulique.<\/p>\n<p>D\u2019ailleurs, le ministre a, \u00e0 cette occasion, not\u00e9 que l\u2019int\u00e9r\u00eat accord\u00e9 par le MCC au financement de ces projets, t\u00e9moigne des relations \u00e9troites existant entre la Tunisie et les Etats-Unis d\u2019Am\u00e9rique (USA). Et la volont\u00e9 de l\u2019Am\u00e9rique d\u2019appuyer la Tunisie, dans son processus de d\u00e9veloppement et de transition \u00e9conomique.<\/p>\n<p>Pour sa part, la vice-pr\u00e9sidente de MCC a mis en exergue les r\u00e9sultats auxquels ont abouti les deux parties. Et ce, apr\u00e8s un travail commun qui a dur\u00e9\u00a0 quatre ans. Ce travail a permis de pr\u00e9parer le programme et d\u2019avancer dans sa mise en \u0153uvre.<\/p>\n<p>Avec TAP<\/p>\n<\/div>\n<footer>\n<\/footer>\n<div class=\"wp-post-author-wrap wp-post-author-shortcode left\">\n<h3 class=\"awpa-title\"\/>\n<div class=\"wp-post-author\">\n<div class=\"awpa-img awpa-author-block square\"><a href=\"http:\/\/lexpertjournal.net\/fr\/?author=5\"><img loading=\"lazy\" decoding=\"async\" alt=\"\" src=\"http:\/\/0.gravatar.com\/avatar\/97f8e10a1c1125ba104a76514ee07b16?s=150&amp;d=mm&amp;r=g\" srcset=\"http:\/\/0.gravatar.com\/avatar\/97f8e10a1c1125ba104a76514ee07b16?s=300&amp;d=mm&amp;r=g 2x\" class=\"avatar avatar-150 photo\" height=\"150\" width=\"150\"\/><\/a><\/div>\n<\/div>\n<\/div>\n<aside class=\"mashsb-container mashsb-main mashsb-stretched\">\n<\/aside>\n<p>Auteur: L&rsquo;expert<br \/>\n<a href=\"http:\/\/lexpertjournal.net\/fr\/?p=17295\">Cliquez ici pour lire l&rsquo;article depuis sa source.<\/a><\/p>\n","protected":false},"excerpt":{"rendered":"<p>Le minist\u00e8re de l\u2019Economie, des finances et du soutien \u00e0 l\u2019investissement a annonc\u00e9 mardi, le lancement prochain du programme \u00ab compact \u00bb. Ce programme b\u00e9n\u00e9ficie du financement de l\u2019organisme gouvernemental am\u00e9ricain, Millenium Challenge corporation (MCC). Et ce, moyennant une enveloppe de pr\u00e8s de 400 millions de dollars ( 1150 MD). L\u2019objectif \u00e9tant soutenir le climat [&hellip;]<\/p>\n","protected":false},"author":1775,"featured_media":0,"comment_status":"closed","ping_status":"closed","sticky":false,"template":"","format":"standard","meta":{"fifu_image_url":"","fifu_image_alt":"","footnotes":""},"categories":[78,55],"tags":[],"class_list":["post-105022","post","type-post","status-publish","format-standard","hentry","category-economie","category-tunisie"],"_links":{"self":[{"href":"https:\/\/linitiative.ca\/International\/wp-json\/wp\/v2\/posts\/105022","targetHints":{"allow":["GET"]}}],"collection":[{"href":"https:\/\/linitiative.ca\/International\/wp-json\/wp\/v2\/posts"}],"about":[{"href":"https:\/\/linitiative.ca\/International\/wp-json\/wp\/v2\/types\/post"}],"author":[{"embeddable":true,"href":"https:\/\/linitiative.ca\/International\/wp-json\/wp\/v2\/users\/1775"}],"replies":[{"embeddable":true,"href":"https:\/\/linitiative.ca\/International\/wp-json\/wp\/v2\/comments?post=105022"}],"version-history":[{"count":0,"href":"https:\/\/linitiative.ca\/International\/wp-json\/wp\/v2\/posts\/105022\/revisions"}],"wp:attachment":[{"href":"https:\/\/linitiative.ca\/International\/wp-json\/wp\/v2\/media?parent=105022"}],"wp:term":[{"taxonomy":"category","embeddable":true,"href":"https:\/\/linitiative.ca\/International\/wp-json\/wp\/v2\/categories?post=105022"},{"taxonomy":"post_tag","embeddable":true,"href":"https:\/\/linitiative.ca\/International\/wp-json\/wp\/v2\/tags?post=105022"}],"curies":[{"name":"wp","href":"https:\/\/api.w.org\/{rel}","templated":true}]}}