{"id":105025,"date":"2020-11-18T08:03:55","date_gmt":"2020-11-18T13:03:55","guid":{"rendered":"https:\/\/linitiative.ca\/International\/hichem-mechichi-les-echanges-commerciaux-entre-la-tunisie-et-le-reste-des-pays-africains-restent-en-deca-des-attentes\/"},"modified":"2020-11-18T08:03:55","modified_gmt":"2020-11-18T13:03:55","slug":"hichem-mechichi-les-echanges-commerciaux-entre-la-tunisie-et-le-reste-des-pays-africains-restent-en-deca-des-attentes","status":"publish","type":"post","link":"https:\/\/linitiative.ca\/International\/hichem-mechichi-les-echanges-commerciaux-entre-la-tunisie-et-le-reste-des-pays-africains-restent-en-deca-des-attentes\/","title":{"rendered":"Hichem Mechichi : Les \u00e9changes commerciaux entre la Tunisie et le reste des pays africains restent en de\u00e7\u00e0 des attentes"},"content":{"rendered":"<div class=\"td-post-content\">\n<h2>Le chef du gouvernement, Hichem Mechichi a estim\u00e9, mercredi, que le volume des \u00e9changes<\/h2>\n<h2>commerciaux entre la Tunisie et le reste des pays africains demeure en de\u00e7\u00e0 des attentes, malgr\u00e9 le<\/h2>\n<h2>s potentialit\u00e9s de ce march\u00e9.<\/h2>\n<p>\u00ab M\u00eame si ces \u00e9changes ont connu une \u00e9volution remarquable ces derni\u00e8res ann\u00e9es, il n\u2019en demeure pas moins qu\u2019il est imp\u00e9ratif de conjuguer les efforts. Et ce afin de les hisser \u00e0 un niveau qui puisse refl\u00e9ter les relations exemplaires entre les pays africains \u00bb. A d\u00e9clar\u00e9 le chef du gouvernement, lors de l\u2019ouverture de Tunisia-Africa E-Business Meetings qui se tient du 18 au 20 novembre sur une plateforme \u00e9lectronique.<\/p>\n<p>D\u2019apr\u00e8s le chef du gouvernement, l\u2019adh\u00e9sion de la Tunisie, d\u00e9but 2020, au March\u00e9 commun de l\u2019Afrique orientale et australe (COMESA) lui garantira une libre circulation des marchandises et services.<\/p>\n<h2>Investir davantage<\/h2>\n<p>Et d\u2019ajouter que l\u2019accord relatif \u00e0 la zone de libre-\u00e9change continentale africaine (<a href=\"http:\/\/www.leconomistemaghrebin.com\/2020\/11\/12\/zlecaf-cea-tunisie-depot-instruments-ratification\/\" target=\"_blank\" rel=\"noopener noreferrer\">ZLECA<\/a>) facilitera les \u00e9changes des services et marchandises dans tout le continent \u00e0 partir de janvier 2021. Il permettra par la suite de mettre en place un cadre juridique. Et ce afin d\u2019encadrer les politiques li\u00e9es \u00e0 la concurrence, l\u2019investissement, la propri\u00e9t\u00e9 intellectuelle et le commerce \u00e9lectronique.<\/p>\n<p>Au regard de cette nouvelle dynamique \u00e9conomique que conna\u00eet le contient, le Chef du gouvernement a appel\u00e9 l\u2019ensemble des pays africains \u00e0 investir davantage dans ses ressources.<\/p>\n<p>S\u2019agissant de la pand\u00e9mie de la Covid-19, Mechichi a mis l\u2019accent sur la n\u00e9cessit\u00e9 d\u2019identifier et de tirer profit des opportunit\u00e9s g\u00e9n\u00e9r\u00e9es par cette crise. Et ce en misant davantage sur l\u2019investissement et l\u2019initiative priv\u00e9e.<\/p>\n<h2>Potentialit\u00e9s entre les pays africains<\/h2>\n<p>S\u2019exprimant, \u00e0 cette occasion, le ministre du Commerce et de la Promotion des investissements, Mohamed Bousaid a, pour sa part, rappel\u00e9 que la part du commerce africain dans le commerce mondial ne d\u00e9passe pas 5%, dont environ 16% du commerce intra-africain.<\/p>\n<p>Ces indicateurs, a-t-il dit, viennent confirmer que les potentialit\u00e9s entre les pays africains en mati\u00e8re de commerce demeurent inexploit\u00e9es. Le ministre a appel\u00e9, \u00e0 cet \u00e9gard, les pays \u00e0 rem\u00e9dier \u00e0\u00a0 cette situation.<\/p>\n<p>De son c\u00f4t\u00e9, le directeur g\u00e9n\u00e9ral du Centre de Promotion des Exportations de la Tunisie (<a href=\"http:\/\/www.cepex.nat.tn\/content\/accueil\" target=\"_blank\" rel=\"noopener noreferrer\">Cepex<\/a>),\u00a0<a href=\"http:\/\/www.leconomistemaghrebin.com\/2020\/10\/27\/chiheb-ben-ahmed-nouveau-pdg-du-cepex\/\" target=\"_blank\" rel=\"noopener noreferrer\">Chiheb Ben Ahmed<\/a>, a indiqu\u00e9 que 1000 op\u00e9rateurs du secteur priv\u00e9 repr\u00e9sentant la Tunisie et d\u2019autres pays africains ont particip\u00e9 \u00e0 cette conf\u00e9rence.<\/p>\n<p><em>Avec TAP<\/em><\/p>\n<\/div>\n<footer>\n<\/footer>\n<div class=\"wp-post-author-wrap wp-post-author-shortcode left\">\n<h3 class=\"awpa-title\"\/>\n<div class=\"wp-post-author\">\n<div class=\"awpa-img awpa-author-block square\"><a href=\"http:\/\/lexpertjournal.net\/fr\/?author=5\"><img loading=\"lazy\" decoding=\"async\" alt=\"\" src=\"http:\/\/0.gravatar.com\/avatar\/97f8e10a1c1125ba104a76514ee07b16?s=150&amp;d=mm&amp;r=g\" srcset=\"http:\/\/0.gravatar.com\/avatar\/97f8e10a1c1125ba104a76514ee07b16?s=300&amp;d=mm&amp;r=g 2x\" class=\"avatar avatar-150 photo\" height=\"150\" width=\"150\"\/><\/a><\/div>\n<\/div>\n<\/div>\n<aside class=\"mashsb-container mashsb-main mashsb-stretched\">\n<\/aside>\n<p>Auteur: L&rsquo;expert<br \/>\n<a href=\"http:\/\/lexpertjournal.net\/fr\/?p=17304\">Cliquez ici pour lire l&rsquo;article depuis sa source.<\/a><\/p>\n","protected":false},"excerpt":{"rendered":"<p>Le chef du gouvernement, Hichem Mechichi a estim\u00e9, mercredi, que le volume des \u00e9changes commerciaux entre la Tunisie et le reste des pays africains demeure en de\u00e7\u00e0 des attentes, malgr\u00e9 le s potentialit\u00e9s de ce march\u00e9. \u00ab M\u00eame si ces \u00e9changes ont connu une \u00e9volution remarquable ces derni\u00e8res ann\u00e9es, il n\u2019en demeure pas moins qu\u2019il [&hellip;]<\/p>\n","protected":false},"author":1775,"featured_media":0,"comment_status":"closed","ping_status":"closed","sticky":false,"template":"","format":"standard","meta":{"fifu_image_url":"","fifu_image_alt":"","footnotes":""},"categories":[78,55],"tags":[],"class_list":["post-105025","post","type-post","status-publish","format-standard","hentry","category-economie","category-tunisie"],"_links":{"self":[{"href":"https:\/\/linitiative.ca\/International\/wp-json\/wp\/v2\/posts\/105025","targetHints":{"allow":["GET"]}}],"collection":[{"href":"https:\/\/linitiative.ca\/International\/wp-json\/wp\/v2\/posts"}],"about":[{"href":"https:\/\/linitiative.ca\/International\/wp-json\/wp\/v2\/types\/post"}],"author":[{"embeddable":true,"href":"https:\/\/linitiative.ca\/International\/wp-json\/wp\/v2\/users\/1775"}],"replies":[{"embeddable":true,"href":"https:\/\/linitiative.ca\/International\/wp-json\/wp\/v2\/comments?post=105025"}],"version-history":[{"count":0,"href":"https:\/\/linitiative.ca\/International\/wp-json\/wp\/v2\/posts\/105025\/revisions"}],"wp:attachment":[{"href":"https:\/\/linitiative.ca\/International\/wp-json\/wp\/v2\/media?parent=105025"}],"wp:term":[{"taxonomy":"category","embeddable":true,"href":"https:\/\/linitiative.ca\/International\/wp-json\/wp\/v2\/categories?post=105025"},{"taxonomy":"post_tag","embeddable":true,"href":"https:\/\/linitiative.ca\/International\/wp-json\/wp\/v2\/tags?post=105025"}],"curies":[{"name":"wp","href":"https:\/\/api.w.org\/{rel}","templated":true}]}}