{"id":105028,"date":"2020-11-18T09:34:00","date_gmt":"2020-11-18T14:34:00","guid":{"rendered":"https:\/\/linitiative.ca\/International\/larmee-apprehende-un-deuxieme-terroriste-en-provenance-du-mali\/"},"modified":"2020-11-18T09:34:00","modified_gmt":"2020-11-18T14:34:00","slug":"larmee-apprehende-un-deuxieme-terroriste-en-provenance-du-mali","status":"publish","type":"post","link":"https:\/\/linitiative.ca\/International\/larmee-apprehende-un-deuxieme-terroriste-en-provenance-du-mali\/","title":{"rendered":"L\u2019arm\u00e9e appr\u00e9hende un deuxi\u00e8me terroriste en provenance du Mali"},"content":{"rendered":"<div id=\"originalText\" readability=\"72\">\n<p>Des \u00e9l\u00e9ments sp\u00e9cialis\u00e9s de l\u2019arm\u00e9e alg\u00e9rienne ont mis la main, lundi, sur un deuxi\u00e8me terroriste faisant partie du groupe des 200 djihadistes lib\u00e9r\u00e9s au Mali en \u00e9change de la lib\u00e9ration de trois otages, dont une activiste humanitaire fran\u00e7aise, et le versement d\u2019une forte ran\u00e7on.<\/p>\n<p>\u00ab\u00a0Les services sp\u00e9cialis\u00e9s du Minist\u00e8re de la D\u00e9fense Nationale ont appr\u00e9hend\u00e9, le 16 novembre 2020, \u00e0 Timiaouine, dans la wilaya de Tamanrasset, en 6\u00e8me R\u00e9gion Militaire, le terroriste El Hocine Ould Amar Ould Maghnia, dit \u00abMa\u00efs\u00bb\u00a0\u00bb, a indiqu\u00e9 le MDN dans un communiqu\u00e9 rendu public ce mercredi, pr\u00e9cisant que \u00a0\u00ab\u00a0ledit criminel, \u00e2g\u00e9 de 32 ans, a \u00e9t\u00e9 arr\u00eat\u00e9 apr\u00e8s un minutieux suivi de ses mouvements douteux, d\u00e8s son entr\u00e9e en territoire national\u00a0\u00bb, et qu\u2019\u00a0\u00abil compte parmi ceux qui ont b\u00e9n\u00e9fici\u00e9 de l\u2019accord ayant abouti, apr\u00e8s des n\u00e9gociations conduites par des parties \u00e9trang\u00e8res, \u00e0 la lib\u00e9ration par les autorit\u00e9s maliennes de plus de (200) terroristes le mois d\u2019octobre \u00e9coul\u00e9, et ce, en plus du versement d\u2019une importante ran\u00e7on au profit des groupes terroristes, en \u00e9change de la lib\u00e9ration de trois otages\u00a0\u00bb.<\/p>\n<p>Le MDN, qui consid\u00e8re que \u00abcet exploit vient confirmer, une nouvelle fois, la d\u00e9termination des unit\u00e9s de l\u2019Arm\u00e9e Nationale Populaire \u00e0 poursuivre leurs r\u00e9alisations dans le domaine de la lutte antiterroriste\u00a0\u00bb, d\u00e9nonce, sur un autre plan, les \u00ab\u00a0 pratiques douteuses, contraires aux r\u00e9solutions onusiennes incriminant le versement de ran\u00e7ons aux groupes terroristes\u00a0\u00bb.<\/p>\n<p class=\"c6\"><strong>R\u00e9daction Web<\/strong><\/p>\n<\/div>\n<div id=\"text_core\" readability=\"72\">\n<p>Des \u00e9l\u00e9ments sp\u00e9cialis\u00e9s de l\u2019arm\u00e9e alg\u00e9rienne ont mis la main, lundi, sur un deuxi\u00e8me terroriste faisant partie du groupe des 200 djihadistes lib\u00e9r\u00e9s au Mali en \u00e9change de la lib\u00e9ration de trois otages, dont une activiste humanitaire fran\u00e7aise, et le versement d\u2019une forte ran\u00e7on.<\/p>\n<p>\u00ab\u00a0Les services sp\u00e9cialis\u00e9s du Minist\u00e8re de la D\u00e9fense Nationale ont appr\u00e9hend\u00e9, le 16 novembre 2020, \u00e0 Timiaouine, dans la wilaya de Tamanrasset, en 6\u00e8me R\u00e9gion Militaire, le terroriste El Hocine Ould Amar Ould Maghnia, dit \u00abMa\u00efs\u00bb\u00a0\u00bb, a indiqu\u00e9 le MDN dans un communiqu\u00e9 rendu public ce mercredi, pr\u00e9cisant que \u00a0\u00ab\u00a0ledit criminel, \u00e2g\u00e9 de 32 ans, a \u00e9t\u00e9 arr\u00eat\u00e9 apr\u00e8s un minutieux suivi de ses mouvements douteux, d\u00e8s son entr\u00e9e en territoire national\u00a0\u00bb, et qu\u2019\u00a0\u00abil compte parmi ceux qui ont b\u00e9n\u00e9fici\u00e9 de l\u2019accord ayant abouti, apr\u00e8s des n\u00e9gociations conduites par des parties \u00e9trang\u00e8res, \u00e0 la lib\u00e9ration par les autorit\u00e9s maliennes de plus de (200) terroristes le mois d\u2019octobre \u00e9coul\u00e9, et ce, en plus du versement d\u2019une importante ran\u00e7on au profit des groupes terroristes, en \u00e9change de la lib\u00e9ration de trois otages\u00a0\u00bb.<\/p>\n<p>Le MDN, qui consid\u00e8re que \u00abcet exploit vient confirmer, une nouvelle fois, la d\u00e9termination des unit\u00e9s de l\u2019Arm\u00e9e Nationale Populaire \u00e0 poursuivre leurs r\u00e9alisations dans le domaine de la lutte antiterroriste\u00a0\u00bb, d\u00e9nonce, sur un autre plan, les \u00ab\u00a0 pratiques douteuses, contraires aux r\u00e9solutions onusiennes incriminant le versement de ran\u00e7ons aux groupes terroristes\u00a0\u00bb.<\/p>\n<p class=\"c6\"><strong>R\u00e9daction Web<\/strong><\/p>\n<\/div>\n<p>Auteur:<br \/>\n<a href=\"https:\/\/www.liberte-algerie.com\/actualite\/larmee-apprehende-un-deuxieme-terroriste-en-provenance-du-mali-349240\">Cliquez ici pour lire l&rsquo;article depuis sa source.<\/a><\/p>\n","protected":false},"excerpt":{"rendered":"<p>Des \u00e9l\u00e9ments sp\u00e9cialis\u00e9s de l\u2019arm\u00e9e alg\u00e9rienne ont mis la main, lundi, sur un deuxi\u00e8me terroriste faisant partie du groupe des 200 djihadistes lib\u00e9r\u00e9s au Mali en \u00e9change de la lib\u00e9ration de trois otages, dont une activiste humanitaire fran\u00e7aise, et le versement d\u2019une forte ran\u00e7on. \u00ab\u00a0Les services sp\u00e9cialis\u00e9s du Minist\u00e8re de la D\u00e9fense Nationale ont appr\u00e9hend\u00e9, [&hellip;]<\/p>\n","protected":false},"author":1742,"featured_media":0,"comment_status":"closed","ping_status":"closed","sticky":false,"template":"","format":"standard","meta":{"fifu_image_url":"","fifu_image_alt":"","footnotes":""},"categories":[73,53],"tags":[],"class_list":["post-105028","post","type-post","status-publish","format-standard","hentry","category-actualite","category-algerie"],"_links":{"self":[{"href":"https:\/\/linitiative.ca\/International\/wp-json\/wp\/v2\/posts\/105028","targetHints":{"allow":["GET"]}}],"collection":[{"href":"https:\/\/linitiative.ca\/International\/wp-json\/wp\/v2\/posts"}],"about":[{"href":"https:\/\/linitiative.ca\/International\/wp-json\/wp\/v2\/types\/post"}],"author":[{"embeddable":true,"href":"https:\/\/linitiative.ca\/International\/wp-json\/wp\/v2\/users\/1742"}],"replies":[{"embeddable":true,"href":"https:\/\/linitiative.ca\/International\/wp-json\/wp\/v2\/comments?post=105028"}],"version-history":[{"count":0,"href":"https:\/\/linitiative.ca\/International\/wp-json\/wp\/v2\/posts\/105028\/revisions"}],"wp:attachment":[{"href":"https:\/\/linitiative.ca\/International\/wp-json\/wp\/v2\/media?parent=105028"}],"wp:term":[{"taxonomy":"category","embeddable":true,"href":"https:\/\/linitiative.ca\/International\/wp-json\/wp\/v2\/categories?post=105028"},{"taxonomy":"post_tag","embeddable":true,"href":"https:\/\/linitiative.ca\/International\/wp-json\/wp\/v2\/tags?post=105028"}],"curies":[{"name":"wp","href":"https:\/\/api.w.org\/{rel}","templated":true}]}}