{"id":105031,"date":"2020-11-18T12:00:00","date_gmt":"2020-11-18T17:00:00","guid":{"rendered":"https:\/\/linitiative.ca\/International\/les-avocats-du-general-toufik-optimistes\/"},"modified":"2020-11-18T12:00:00","modified_gmt":"2020-11-18T17:00:00","slug":"les-avocats-du-general-toufik-optimistes","status":"publish","type":"post","link":"https:\/\/linitiative.ca\/International\/les-avocats-du-general-toufik-optimistes\/","title":{"rendered":"Les avocats du g\u00e9n\u00e9ral Toufik optimistes"},"content":{"rendered":"<div id=\"originalText\" readability=\"127\">\n<p>Me Khaled Bourayou, avocat du g\u00e9n\u00e9ral Mohamed Medi\u00e8ne, dit Toufik, observe \u00ab avec optimisme la perspective du renvoi\u00a0\u00bb devant la Cour d\u2019appel militaire de Blida de l\u2019affaire dans laquelle est poursuivi son client pour notamment\u00a0\u00abcomplot contre une formation militaire\u00bb.<\/p>\n<p>La Cour supr\u00eame a d\u00e9cid\u00e9, en effet, ce mercredi, d\u2019annuler les premiers jugements rendus par le tribunal militaire de Blida, dans l\u2019affaire des deux ex-patrons du renseignement, Mohamed Medi\u00e8ne, dit Toufik, et\u00a0 Bachir Tartag, la SG du PT Louisa Hanoune, et l\u2019ex conseiller \u00e0 la pr\u00e9sidence de la r\u00e9publique, Sa\u00efd\u00a0 Bouteflika, et de reprogrammer le proc\u00e8s toujours \u00e0 la Cour militaire de Blida, avec cependant une nouvelle composante d\u2019officiers magistrats.<\/p>\n<p>\u00abJe pense que le pourvoi est m\u00e9rit\u00e9. J\u2019esp\u00e8re que le renvoi\u00a0 se fera dans des conditions meilleures qui peuvent permettre \u00e0 la d\u00e9fense de travailler tranquillement et dans une ambiance objective\u00bb, a indiqu\u00e9 Me\u00a0 Bourayou dans une d\u00e9claration \u00e0 Libert\u00e9 Web.\u00a0<\/p>\n<p>En esp\u00e9rant que \u00abl\u2019issue du proc\u00e8s sera autre que celle qui a \u00e9t\u00e9 cass\u00e9e par la\u00a0 Cour supr\u00eame\u00bb, l\u2019avocat du g\u00e9n\u00e9ral Toufik a rappel\u00e9 que \u00abla pression qui a entour\u00e9 ce proc\u00e8s n\u2019a pas permis une appr\u00e9ciation objective\u00bb.\u00a0<\/p>\n<p>Surtout, ajoute-t-il, que \u00ab les faits ne tiennent pas la route\u00bb.\u00a0<\/p>\n<p>\u00abCe proc\u00e8s a plus tenu compte de la pression qu\u2019il y avait au moment de son d\u00e9roulement. Je suis persuad\u00e9 qu\u2019aujourd\u2019hui l\u2019atmosph\u00e8re s\u2019est am\u00e9lior\u00e9e \u00bb, estime Me\u00a0 Bourayou, qui voit ainsi en\u00a0 la d\u00e9cision de la Cour supr\u00eame \u00ab\u00a0 la meilleure preuve qu\u2019elle n\u2019a pas re\u00e7u de pressions \u00bb, et croit pouvoir esp\u00e9rer que \u00ab ce proc\u00e8s sortira avec la v\u00e9rit\u00e9 qu\u2019il n\u2019y a pas eu de complot contre l\u2019Etat \u00bb.\u00a0<\/p>\n<p>De son c\u00f4t\u00e9, Me Farouk Ksentini a consid\u00e9r\u00e9, dans une autre d\u00e9claration \u00e0 Libert\u00e9 Web, \u00a0que la d\u00e9cision de la Cour supr\u00eame \u00ab\u00a0va dans le sens du droit et de l\u2019application de la loi\u00a0\u00bb, et se dit \u00aboptimiste\u00bb, comme \u00a0\u00able contenu du dossier se pr\u00eate \u00e0 l\u2019optimisme\u00a0\u00bb.\u00a0<\/p>\n<p>Il s\u2019explique\u00a0: \u00ab Nous avons d\u2019abord plaid\u00e9 en premi\u00e8re instance et en appel l\u2019incomp\u00e9tence mat\u00e9rielle de la juridiction militaire, compte tenu de la qualit\u00e9 des pr\u00e9venus qui n\u2019ont rien de militaire et de l\u2019endroit de la rencontre qui rel\u00e8ve de la Pr\u00e9sidence de la r\u00e9publique, et qui n\u2019a donc lui aussi rien de militaire\u00a0\u00bb.<\/p>\n<p>Il pr\u00e9cise ensuite que \u00ab\u00a0les faits imput\u00e9s au g\u00e9n\u00e9ral Toufik n\u2019\u00e9taient pas r\u00e9unis dans leurs \u00e9l\u00e9ments constitutifs, \u00e0 savoir \u00a0complot contre une formation militaire \u00bb. \u00a0<\/p>\n<p>\u00ab\u00a0Est-ce que l\u2019on peut concevoir que l\u2019ancien vice-ministre de la d\u00e9fense et chef d\u2019\u00e9tat-major de l\u2019arm\u00e9e puisse \u00eatre assimil\u00e9 \u00e0 une formation militaire ? C\u2019est grotesque !\u00a0 Une formation militaire peut \u00eatre assimil\u00e9e \u00e0 une caserne ou \u00e0 un bataillon\u00a0\u00bb, argumente-t-il.<\/p>\n<p>Il ajoute, \u00e0 propos, qu\u2019 \u00ab \u00e9mettre des avis lors d\u2019une r\u00e9union sur une situation politique donn\u00e9e, ce n\u2019est pas comploter contre l\u2019Etat\u00a0\u00bb, que \u00abtout le monde a le droit d\u2019avoir une opinion, de souhaiter ou de sugg\u00e9rer le nom d\u2019un potentiel candidat \u00e0 la Pr\u00e9sidence\u00bb, et que \u00abce n\u2019est pas un crime si chacun des participants \u00e0 la rencontre a donn\u00e9 un nom. Il n\u2019y a rien de plus naturel\u00a0\u00bb.<\/p>\n<p>Et de conclure\u00a0: \u00ab\u00a0En tout cas, cela n\u2019a rien de r\u00e9pr\u00e9hensible, ni sur le plan p\u00e9nal ni sur le plan moral\u00bb.<\/p>\n<p>Pour rappel, les quatre\u00a0 accus\u00e9s de \u00abcomplot contre l\u2019autorit\u00e9 de l\u2019arm\u00e9e\u00bb avaient \u00e9cop\u00e9s de 15 ans de prison ferme en septembre 2019. Lors du proc\u00e8s en appel, en f\u00e9vrier 2020, la m\u00eame peine a \u00e9t\u00e9 reconduite pour les deux anciens chefs du renseignement et pour le fr\u00e8re cadet de l\u2019ex pr\u00e9sident d\u00e9chu, alors que la secr\u00e9taire g\u00e9n\u00e9rale du parti des travailleurs avait vu sa peine r\u00e9duite \u00e0 3 ans de prison dont 9 mois ferme. Elle avait quitt\u00e9 la prison\u00a0 de Blida le jour m\u00eame, soir le 10 f\u00e9vrier 2020.<\/p>\n<p class=\"c6\"><strong>Mehdi Mehenni<\/strong><\/p>\n<\/div>\n<div id=\"text_core\" readability=\"127\">\n<p>Me Khaled Bourayou, avocat du g\u00e9n\u00e9ral Mohamed Medi\u00e8ne, dit Toufik, observe \u00ab avec optimisme la perspective du renvoi\u00a0\u00bb devant la Cour d\u2019appel militaire de Blida de l\u2019affaire dans laquelle est poursuivi son client pour notamment\u00a0\u00abcomplot contre une formation militaire\u00bb.<\/p>\n<p>La Cour supr\u00eame a d\u00e9cid\u00e9, en effet, ce mercredi, d\u2019annuler les premiers jugements rendus par le tribunal militaire de Blida, dans l\u2019affaire des deux ex-patrons du renseignement, Mohamed Medi\u00e8ne, dit Toufik, et\u00a0 Bachir Tartag, la SG du PT Louisa Hanoune, et l\u2019ex conseiller \u00e0 la pr\u00e9sidence de la r\u00e9publique, Sa\u00efd\u00a0 Bouteflika, et de reprogrammer le proc\u00e8s toujours \u00e0 la Cour militaire de Blida, avec cependant une nouvelle composante d\u2019officiers magistrats.<\/p>\n<p>\u00abJe pense que le pourvoi est m\u00e9rit\u00e9. J\u2019esp\u00e8re que le renvoi\u00a0 se fera dans des conditions meilleures qui peuvent permettre \u00e0 la d\u00e9fense de travailler tranquillement et dans une ambiance objective\u00bb, a indiqu\u00e9 Me\u00a0 Bourayou dans une d\u00e9claration \u00e0 Libert\u00e9 Web.\u00a0<\/p>\n<p>En esp\u00e9rant que \u00abl\u2019issue du proc\u00e8s sera autre que celle qui a \u00e9t\u00e9 cass\u00e9e par la\u00a0 Cour supr\u00eame\u00bb, l\u2019avocat du g\u00e9n\u00e9ral Toufik a rappel\u00e9 que \u00abla pression qui a entour\u00e9 ce proc\u00e8s n\u2019a pas permis une appr\u00e9ciation objective\u00bb.\u00a0<\/p>\n<p>Surtout, ajoute-t-il, que \u00ab les faits ne tiennent pas la route\u00bb.\u00a0<\/p>\n<p>\u00abCe proc\u00e8s a plus tenu compte de la pression qu\u2019il y avait au moment de son d\u00e9roulement. Je suis persuad\u00e9 qu\u2019aujourd\u2019hui l\u2019atmosph\u00e8re s\u2019est am\u00e9lior\u00e9e \u00bb, estime Me\u00a0 Bourayou, qui voit ainsi en\u00a0 la d\u00e9cision de la Cour supr\u00eame \u00ab\u00a0 la meilleure preuve qu\u2019elle n\u2019a pas re\u00e7u de pressions \u00bb, et croit pouvoir esp\u00e9rer que \u00ab ce proc\u00e8s sortira avec la v\u00e9rit\u00e9 qu\u2019il n\u2019y a pas eu de complot contre l\u2019Etat \u00bb.\u00a0<\/p>\n<p>De son c\u00f4t\u00e9, Me Farouk Ksentini a consid\u00e9r\u00e9, dans une autre d\u00e9claration \u00e0 Libert\u00e9 Web, \u00a0que la d\u00e9cision de la Cour supr\u00eame \u00ab\u00a0va dans le sens du droit et de l\u2019application de la loi\u00a0\u00bb, et se dit \u00aboptimiste\u00bb, comme \u00a0\u00able contenu du dossier se pr\u00eate \u00e0 l\u2019optimisme\u00a0\u00bb.\u00a0<\/p>\n<p>Il s\u2019explique\u00a0: \u00ab Nous avons d\u2019abord plaid\u00e9 en premi\u00e8re instance et en appel l\u2019incomp\u00e9tence mat\u00e9rielle de la juridiction militaire, compte tenu de la qualit\u00e9 des pr\u00e9venus qui n\u2019ont rien de militaire et de l\u2019endroit de la rencontre qui rel\u00e8ve de la Pr\u00e9sidence de la r\u00e9publique, et qui n\u2019a donc lui aussi rien de militaire\u00a0\u00bb.<\/p>\n<p>Il pr\u00e9cise ensuite que \u00ab\u00a0les faits imput\u00e9s au g\u00e9n\u00e9ral Toufik n\u2019\u00e9taient pas r\u00e9unis dans leurs \u00e9l\u00e9ments constitutifs, \u00e0 savoir \u00a0complot contre une formation militaire \u00bb. \u00a0<\/p>\n<p>\u00ab\u00a0Est-ce que l\u2019on peut concevoir que l\u2019ancien vice-ministre de la d\u00e9fense et chef d\u2019\u00e9tat-major de l\u2019arm\u00e9e puisse \u00eatre assimil\u00e9 \u00e0 une formation militaire ? C\u2019est grotesque !\u00a0 Une formation militaire peut \u00eatre assimil\u00e9e \u00e0 une caserne ou \u00e0 un bataillon\u00a0\u00bb, argumente-t-il.<\/p>\n<p>Il ajoute, \u00e0 propos, qu\u2019 \u00ab \u00e9mettre des avis lors d\u2019une r\u00e9union sur une situation politique donn\u00e9e, ce n\u2019est pas comploter contre l\u2019Etat\u00a0\u00bb, que \u00abtout le monde a le droit d\u2019avoir une opinion, de souhaiter ou de sugg\u00e9rer le nom d\u2019un potentiel candidat \u00e0 la Pr\u00e9sidence\u00bb, et que \u00abce n\u2019est pas un crime si chacun des participants \u00e0 la rencontre a donn\u00e9 un nom. Il n\u2019y a rien de plus naturel\u00a0\u00bb.<\/p>\n<p>Et de conclure\u00a0: \u00ab\u00a0En tout cas, cela n\u2019a rien de r\u00e9pr\u00e9hensible, ni sur le plan p\u00e9nal ni sur le plan moral\u00bb.<\/p>\n<p>Pour rappel, les quatre\u00a0 accus\u00e9s de \u00abcomplot contre l\u2019autorit\u00e9 de l\u2019arm\u00e9e\u00bb avaient \u00e9cop\u00e9s de 15 ans de prison ferme en septembre 2019. Lors du proc\u00e8s en appel, en f\u00e9vrier 2020, la m\u00eame peine a \u00e9t\u00e9 reconduite pour les deux anciens chefs du renseignement et pour le fr\u00e8re cadet de l\u2019ex pr\u00e9sident d\u00e9chu, alors que la secr\u00e9taire g\u00e9n\u00e9rale du parti des travailleurs avait vu sa peine r\u00e9duite \u00e0 3 ans de prison dont 9 mois ferme. Elle avait quitt\u00e9 la prison\u00a0 de Blida le jour m\u00eame, soir le 10 f\u00e9vrier 2020.<\/p>\n<p class=\"c6\"><strong>Mehdi Mehenni<\/strong><\/p>\n<\/div>\n<p>Auteur:<br \/>\n<a href=\"https:\/\/www.liberte-algerie.com\/actualite\/les-avocats-du-general-toufik-optimistes-349243\">Cliquez ici pour lire l&rsquo;article depuis sa source.<\/a><\/p>\n","protected":false},"excerpt":{"rendered":"<p>Me Khaled Bourayou, avocat du g\u00e9n\u00e9ral Mohamed Medi\u00e8ne, dit Toufik, observe \u00ab avec optimisme la perspective du renvoi\u00a0\u00bb devant la Cour d\u2019appel militaire de Blida de l\u2019affaire dans laquelle est poursuivi son client pour notamment\u00a0\u00abcomplot contre une formation militaire\u00bb. La Cour supr\u00eame a d\u00e9cid\u00e9, en effet, ce mercredi, d\u2019annuler les premiers jugements rendus par le [&hellip;]<\/p>\n","protected":false},"author":1742,"featured_media":0,"comment_status":"closed","ping_status":"closed","sticky":false,"template":"","format":"standard","meta":{"fifu_image_url":"","fifu_image_alt":"","footnotes":""},"categories":[73,53],"tags":[],"class_list":["post-105031","post","type-post","status-publish","format-standard","hentry","category-actualite","category-algerie"],"_links":{"self":[{"href":"https:\/\/linitiative.ca\/International\/wp-json\/wp\/v2\/posts\/105031","targetHints":{"allow":["GET"]}}],"collection":[{"href":"https:\/\/linitiative.ca\/International\/wp-json\/wp\/v2\/posts"}],"about":[{"href":"https:\/\/linitiative.ca\/International\/wp-json\/wp\/v2\/types\/post"}],"author":[{"embeddable":true,"href":"https:\/\/linitiative.ca\/International\/wp-json\/wp\/v2\/users\/1742"}],"replies":[{"embeddable":true,"href":"https:\/\/linitiative.ca\/International\/wp-json\/wp\/v2\/comments?post=105031"}],"version-history":[{"count":0,"href":"https:\/\/linitiative.ca\/International\/wp-json\/wp\/v2\/posts\/105031\/revisions"}],"wp:attachment":[{"href":"https:\/\/linitiative.ca\/International\/wp-json\/wp\/v2\/media?parent=105031"}],"wp:term":[{"taxonomy":"category","embeddable":true,"href":"https:\/\/linitiative.ca\/International\/wp-json\/wp\/v2\/categories?post=105031"},{"taxonomy":"post_tag","embeddable":true,"href":"https:\/\/linitiative.ca\/International\/wp-json\/wp\/v2\/tags?post=105031"}],"curies":[{"name":"wp","href":"https:\/\/api.w.org\/{rel}","templated":true}]}}