{"id":105032,"date":"2020-11-18T10:45:34","date_gmt":"2020-11-18T15:45:34","guid":{"rendered":"https:\/\/linitiative.ca\/International\/inauguration-a-essaouira-dune-antenne-du-cri\/"},"modified":"2020-11-18T10:45:34","modified_gmt":"2020-11-18T15:45:34","slug":"inauguration-a-essaouira-dune-antenne-du-cri","status":"publish","type":"post","link":"https:\/\/linitiative.ca\/International\/inauguration-a-essaouira-dune-antenne-du-cri\/","title":{"rendered":"Inauguration \u00e0 Essaouira d\u2019une antenne du CRI"},"content":{"rendered":"<div readability=\"37\">\n<p>Essaouira- La ville d\u2019Essaouira vient de se doter d\u2019une Antenne du Centre R\u00e9gional d\u2019Investissement (CRI) de Marrakech-Safi, dont la c\u00e9r\u00e9monie d\u2019inauguration officielle a eu lieu, mardi, au si\u00e8ge de la pr\u00e9fecture de la province.<\/p>\n<\/div>\n<div readability=\"165\">\n<p>Cette c\u00e9r\u00e9monie, pr\u00e9sid\u00e9e par le gouverneur de la province d\u2019Essaouira, M. Adil El Maliki, a \u00e9t\u00e9 rehauss\u00e9e par la pr\u00e9sence de M. Andr\u00e9 Azoulay, Conseiller de SM le Roi et Pr\u00e9sident-Fondateur de l\u2019Association\u00a0Essaouira-Mogador, ainsi que de MM. Hamid Bentahar, pr\u00e9sident du Conseil R\u00e9gional du Tourisme (CRT) de Marrakech-Safi, Moulay Lhassan Hbid, Pr\u00e9sident de l\u2019Universit\u00e9 Cadi Ayyad, Mouhcine Chafai El Alaoui et Redwane Khanne, respectivement d\u00e9l\u00e9gu\u00e9 provincial du tourisme et pr\u00e9sident du Conseil provincial du tourisme, Tarik Ottmani, vice-pr\u00e9sident du conseil communal, Hassan Zaaboul, vice-pr\u00e9sident du conseil provincial, de chefs des services ext\u00e9rieurs, de repr\u00e9sentants des autorit\u00e9s locales et d\u2019autres personnalit\u00e9s.<\/p>\n<p>Dans un mot de circonstance, M. El Maliki s\u2019est f\u00e9licit\u00e9 de l\u2019ouverture de cette Antenne du CRI \u00e0\u00a0Essaouira, qui dispose de tous les atouts pour attirer davantage d\u2019investissements et consolider la dynamique multisectorielle qu\u2019elle conna\u00eet, ajoutant que cette repr\u00e9sentation, qui sera dirig\u00e9e par Mme Amal Bouizzem, constitue, \u00e0 n\u2019en point douter, une valeur ajout\u00e9e inestimable pour renforcer l\u2019attractivit\u00e9 de la province.<\/p>\n<p>Le gouverneur a aussi insist\u00e9 sur la n\u00e9cessit\u00e9, en cette phase actuelle, d\u2019acc\u00e9l\u00e9rer la cadence en termes d\u2019actions concr\u00e8tes \u00e0 m\u00eame d\u2019\u00eatre g\u00e9n\u00e9ratrices de nouvelles richesses et d\u2019emplois au niveau de la province dans divers domaines, en mettant \u00e0 profit les potentialit\u00e9s dont regorge\u00a0Essaouira\u00a0et l\u2019engagement du CRI en tant que partie prenante dans la r\u00e9alisation de nombreux projets structurants en cours ou \u00e0 venir.<\/p>\n<p>M. El Maliki a, en conclusion, \u00e9mis le souhait de voir dans les semaines et mois \u00e0 venir les fruits tr\u00e8s attendus de ces efforts constants d\u00e9ploy\u00e9s \u00e0 l\u2019\u00e9chelle provinciale en mati\u00e8re d\u2019investissements.<\/p>\n<p>Lors de cette c\u00e9r\u00e9monie, \u00e0 laquelle a pris part \u00e9galement le Directeur du P\u00f4le Impulsion \u00e9conomique et Offre territoriale au CRI de Marrakech-Safi, M. Mohamed Amine Sabibi, le Directeur du Centre R\u00e9gional d\u2019Investissement, M. Yassine Mseffer, a pr\u00e9sent\u00e9 un expos\u00e9 exhaustif au cours duquel il a mis en relief l\u2019importance de l\u2019ouverture de l\u2019antenne du CRI \u00e0\u00a0Essaouira, soulignant qu\u2019il s\u2019agit d\u2019une pr\u00e9sence \u00ab\u00a0logique et indispensable\u00a0\u00bb dans une province qui regorge de formidables potentialit\u00e9s et atouts et offre des opportunit\u00e9s importantes d\u2019investissement dans tous les domaines.<\/p>\n<p>Mettant en avant les investissements publics importants et les projets structurants men\u00e9s ou ceux \u00e0 venir \u00e0\u00a0Essaouira, M. Mseffer a aussi pass\u00e9 en revue les principales nouvelles missions assign\u00e9es aux CRI, dont celles de guichet unique de traitement des dossiers d\u2019investissement de bout en bout, d\u2019accompagnement des PME\/TPE notamment celles en difficult\u00e9, ainsi que de promotion territoriale et d\u2019impulsion de l\u2019investissement.<\/p>\n<p>Il a, en outre, abord\u00e9 la composition, les attributions et les domaines d\u2019intervention de la nouvelle Commission R\u00e9gionale Unifi\u00e9e d\u2019Investissement (CRUI) qui se substitue \u00e0 l\u2019ensemble des anciennes commissions territoriales intervenant dans l\u2019investissement, ainsi que la nouvelle plate-forme d\u2019investissement \u00ab\u00a0CRI-INVEST.MA\u00a0\u00bb et le plan d\u2019action du CRI pour la province d\u2019Essaouira\u00a0(datas, planification et marketing territorial).<\/p>\n<p>Dans une d\u00e9claration \u00e0 la MAP \u00e0 l\u2019issue de cette c\u00e9r\u00e9monie, M. Mseffer a fait part de son immense joie de l\u2019ouverture d\u2019une Antenne du CRI de Marrakech-Safi \u00e0\u00a0Essaouira, ajoutant que cette ouverture est \u00ab\u00a0tr\u00e8s importante et repr\u00e9sente un juste retour des choses\u00a0\u00bb, puisque la province d\u2019Essaouira\u00a0constitue une v\u00e9ritable terre pleine d\u2019\u00e9normes opportunit\u00e9s d\u2019investissements producteurs de valeurs, de richesses et d\u2019emplois.<\/p>\n<p>\u00ab\u00a0Nous venons ici pour accompagner cette forte dynamique que l\u2019on retrouve dans les r\u00e9centes nouvelles tr\u00e8s encourageantes pour la ville et la province d\u2019Essaouira, que ce soit avec les industries cr\u00e9atives, la mobilit\u00e9 durable, l\u2019innovation et l\u2019incubation\u00a0\u00bb, a-t-il expliqu\u00e9.<\/p>\n<p>\u00ab\u00a0Nous assistons aujourd\u2019hui \u00e0 une v\u00e9ritable dynamique que nous voulons accompagner : il y a beaucoup d\u2019investissements qui peuvent \u00eatre mis en place et accompagn\u00e9s\u00a0\u00bb, s\u2019est-il r\u00e9joui, notant que le CRI de Marrakech-Safi \u00ab\u00a0se fera fort \u00e0 travers son Antenne locale \u00e0\u00a0Essaouira\u00a0en vue d\u2019accompagner l\u2019investisseur, d\u2019un c\u00f4t\u00e9, et la province, de l\u2019autre, dans l\u2019\u00e9mergence d\u2019une v\u00e9ritable offre territoriale int\u00e9gr\u00e9e porteuse de grands succ\u00e8s\u00a0\u00bb.<\/p>\n<p>Dans une d\u00e9claration similaire, la directrice de l\u2019antenne d\u2019Essaouira\u00a0du CRI de Marrakech-Safi, Mme Amal Bouizzem, a soulign\u00e9 que l\u2019ouverture de cette repr\u00e9sentation du CRI \u00ab\u00a0ne constitue pas un choix fortuit mais bien calcul\u00e9\u00a0\u00bb, \u00e9tant donn\u00e9 l\u2019importance que joue\u00a0Essaouira\u00a0qui est la cible des investisseurs, sans oublier les investissements que son positionnement strat\u00e9gique peut attirer.<\/p>\n<p>\u00ab\u00a0Aujourd\u2019hui,\u00a0Essaouira\u00a0est tr\u00e8s diverse dans son potentiel qui va de l\u2019agriculture, notamment les plantes aromatiques et m\u00e9dicinales, jusqu\u2019\u00e0 l\u2019\u00e9conomie du savoir, avec plusieurs projets structurants inclus dans le Plan de D\u00e9veloppement R\u00e9gional et que nous comptons bien accompagner\u00a0\u00bb, a affirm\u00e9 Mme Bouizzem.<\/p>\n<p>Et de conclure que le CRI, \u00e0 travers l\u2019ouverture de cette Antenne locale, \u00ab\u00a0affirme sa volont\u00e9 et son ferme engagement pour assurer non seulement l\u2019accompagnement des investisseurs d\u00e9sireux de s\u2019implanter \u00e0\u00a0Essaouira\u00a0et qui sont d\u00e9j\u00e0 s\u00e9duits par la ville, mais aussi pour promouvoir la r\u00e9gion, aider tous les acteurs et partenaires potentiels et les accompagner dans la d\u00e9finition de la strat\u00e9gie de promotion des investissements, faire conna\u00eetre davantage\u00a0Essaouira\u00a0et contribuer \u00e0 son rayonnement p\u00e9renne\u00a0\u00bb.<\/p>\n<\/div>\n<p>Auteur: Mohammed KOURSI<br \/>\n<a href=\"http:\/\/www.mapmarrakech.ma\/fr\/inauguration-a-essaouira-dune-antenne-du-cri\/\">Cliquez ici pour lire l&rsquo;article depuis sa source.<\/a><\/p>\n","protected":false},"excerpt":{"rendered":"<p>Essaouira- La ville d\u2019Essaouira vient de se doter d\u2019une Antenne du Centre R\u00e9gional d\u2019Investissement (CRI) de Marrakech-Safi, dont la c\u00e9r\u00e9monie d\u2019inauguration officielle a eu lieu, mardi, au si\u00e8ge de la pr\u00e9fecture de la province. Cette c\u00e9r\u00e9monie, pr\u00e9sid\u00e9e par le gouverneur de la province d\u2019Essaouira, M. Adil El Maliki, a \u00e9t\u00e9 rehauss\u00e9e par la pr\u00e9sence de [&hellip;]<\/p>\n","protected":false},"author":1788,"featured_media":0,"comment_status":"closed","ping_status":"closed","sticky":false,"template":"","format":"standard","meta":{"fifu_image_url":"","fifu_image_alt":"","footnotes":""},"categories":[54,76],"tags":[],"class_list":["post-105032","post","type-post","status-publish","format-standard","hentry","category-maroc","category-regions"],"_links":{"self":[{"href":"https:\/\/linitiative.ca\/International\/wp-json\/wp\/v2\/posts\/105032","targetHints":{"allow":["GET"]}}],"collection":[{"href":"https:\/\/linitiative.ca\/International\/wp-json\/wp\/v2\/posts"}],"about":[{"href":"https:\/\/linitiative.ca\/International\/wp-json\/wp\/v2\/types\/post"}],"author":[{"embeddable":true,"href":"https:\/\/linitiative.ca\/International\/wp-json\/wp\/v2\/users\/1788"}],"replies":[{"embeddable":true,"href":"https:\/\/linitiative.ca\/International\/wp-json\/wp\/v2\/comments?post=105032"}],"version-history":[{"count":0,"href":"https:\/\/linitiative.ca\/International\/wp-json\/wp\/v2\/posts\/105032\/revisions"}],"wp:attachment":[{"href":"https:\/\/linitiative.ca\/International\/wp-json\/wp\/v2\/media?parent=105032"}],"wp:term":[{"taxonomy":"category","embeddable":true,"href":"https:\/\/linitiative.ca\/International\/wp-json\/wp\/v2\/categories?post=105032"},{"taxonomy":"post_tag","embeddable":true,"href":"https:\/\/linitiative.ca\/International\/wp-json\/wp\/v2\/tags?post=105032"}],"curies":[{"name":"wp","href":"https:\/\/api.w.org\/{rel}","templated":true}]}}