{"id":105037,"date":"2020-11-18T13:22:56","date_gmt":"2020-11-18T18:22:56","guid":{"rendered":"https:\/\/linitiative.ca\/International\/le-budget-2021-de-laref-depasse-2-milliards-de-dh\/"},"modified":"2020-11-18T13:22:56","modified_gmt":"2020-11-18T18:22:56","slug":"le-budget-2021-de-laref-depasse-2-milliards-de-dh","status":"publish","type":"post","link":"https:\/\/linitiative.ca\/International\/le-budget-2021-de-laref-depasse-2-milliards-de-dh\/","title":{"rendered":"Le budget 2021 de l\u2019AREF d\u00e9passe 2 milliards de DH"},"content":{"rendered":"<div readability=\"35\">\n<p>Marrakech- Le budget de l\u2019Acad\u00e9mie R\u00e9gionale d\u2019Education et de Formation (AREF) de Marrakech-Safi au titre de l\u2019ann\u00e9e 2021 s\u2019\u00e9l\u00e8ve \u00e0 les 2.433.377.000 DH, selon les donn\u00e9es de l\u2019AREF.<\/p>\n<\/div>\n<div readability=\"66\">\n<p>Ce budget comprend quelque 1.941.646.000 DH d\u00e9di\u00e9s au fonctionnement, dont 596.387.000 DH comme salaires des cadres de ladite acad\u00e9mie, et 1.345.259.000 DH consacr\u00e9s \u00e0 l\u2019\u00e9quipement et aux diff\u00e9rentes autres d\u00e9penses, pr\u00e9cise-t-on la m\u00eame source.<\/p>\n<p>Quant au second volet de budget de l\u2019AREF, il concerne l\u2019investissement, avec quelque 491.731.000 DH sans compter les cr\u00e9dits d\u2019engagement (le niveau autoris\u00e9 des d\u00e9penses ult\u00e9rieures via les empreints, qui s\u2019\u00e9l\u00e8ve \u00e0 393.222.000 DH).<\/p>\n<p>Cette importante enveloppe budg\u00e9taire est allou\u00e9e notamment, pour r\u00e9pondre aux besoins sp\u00e9cifiques de la r\u00e9gion qui couvre un espace g\u00e9ographique tr\u00e8s \u00e9tendu et mettre en \u0153uvre les chantiers ouverts visant \u00e0 renforcer l\u2019offre \u00e9ducative et \u00e0 fournir les conditions optimales pour la r\u00e9ussite du syst\u00e8me \u00e9ducatif \u00e0 l\u2019\u00e9chelon r\u00e9gional, tient \u00e0 expliquer l\u2019AREF.<\/p>\n<p>A cet \u00e9gard, l\u2019AREF de\u00a0Marrakech-Safi tiendra, le 5 d\u00e9cembre prochain, une r\u00e9union de son Conseil d\u2019administration, qui sera consacr\u00e9 \u00e0 la pr\u00e9sentation et \u00e0 l\u2019adoption du projet du plan r\u00e9gional de mise en application de la loi-cadre et du projet du plan d\u2019action r\u00e9gional pluriannuel 2021-2023.<\/p>\n<p>L\u2019ordre du jour de cette session comprendra \u00e9galement les projets du plan d\u2019action et du budget de l\u2019Acad\u00e9mie au titre de l\u2019ann\u00e9e 2021, ainsi que le projet de r\u00e8glement interne mod\u00e8le inh\u00e9rent aux \u00e9tablissements scolaires publics, qui comprend la \u00ab\u00a0Charte de l\u2019\u00e9l\u00e8ve\u00a0\u00bb.<\/p>\n<\/div>\n<p>Auteur: Mohammed KOURSI<br \/>\n<a href=\"http:\/\/www.mapmarrakech.ma\/fr\/le-budget-2021-de-laref-depasse-2-milliards-de-dh\/\">Cliquez ici pour lire l&rsquo;article depuis sa source.<\/a><\/p>\n","protected":false},"excerpt":{"rendered":"<p>Marrakech- Le budget de l\u2019Acad\u00e9mie R\u00e9gionale d\u2019Education et de Formation (AREF) de Marrakech-Safi au titre de l\u2019ann\u00e9e 2021 s\u2019\u00e9l\u00e8ve \u00e0 les 2.433.377.000 DH, selon les donn\u00e9es de l\u2019AREF. Ce budget comprend quelque 1.941.646.000 DH d\u00e9di\u00e9s au fonctionnement, dont 596.387.000 DH comme salaires des cadres de ladite acad\u00e9mie, et 1.345.259.000 DH consacr\u00e9s \u00e0 l\u2019\u00e9quipement et aux [&hellip;]<\/p>\n","protected":false},"author":1788,"featured_media":0,"comment_status":"closed","ping_status":"closed","sticky":false,"template":"","format":"standard","meta":{"fifu_image_url":"","fifu_image_alt":"","footnotes":""},"categories":[54,76],"tags":[],"class_list":["post-105037","post","type-post","status-publish","format-standard","hentry","category-maroc","category-regions"],"_links":{"self":[{"href":"https:\/\/linitiative.ca\/International\/wp-json\/wp\/v2\/posts\/105037","targetHints":{"allow":["GET"]}}],"collection":[{"href":"https:\/\/linitiative.ca\/International\/wp-json\/wp\/v2\/posts"}],"about":[{"href":"https:\/\/linitiative.ca\/International\/wp-json\/wp\/v2\/types\/post"}],"author":[{"embeddable":true,"href":"https:\/\/linitiative.ca\/International\/wp-json\/wp\/v2\/users\/1788"}],"replies":[{"embeddable":true,"href":"https:\/\/linitiative.ca\/International\/wp-json\/wp\/v2\/comments?post=105037"}],"version-history":[{"count":0,"href":"https:\/\/linitiative.ca\/International\/wp-json\/wp\/v2\/posts\/105037\/revisions"}],"wp:attachment":[{"href":"https:\/\/linitiative.ca\/International\/wp-json\/wp\/v2\/media?parent=105037"}],"wp:term":[{"taxonomy":"category","embeddable":true,"href":"https:\/\/linitiative.ca\/International\/wp-json\/wp\/v2\/categories?post=105037"},{"taxonomy":"post_tag","embeddable":true,"href":"https:\/\/linitiative.ca\/International\/wp-json\/wp\/v2\/tags?post=105037"}],"curies":[{"name":"wp","href":"https:\/\/api.w.org\/{rel}","templated":true}]}}