{"id":105039,"date":"2020-11-18T11:04:17","date_gmt":"2020-11-18T16:04:17","guid":{"rendered":"https:\/\/linitiative.ca\/International\/agrumiculture-3-questions-au-directeur-regional-de-lagriculture\/"},"modified":"2020-11-18T11:04:17","modified_gmt":"2020-11-18T16:04:17","slug":"agrumiculture-3-questions-au-directeur-regional-de-lagriculture","status":"publish","type":"post","link":"https:\/\/linitiative.ca\/International\/agrumiculture-3-questions-au-directeur-regional-de-lagriculture\/","title":{"rendered":"Agrumiculture : 3 questions au directeur r\u00e9gional de l\u2019Agriculture"},"content":{"rendered":"<p class=\"c4\">Dans un entretien accord\u00e9 \u00e0 la Map, le directeur r\u00e9gional de l\u2019Agriculture de l\u2019Oriental, Mohamed Bousfoul, \u00e9galement directeur de l\u2019Office r\u00e9gional de mise en valeur agricole de la Moulouya (ORMVAM), met l\u2019accent sur l\u2019importance socio-\u00e9conomique de la fili\u00e8re agrumicole dans le p\u00e9rim\u00e8tre irrigu\u00e9 de la Moulouya (province de Berkne), et sur les efforts d\u00e9ploy\u00e9s pour d\u00e9velopper et booster cette culture.<\/p>\n<p class=\"c4\"><strong>1- Quels sont les atouts de la fili\u00e8re agrumicole dans le p\u00e9rim\u00e8tre de la Moulouya ?<\/strong><\/p>\n<p class=\"c4\">Le p\u00e9rim\u00e8tre de la Moulouya jouit de grandes potentialit\u00e9s en mati\u00e8re de production d\u2019agrumes, surtout que cette culture occupe une superficie de pr\u00e8s de 22.000 hectares avec une production qui peut atteindre cette ann\u00e9e quelque 415.000 tonnes, soit une hausse d\u2019environ 17 pc par rapport \u00e0 la saison pr\u00e9c\u00e9dente.<\/p>\n<p class=\"c4\">De m\u00eame, d\u2019importants \u00e9quipements et structures en \u00e9t\u00e9 mis en place pour accompagner le d\u00e9veloppement de cette fili\u00e8re, en l\u2019occurrence 21 stations d\u2019emballage et 23 stations de conditionnement.<\/p>\n<p class=\"c4\">Ces stations travaillent d\u2019arrache-pied pour entourer la production de l\u2019int\u00e9r\u00eat requis et r\u00e9unir toutes les conditions n\u00e9cessaires pour assurer une bonne commercialisation, notamment \u00e0 l\u2019\u00e9chelon international.<\/p>\n<p class=\"c4\">Jusqu\u2019\u00e0 pr\u00e9sent, la quantit\u00e9 d\u2019agrumes export\u00e9e est en pleine \u00e9volution et d\u00e9passe le volume export\u00e9 \u00e0 la m\u00eame date lors de la saison pr\u00e9c\u00e9dente.<\/p>\n<p class=\"c4\">Il faut dire aussi que le secteur agrumicole dans cette r\u00e9gion procure un revenu annuel brut de pr\u00e8s de 600 millions de dirhams et permet la cr\u00e9ation de plus de deux millions de journ\u00e9es de travail par an.<\/p>\n<p class=\"c4\"><strong>2- Quelles sont les mesures prises pour r\u00e9ussir la saison agrumicole compte tenu des conditions exceptionnelles li\u00e9es au Covid-19 et de la raret\u00e9 des pr\u00e9cipitations ?<\/strong><\/p>\n<p class=\"c4\">Conscients de l\u2019importance socio-\u00e9conomique de cette fili\u00e8re et vu que cette saison se d\u00e9roule dans conditions exceptionnelles engendr\u00e9es par l\u2019\u00e9pid\u00e9mie du nouveau coronavirus, que conna\u00eet la r\u00e9gion en particulier, et le Maroc en g\u00e9n\u00e9ral, nous avons pris une s\u00e9rie de mesures anti-covid.<\/p>\n<p class=\"c4\">Ces mesures pr\u00e9ventives ont \u00e9t\u00e9 mises en application en parfaite coordination avec les autorit\u00e9s provinciales et les diff\u00e9rents intervenants dans le secteur, \u00e0 savoir la chambre d\u2019agriculture, les professionnels et les propri\u00e9taires des fermes et des stations d\u2019emballage et de conditionnement, avec pour objectif principal d\u2019endiguer la propagation du virus et pr\u00e9server la sant\u00e9 des travailleurs dans cette fili\u00e8re.<\/p>\n<p class=\"c4\">Par ailleurs, des efforts soutenus ont \u00e9t\u00e9 d\u00e9ploy\u00e9s pour la rationalisation et la valorisation de l\u2019eau d\u2019irrigation dans cette fili\u00e8re, et le p\u00e9rim\u00e8tre de la Moulouya compte \u00e0 pr\u00e9sent 17.000 ha \u00e9quip\u00e9s en syst\u00e8me d\u2019irrigation localis\u00e9e.<\/p>\n<p class=\"c4\">Aussi, les producteurs d\u2019agrumes ont b\u00e9n\u00e9fici\u00e9 d\u2019une op\u00e9ration de distribution de plus 81.000 quintaux d\u2019engrais azot\u00e9s mis \u00e0 leur disposition par l\u2019Etat, en plus des actions men\u00e9es en vue d\u2019inciter les agriculteurs \u00e0 utiliser de nouvelles techniques et moyens aux diff\u00e9rents stades afin de booster le rendement en termes de quantit\u00e9 et de qualit\u00e9.<\/p>\n<p class=\"c4\"><strong>3- La fili\u00e8re des agrumes a b\u00e9n\u00e9fici\u00e9 d\u2019un grand int\u00e9r\u00eat dans le cadre du Plan Maroc Vert. Quel regard portez-vous sur les acquis et les performances actuelles?<\/strong><\/p>\n<p class=\"c4\">Tout d\u2019abord, il faut souligner la hausse de la superficie r\u00e9serv\u00e9e aux agrumes et l\u2019\u00e9volution remarquable de la production qui est pass\u00e9 de 20 ou 25 tonnes par hectare pour atteindre environ 50 tonnes dans des fermes qui adoptent des techniques modernes et valorisantes.<\/p>\n<p class=\"c4\">Les exportations du p\u00e9rim\u00e8tre irrigu\u00e9 de la Moulouya ne cessent aussi d\u2019enregistrer des r\u00e9sultats prometteurs et les march\u00e9s destinataires sont notamment la Russie, le Canada et l\u2019Europe. Les cl\u00e9mentines de Berkane sont connues pour leur bonne qualit\u00e9 et leur r\u00e9putation \u00e0 l\u2019\u00e9chelon national et international.<\/p>\n<p class=\"c4\">Certes, les efforts devront se poursuivre \u00e0 plusieurs niveaux (organisation, exportation, transformation, \u2026) pour d\u00e9velopper davantage cette fili\u00e8re et accro\u00eetre sa rentabilit\u00e9, et ce avec la participation des diff\u00e9rents acteurs concern\u00e9s.<\/p>\n<p>Auteur: Soufiane ELAHMAR<br \/>\n<a href=\"http:\/\/www.mapoujda.ma\/fr\/agrumiculture-3-questions-au-directeur-regional-de-lagriculture\/\">Cliquez ici pour lire l&rsquo;article depuis sa source.<\/a><\/p>\n","protected":false},"excerpt":{"rendered":"<p>Dans un entretien accord\u00e9 \u00e0 la Map, le directeur r\u00e9gional de l\u2019Agriculture de l\u2019Oriental, Mohamed Bousfoul, \u00e9galement directeur de l\u2019Office r\u00e9gional de mise en valeur agricole de la Moulouya (ORMVAM), met l\u2019accent sur l\u2019importance socio-\u00e9conomique de la fili\u00e8re agrumicole dans le p\u00e9rim\u00e8tre irrigu\u00e9 de la Moulouya (province de Berkne), et sur les efforts d\u00e9ploy\u00e9s pour [&hellip;]<\/p>\n","protected":false},"author":1788,"featured_media":0,"comment_status":"closed","ping_status":"closed","sticky":false,"template":"","format":"standard","meta":{"fifu_image_url":"","fifu_image_alt":"","footnotes":""},"categories":[54,76],"tags":[],"class_list":["post-105039","post","type-post","status-publish","format-standard","hentry","category-maroc","category-regions"],"_links":{"self":[{"href":"https:\/\/linitiative.ca\/International\/wp-json\/wp\/v2\/posts\/105039","targetHints":{"allow":["GET"]}}],"collection":[{"href":"https:\/\/linitiative.ca\/International\/wp-json\/wp\/v2\/posts"}],"about":[{"href":"https:\/\/linitiative.ca\/International\/wp-json\/wp\/v2\/types\/post"}],"author":[{"embeddable":true,"href":"https:\/\/linitiative.ca\/International\/wp-json\/wp\/v2\/users\/1788"}],"replies":[{"embeddable":true,"href":"https:\/\/linitiative.ca\/International\/wp-json\/wp\/v2\/comments?post=105039"}],"version-history":[{"count":0,"href":"https:\/\/linitiative.ca\/International\/wp-json\/wp\/v2\/posts\/105039\/revisions"}],"wp:attachment":[{"href":"https:\/\/linitiative.ca\/International\/wp-json\/wp\/v2\/media?parent=105039"}],"wp:term":[{"taxonomy":"category","embeddable":true,"href":"https:\/\/linitiative.ca\/International\/wp-json\/wp\/v2\/categories?post=105039"},{"taxonomy":"post_tag","embeddable":true,"href":"https:\/\/linitiative.ca\/International\/wp-json\/wp\/v2\/tags?post=105039"}],"curies":[{"name":"wp","href":"https:\/\/api.w.org\/{rel}","templated":true}]}}